{"id":28833,"date":"2021-10-26T19:08:30","date_gmt":"2021-10-26T17:08:30","guid":{"rendered":"http:\/\/centralmedia.rs\/?p=28833"},"modified":"2021-11-03T14:42:43","modified_gmt":"2021-11-03T13:42:43","slug":"prijave-za-besplatne-programe-u-svilajnacu","status":"publish","type":"post","link":"https:\/\/centralmedia.rs\/index.php\/2021\/10\/26\/prijave-za-besplatne-programe-u-svilajnacu\/","title":{"rendered":"PRIJAVE ZA BESPLATNE PROGRAME U SVILAJNACU"},"content":{"rendered":"<p>SVILAJNAC- U okviru projekta SVILAJN\u010cANI NA PRVOM MESTU, KORISNI\u010cKI CENTAR OP\u0160TINE SVILAJNAC organizuje besplatne programe, i to:<\/p>\n<p>KOREKTIVNU GIMNASTIKU- za decu uzrasta od 7 do 15 godina<\/p>\n<p>\u0160KOLICU SPORTA- za decu uzrasta od 5 do 11 godina<\/p>\n<p>AEROBIK I JOGU<\/p>\n<p>Besplatni programi se realizuju od 8. novembra.<\/p>\n<p>Prijave se vr\u0161e do 4. novembra u Korisni\u010dkom centru, u ulici 27. marta 2, svakog radnog dana od 8.00 &#8211; 16.00.<\/p>\n<p>Detaljne informacije mo\u017eete dobiti pozivom Korisni\u010dkog centra 035\/312-311 i 065\/312-311-1<\/p>\n<div id='gallery-1' class='gallery galleryid-28833 gallery-columns-4 gallery-size-thumbnail'><figure class='gallery-item'>\n\t\t\t<div class='gallery-icon landscape'>\n\t\t\t\t<a href='https:\/\/centralmedia.rs\/index.php\/2021\/10\/26\/prijave-za-besplatne-programe-u-svilajnacu\/korisnicki-centar1\/'><img loading=\"lazy\" decoding=\"async\" width=\"150\" height=\"150\" src=\"https:\/\/centralmedia.rs\/wp-content\/uploads\/2021\/10\/KORISNICKI-CENTAR1-150x150.jpg\" class=\"attachment-thumbnail size-thumbnail\" alt=\"\" \/><\/a>\n\t\t\t<\/div><\/figure><figure class='gallery-item'>\n\t\t\t<div class='gallery-icon landscape'>\n\t\t\t\t<a href='https:\/\/centralmedia.rs\/index.php\/2021\/10\/26\/prijave-za-besplatne-programe-u-svilajnacu\/korisnicki-centar2\/'><img loading=\"lazy\" decoding=\"async\" width=\"150\" height=\"150\" src=\"https:\/\/centralmedia.rs\/wp-content\/uploads\/2021\/10\/KORISNICKI-CENTAR2-150x150.jpg\" class=\"attachment-thumbnail size-thumbnail\" alt=\"\" \/><\/a>\n\t\t\t<\/div><\/figure><figure class='gallery-item'>\n\t\t\t<div class='gallery-icon portrait'>\n\t\t\t\t<a href='https:\/\/centralmedia.rs\/index.php\/2021\/10\/26\/prijave-za-besplatne-programe-u-svilajnacu\/korisnicki-centar3\/'><img loading=\"lazy\" decoding=\"async\" width=\"150\" height=\"150\" src=\"https:\/\/centralmedia.rs\/wp-content\/uploads\/2021\/10\/KORISNICKI-CENTAR3-150x150.jpg\" class=\"attachment-thumbnail size-thumbnail\" alt=\"\" \/><\/a>\n\t\t\t<\/div><\/figure><figure class='gallery-item'>\n\t\t\t<div class='gallery-icon landscape'>\n\t\t\t\t<a href='https:\/\/centralmedia.rs\/index.php\/2021\/10\/26\/prijave-za-besplatne-programe-u-svilajnacu\/korisnicki-centar-3\/'><img loading=\"lazy\" decoding=\"async\" width=\"150\" height=\"150\" src=\"https:\/\/centralmedia.rs\/wp-content\/uploads\/2021\/10\/KORISNICKI-CENTAR-150x150.jpg\" class=\"attachment-thumbnail size-thumbnail\" alt=\"\" \/><\/a>\n\t\t\t<\/div><\/figure>\n\t\t<\/div>\n\n","protected":false},"excerpt":{"rendered":"<p>SVILAJNAC- U okviru projekta SVILAJN\u010cANI NA PRVOM MESTU, KORISNI\u010cKI CENTAR OP\u0160TINE SVILAJNAC organizuje besplatne programe, i to: KOREKTIVNU GIMNASTIKU- za decu uzrasta od 7 do &hellip; <\/p>\n","protected":false},"author":2,"featured_media":28834,"comment_status":"open","ping_status":"open","sticky":false,"template":"","format":"standard","meta":{"footnotes":""},"categories":[1524,2,887,16,12,1517],"tags":[5416,2671,38],"_links":{"self":[{"href":"https:\/\/centralmedia.rs\/index.php\/wp-json\/wp\/v2\/posts\/28833"}],"collection":[{"href":"https:\/\/centralmedia.rs\/index.php\/wp-json\/wp\/v2\/posts"}],"about":[{"href":"https:\/\/centralmedia.rs\/index.php\/wp-json\/wp\/v2\/types\/post"}],"author":[{"embeddable":true,"href":"https:\/\/centralmedia.rs\/index.php\/wp-json\/wp\/v2\/users\/2"}],"replies":[{"embeddable":true,"href":"https:\/\/centralmedia.rs\/index.php\/wp-json\/wp\/v2\/comments?post=28833"}],"version-history":[{"count":1,"href":"https:\/\/centralmedia.rs\/index.php\/wp-json\/wp\/v2\/posts\/28833\/revisions"}],"predecessor-version":[{"id":28838,"href":"https:\/\/centralmedia.rs\/index.php\/wp-json\/wp\/v2\/posts\/28833\/revisions\/28838"}],"wp:featuredmedia":[{"embeddable":true,"href":"https:\/\/centralmedia.rs\/index.php\/wp-json\/wp\/v2\/media\/28834"}],"wp:attachment":[{"href":"https:\/\/centralmedia.rs\/index.php\/wp-json\/wp\/v2\/media?parent=28833"}],"wp:term":[{"taxonomy":"category","embeddable":true,"href":"https:\/\/centralmedia.rs\/index.php\/wp-json\/wp\/v2\/categories?post=28833"},{"taxonomy":"post_tag","embeddable":true,"href":"https:\/\/centralmedia.rs\/index.php\/wp-json\/wp\/v2\/tags?post=28833"}],"curies":[{"name":"wp","href":"https:\/\/api.w.org\/{rel}","templated":true}]}}