{"id":28839,"date":"2021-10-26T19:26:35","date_gmt":"2021-10-26T17:26:35","guid":{"rendered":"http:\/\/centralmedia.rs\/?p=28839"},"modified":"2022-01-04T17:29:54","modified_gmt":"2022-01-04T16:29:54","slug":"parastos-zrtvama-revolucionarnog-terora-komunista-u-jagodini-od-oktobra-1944","status":"publish","type":"post","link":"https:\/\/centralmedia.rs\/index.php\/2021\/10\/26\/parastos-zrtvama-revolucionarnog-terora-komunista-u-jagodini-od-oktobra-1944\/","title":{"rendered":"PARASTOS \u017dRTVAMA REVOLUCIONARNOG TERORA KOMUNISTA U JAGODINI OD OKTOBRA 1944"},"content":{"rendered":"<p>JAGODINA- U porti crkve Pokrova Presvete Bogorodice na Streli\u0161tu u Jagodini odr\u017ean parastos nevinim \u017ertvama revolucionarnog terora lokalnih partizana i komunista, te\u00a0 delova 15. Udarne kraji\u0161ke sastavljene od Srba i Hrvata, koji su iz usta\u0161a pre\u0161li u partizane 1943. Venac na Spomenik \u017ertvama revolucionarnog terora pro\u0161log petka su polo\u017eili predstavnici Prave Srbije,POKS, Nacionalne odbrane Levijatan, Zavetnika i Ravnogorskog pokreta.<\/p>\n<div id='gallery-1' class='gallery galleryid-28839 gallery-columns-5 gallery-size-thumbnail'><figure class='gallery-item'>\n\t\t\t<div class='gallery-icon landscape'>\n\t\t\t\t<a href='https:\/\/centralmedia.rs\/index.php\/2021\/10\/26\/parastos-zrtvama-revolucionarnog-terora-komunista-u-jagodini-od-oktobra-1944\/komusticki-teror\/'><img loading=\"lazy\" decoding=\"async\" width=\"150\" height=\"150\" src=\"https:\/\/centralmedia.rs\/wp-content\/uploads\/2021\/10\/komusticki-teror-150x150.jpg\" class=\"attachment-thumbnail size-thumbnail\" alt=\"\" \/><\/a>\n\t\t\t<\/div><\/figure><figure class='gallery-item'>\n\t\t\t<div class='gallery-icon landscape'>\n\t\t\t\t<a href='https:\/\/centralmedia.rs\/index.php\/2021\/10\/26\/parastos-zrtvama-revolucionarnog-terora-komunista-u-jagodini-od-oktobra-1944\/komusticki-teror1\/'><img loading=\"lazy\" decoding=\"async\" width=\"150\" height=\"150\" src=\"https:\/\/centralmedia.rs\/wp-content\/uploads\/2021\/10\/komusticki-teror1-150x150.jpg\" class=\"attachment-thumbnail size-thumbnail\" alt=\"\" \/><\/a>\n\t\t\t<\/div><\/figure><figure class='gallery-item'>\n\t\t\t<div class='gallery-icon landscape'>\n\t\t\t\t<a href='https:\/\/centralmedia.rs\/index.php\/2021\/10\/26\/parastos-zrtvama-revolucionarnog-terora-komunista-u-jagodini-od-oktobra-1944\/komusticki-teror2\/'><img loading=\"lazy\" decoding=\"async\" width=\"150\" height=\"150\" src=\"https:\/\/centralmedia.rs\/wp-content\/uploads\/2021\/10\/komusticki-teror2-150x150.jpg\" class=\"attachment-thumbnail size-thumbnail\" alt=\"\" \/><\/a>\n\t\t\t<\/div><\/figure><figure class='gallery-item'>\n\t\t\t<div class='gallery-icon landscape'>\n\t\t\t\t<a href='https:\/\/centralmedia.rs\/index.php\/2021\/10\/26\/parastos-zrtvama-revolucionarnog-terora-komunista-u-jagodini-od-oktobra-1944\/komusticki-teror3\/'><img loading=\"lazy\" decoding=\"async\" width=\"150\" height=\"150\" src=\"https:\/\/centralmedia.rs\/wp-content\/uploads\/2021\/10\/komusticki-teror3-150x150.jpg\" class=\"attachment-thumbnail size-thumbnail\" alt=\"\" \/><\/a>\n\t\t\t<\/div><\/figure><figure class='gallery-item'>\n\t\t\t<div class='gallery-icon landscape'>\n\t\t\t\t<a href='https:\/\/centralmedia.rs\/index.php\/2021\/10\/26\/parastos-zrtvama-revolucionarnog-terora-komunista-u-jagodini-od-oktobra-1944\/komusticki-teror4\/'><img loading=\"lazy\" decoding=\"async\" width=\"150\" height=\"150\" src=\"https:\/\/centralmedia.rs\/wp-content\/uploads\/2021\/10\/komusticki-teror4-150x150.jpg\" class=\"attachment-thumbnail size-thumbnail\" alt=\"\" \/><\/a>\n\t\t\t<\/div><\/figure>\n\t\t<\/div>\n\n<p>-Pre dve godine po obe\u0107anju datom gra\u0111anima Jagodine, a uz blagoslov Episkopa \u0161umadijskog gospodina Jovana i sve\u0161tenstva Pokrova Presvete Bogorodice podigli smo prvi Spomenik \u017ertvama revolucionarnog terora na teritoriji centralne Srbije, a u slavu nevino stradalih gra\u0111ana Jagodine i centralne Srbije kojih je bilo preko 2.500. Posebno me raduje \u010dinjenica da su na na\u0161 poziv parastosu prisustvovali predstavnici POKS, njihov odbornik u Skup\u0161tini grada Jagodine Goran Jeli\u010di\u0107, predstavnici pokreta Levijatan, predstavnici jagodinskog gradskog odbora Zavetnika na \u010delu sa Dobrivojem Stojanovi\u0107em, kao i nosioci ideje ravnogorstva predstavnici Ravnogorskog pokreta na \u010delu sa Zoranom Perovi\u0107em i Suzom Stevanovi\u0107. U narednom periodu moramo da omasovimo ovaj parastos i da se ovde okupljamo odaju\u0107i po\u0161tu i se\u0107aju\u0107i se na nevine \u017ertave, ali i da upoznajemo nove generacije sa detaljima vezanim za ovo strati\u0161te. Na\u0161a je du\u017enost da vi\u0161e nikada ne dozvolimo da i jedan Srbin strada nevino, a kamoli da imamo ovakva masovna stradanja kakva su komunisti \u010dinili 1944. godine. Zahvaljujem se svima koji su danas do\u0161li da odaju po\u010dast nevinim \u017ertvama, a posebna zahvalnost ide na\u0161em sve\u0161tenstvu, Rekao je Du\u0161an Markovi\u0107, predsednik Prave Srbije i \u00a0odbornik u Skup\u0161tini grada Jagodine.<\/p>\n<p>Spomenik \u017ertvama revolucionarnog terora u porti crkve Pokrova Presvete Bogorodice na Streli\u0161tu kao prvi u Srbiji \u00a0pre dve godine podigao je Du\u0161an Markovi\u0107 sa saradnicima.<\/p>\n","protected":false},"excerpt":{"rendered":"<p>JAGODINA- U porti crkve Pokrova Presvete Bogorodice na Streli\u0161tu u Jagodini odr\u017ean parastos nevinim \u017ertvama revolucionarnog terora lokalnih partizana i komunista, te\u00a0 delova 15. Udarne &hellip; <\/p>\n","protected":false},"author":2,"featured_media":28840,"comment_status":"open","ping_status":"open","sticky":false,"template":"","format":"standard","meta":{"footnotes":""},"categories":[14,1524,2,5643,1514,887,12],"tags":[58,5501,5121,3415,5500],"_links":{"self":[{"href":"https:\/\/centralmedia.rs\/index.php\/wp-json\/wp\/v2\/posts\/28839"}],"collection":[{"href":"https:\/\/centralmedia.rs\/index.php\/wp-json\/wp\/v2\/posts"}],"about":[{"href":"https:\/\/centralmedia.rs\/index.php\/wp-json\/wp\/v2\/types\/post"}],"author":[{"embeddable":true,"href":"https:\/\/centralmedia.rs\/index.php\/wp-json\/wp\/v2\/users\/2"}],"replies":[{"embeddable":true,"href":"https:\/\/centralmedia.rs\/index.php\/wp-json\/wp\/v2\/comments?post=28839"}],"version-history":[{"count":3,"href":"https:\/\/centralmedia.rs\/index.php\/wp-json\/wp\/v2\/posts\/28839\/revisions"}],"predecessor-version":[{"id":28847,"href":"https:\/\/centralmedia.rs\/index.php\/wp-json\/wp\/v2\/posts\/28839\/revisions\/28847"}],"wp:featuredmedia":[{"embeddable":true,"href":"https:\/\/centralmedia.rs\/index.php\/wp-json\/wp\/v2\/media\/28840"}],"wp:attachment":[{"href":"https:\/\/centralmedia.rs\/index.php\/wp-json\/wp\/v2\/media?parent=28839"}],"wp:term":[{"taxonomy":"category","embeddable":true,"href":"https:\/\/centralmedia.rs\/index.php\/wp-json\/wp\/v2\/categories?post=28839"},{"taxonomy":"post_tag","embeddable":true,"href":"https:\/\/centralmedia.rs\/index.php\/wp-json\/wp\/v2\/tags?post=28839"}],"curies":[{"name":"wp","href":"https:\/\/api.w.org\/{rel}","templated":true}]}}