{"id":28848,"date":"2021-10-27T10:12:39","date_gmt":"2021-10-27T08:12:39","guid":{"rendered":"http:\/\/centralmedia.rs\/?p=28848"},"modified":"2022-01-04T17:29:49","modified_gmt":"2022-01-04T16:29:49","slug":"palma-kod-beduina-je-vreme-odavno-stalo-ali-su-vakcinisani-protiv-korone","status":"publish","type":"post","link":"https:\/\/centralmedia.rs\/index.php\/2021\/10\/27\/palma-kod-beduina-je-vreme-odavno-stalo-ali-su-vakcinisani-protiv-korone\/","title":{"rendered":"PALMA : KOD BEDUINA JE VREME ODAVNO STALO, ALI SU VAKCINISANI PROTIV KORONE"},"content":{"rendered":"<p>\u010clanovi srpske delegacije, na \u010delu sa predsednikom Jedinstvene Srbije Draganom Markovi\u0107em Palmom u poseti egipatskoj regiji Crveno more, obi\u0161li su deo najve\u0107e vru\u0107e pustinje na svetu Sahare koji pripada Egiptu. U delegaciji koja broji 144 \u010dlana najvi\u0161e ima zdravstvenih radnika, iz kovid zona iz 18 zdravstvenih ustanova iz Srbije.<\/p>\n<div id='gallery-1' class='gallery galleryid-28848 gallery-columns-5 gallery-size-thumbnail'><figure class='gallery-item'>\n\t\t\t<div class='gallery-icon landscape'>\n\t\t\t\t<a href='https:\/\/centralmedia.rs\/index.php\/2021\/10\/27\/palma-kod-beduina-je-vreme-odavno-stalo-ali-su-vakcinisani-protiv-korone\/egipat-3\/'><img loading=\"lazy\" decoding=\"async\" width=\"150\" height=\"150\" src=\"https:\/\/centralmedia.rs\/wp-content\/uploads\/2021\/10\/egipat-1-150x150.jpg\" class=\"attachment-thumbnail size-thumbnail\" alt=\"\" \/><\/a>\n\t\t\t<\/div><\/figure><figure class='gallery-item'>\n\t\t\t<div class='gallery-icon landscape'>\n\t\t\t\t<a href='https:\/\/centralmedia.rs\/index.php\/2021\/10\/27\/palma-kod-beduina-je-vreme-odavno-stalo-ali-su-vakcinisani-protiv-korone\/egipat1-3\/'><img loading=\"lazy\" decoding=\"async\" width=\"150\" height=\"150\" src=\"https:\/\/centralmedia.rs\/wp-content\/uploads\/2021\/10\/egipat1-1-150x150.jpg\" class=\"attachment-thumbnail size-thumbnail\" alt=\"\" \/><\/a>\n\t\t\t<\/div><\/figure><figure class='gallery-item'>\n\t\t\t<div class='gallery-icon landscape'>\n\t\t\t\t<a href='https:\/\/centralmedia.rs\/index.php\/2021\/10\/27\/palma-kod-beduina-je-vreme-odavno-stalo-ali-su-vakcinisani-protiv-korone\/egipat2-3\/'><img loading=\"lazy\" decoding=\"async\" width=\"150\" height=\"150\" src=\"https:\/\/centralmedia.rs\/wp-content\/uploads\/2021\/10\/egipat2-150x150.jpg\" class=\"attachment-thumbnail size-thumbnail\" alt=\"\" \/><\/a>\n\t\t\t<\/div><\/figure><figure class='gallery-item'>\n\t\t\t<div class='gallery-icon landscape'>\n\t\t\t\t<a href='https:\/\/centralmedia.rs\/index.php\/2021\/10\/27\/palma-kod-beduina-je-vreme-odavno-stalo-ali-su-vakcinisani-protiv-korone\/egipat3-2\/'><img loading=\"lazy\" decoding=\"async\" width=\"150\" height=\"150\" src=\"https:\/\/centralmedia.rs\/wp-content\/uploads\/2021\/10\/egipat3-150x150.jpg\" class=\"attachment-thumbnail size-thumbnail\" alt=\"\" \/><\/a>\n\t\t\t<\/div><\/figure><figure class='gallery-item'>\n\t\t\t<div class='gallery-icon landscape'>\n\t\t\t\t<a href='https:\/\/centralmedia.rs\/index.php\/2021\/10\/27\/palma-kod-beduina-je-vreme-odavno-stalo-ali-su-vakcinisani-protiv-korone\/egipat4-2\/'><img loading=\"lazy\" decoding=\"async\" width=\"150\" height=\"150\" src=\"https:\/\/centralmedia.rs\/wp-content\/uploads\/2021\/10\/egipat4-150x150.jpg\" class=\"attachment-thumbnail size-thumbnail\" alt=\"\" \/><\/a>\n\t\t\t<\/div><\/figure>\n\t\t<\/div>\n\n<p>Oni su tokom obilaska Sahare, najpoznatije svetske pustinje, \u010dija ukupna povr\u0161ina odgovara povr\u0161ini Kine, razgovarali sa Beduinima u beduinskom selu. Beduini su autohtono pustinjsko stanovni\u0161tvo.<\/p>\n<p>&#8211; Mi smo danas za na\u0161u delegaciju organizovali posetu beduinskom selu u sred pustinje. Najve\u0107i paradoks je taj \u0161to je za Beduine vreme odavno stalo i oni se nisu bavili svetskim modernim tehnologijama, nemaju TV , nemaju dru\u0161tvene mre\u017ee, ni ni\u0161ta sli\u010dno , ali su vakcinisani protiv korone. Kao da je bolje da imate \u0161to manji priliv informacija sa raznih mesta, posebno nekompetentnih, kako bi se gradjani u najve\u0107em broju vakcinisali. U to su se danas uverili i lekari i medicinske sestre i tehni\u010dari iz Srbije koji su sa nama u delegaciji. Vazno je re\u0107i da su gradjani Srbije zahvaljuju\u0107i politici predsednika Aleksandra Vu\u010di\u0107a dobrodo\u0161li u sve krajeve sveta, bilo da se radi o metropoli ili pustinji, rekao je Dragan Markovi\u0107 Palma.<\/p>\n<p>Ina\u010de \u010dlanovi na\u0161e delegacije su d\u017eipovima do\u0161li do beduinskog sela, gde su im doma\u0107ini servirali \u010daj dobrodo\u0161lice, a nakon toga su imali prilike da voze kvadove i bagije kroz pustinju, da bi im usred pustinje bio serviran veoma ukusan ru\u010dak sa vodom i sokovima, koji se sastojao od govedjeg mesa sa ro\u0161tilja, \u0161pageta, krompira, mnogo raznog povr\u0107a sa orijentalnim za\u010dinima\u00a0 Uz sve to ru\u010dak je bio pra\u0107en nastupom izvo\u0111a\u010da tamo\u0161nje muzike. Na kraju programa, po\u0161to su u srpskoj delegaciji i muzi\u010dari, oni su se prihvatili harmonike i u sred pustinje su srpski zdravstvenu radnici zaigrali srpsko kolo. Poruka lekara i medicinskih sestara i tehni\u010dara iz Srbije glasi: &#8220;Ako mogu Beduini da se svi vakcini\u0161u protiv korona virusa, dajte da se \u0161to veci broj gradjana vakcinise, kako bi smanjili pritisak na kovid ambulante i kovid odelenja i kako bi ujedno mogli da se vi\u0161e vremena posvetimo i non kovid pacijentima. Na\u0161i zdravstveni radnici, od kojih njih 95 posto od prisutnih nikada nije bilo u Egiptu, a 100 posto nikada nije bilo u pustinji u glas isti\u010du da je ovo putovanje nezaboravno, a posebno susret sa pustinjom i Beduinima, te da je to ne\u0161to \u0161to \u0107e ih jo\u0161 spremnije vratiti u kovid zone po povratku u Srbiju koji je zakazan za subotu.<\/p>\n","protected":false},"excerpt":{"rendered":"<p>\u010clanovi srpske delegacije, na \u010delu sa predsednikom Jedinstvene Srbije Draganom Markovi\u0107em Palmom u poseti egipatskoj regiji Crveno more, obi\u0161li su deo najve\u0107e vru\u0107e pustinje na &hellip; <\/p>\n","protected":false},"author":2,"featured_media":28849,"comment_status":"open","ping_status":"open","sticky":false,"template":"","format":"standard","meta":{"footnotes":""},"categories":[1524,2,1514,5643,13,887,12],"tags":[3513,3644,120,4554],"_links":{"self":[{"href":"https:\/\/centralmedia.rs\/index.php\/wp-json\/wp\/v2\/posts\/28848"}],"collection":[{"href":"https:\/\/centralmedia.rs\/index.php\/wp-json\/wp\/v2\/posts"}],"about":[{"href":"https:\/\/centralmedia.rs\/index.php\/wp-json\/wp\/v2\/types\/post"}],"author":[{"embeddable":true,"href":"https:\/\/centralmedia.rs\/index.php\/wp-json\/wp\/v2\/users\/2"}],"replies":[{"embeddable":true,"href":"https:\/\/centralmedia.rs\/index.php\/wp-json\/wp\/v2\/comments?post=28848"}],"version-history":[{"count":3,"href":"https:\/\/centralmedia.rs\/index.php\/wp-json\/wp\/v2\/posts\/28848\/revisions"}],"predecessor-version":[{"id":28856,"href":"https:\/\/centralmedia.rs\/index.php\/wp-json\/wp\/v2\/posts\/28848\/revisions\/28856"}],"wp:featuredmedia":[{"embeddable":true,"href":"https:\/\/centralmedia.rs\/index.php\/wp-json\/wp\/v2\/media\/28849"}],"wp:attachment":[{"href":"https:\/\/centralmedia.rs\/index.php\/wp-json\/wp\/v2\/media?parent=28848"}],"wp:term":[{"taxonomy":"category","embeddable":true,"href":"https:\/\/centralmedia.rs\/index.php\/wp-json\/wp\/v2\/categories?post=28848"},{"taxonomy":"post_tag","embeddable":true,"href":"https:\/\/centralmedia.rs\/index.php\/wp-json\/wp\/v2\/tags?post=28848"}],"curies":[{"name":"wp","href":"https:\/\/api.w.org\/{rel}","templated":true}]}}