{"id":28857,"date":"2021-10-27T23:27:34","date_gmt":"2021-10-27T21:27:34","guid":{"rendered":"http:\/\/centralmedia.rs\/?p=28857"},"modified":"2021-11-03T14:42:58","modified_gmt":"2021-11-03T13:42:58","slug":"obelezavanje-103-godisnjice-osloboadenja-svilajnca-u-prvom-svetskom-ratu","status":"publish","type":"post","link":"https:\/\/centralmedia.rs\/index.php\/2021\/10\/27\/obelezavanje-103-godisnjice-osloboadenja-svilajnca-u-prvom-svetskom-ratu\/","title":{"rendered":"OBELE\u017dENA 103. GODI\u0160NjICA OSLOBO\u0110ENjA SVILAJNCA U PRVOM SVETSKOM RATU"},"content":{"rendered":"<p>SVILAJNAC-Danas je, sve\u010danim polaganjem venaca na Spomenik Mare Resavkinje, obele\u017een Dan oslobo\u0111enja Svilajnca u Prvom svetskom ratu. Pre 103. godine \u00a0oslobo\u0111en 27. oktobra 1918. godine \u00a0srpski i francuski vojnici proterali deo nema\u010dke 217. divizije i u\u0161li u grad. Na isti dan 27. oktobra 1915. godine Svilajnac je i okupiran.<\/p>\n<div id='gallery-1' class='gallery galleryid-28857 gallery-columns-3 gallery-size-thumbnail'><figure class='gallery-item'>\n\t\t\t<div class='gallery-icon landscape'>\n\t\t\t\t<a href='https:\/\/centralmedia.rs\/index.php\/2021\/10\/27\/obelezavanje-103-godisnjice-osloboadenja-svilajnca-u-prvom-svetskom-ratu\/venci1-2\/'><img loading=\"lazy\" decoding=\"async\" width=\"150\" height=\"150\" src=\"https:\/\/centralmedia.rs\/wp-content\/uploads\/2021\/10\/venci1-150x150.jpg\" class=\"attachment-thumbnail size-thumbnail\" alt=\"\" \/><\/a>\n\t\t\t<\/div><\/figure><figure class='gallery-item'>\n\t\t\t<div class='gallery-icon portrait'>\n\t\t\t\t<a href='https:\/\/centralmedia.rs\/index.php\/2021\/10\/27\/obelezavanje-103-godisnjice-osloboadenja-svilajnca-u-prvom-svetskom-ratu\/venci2\/'><img loading=\"lazy\" decoding=\"async\" width=\"150\" height=\"150\" src=\"https:\/\/centralmedia.rs\/wp-content\/uploads\/2021\/10\/venci2-150x150.jpg\" class=\"attachment-thumbnail size-thumbnail\" alt=\"\" \/><\/a>\n\t\t\t<\/div><\/figure><figure class='gallery-item'>\n\t\t\t<div class='gallery-icon landscape'>\n\t\t\t\t<a href='https:\/\/centralmedia.rs\/index.php\/2021\/10\/27\/obelezavanje-103-godisnjice-osloboadenja-svilajnca-u-prvom-svetskom-ratu\/venci3\/'><img loading=\"lazy\" decoding=\"async\" width=\"150\" height=\"150\" src=\"https:\/\/centralmedia.rs\/wp-content\/uploads\/2021\/10\/venci3-150x150.jpg\" class=\"attachment-thumbnail size-thumbnail\" alt=\"\" \/><\/a>\n\t\t\t<\/div><\/figure>\n\t\t<\/div>\n\n<p>U osloba\u0111anju Svilajnca u Prvom svetskom ratu, kao i mnogih gradova u Srbiji, veliku ulogu je odigrala francuska vojska. Ostao je u neizbrisivom se\u0107anju ulazak generala \u0160arla Trenijea na konju ispred svoje i srpske vojske 27. oktobra 1918. godine. Tom prilikom u znak zahvalnosti, uru\u010dena mu je zastava, koje su ru\u010dno izradile i izvezle svilajna\u010dke devojke i koja je simbol neraskidivog prijateljstva dva naroda.<\/p>\n<p>Spomenik \u017ertvama podignut je 1926. godine. Na mermernom postamentu urezana su imena i postavljene fotografije izginulim ratnicima sa ovog podru\u010dja. U oslobodila\u010dkim ratovima od 1912. do 1918. godine poginula su 353 vojnika iz Svilajnca.<\/p>\n<p>Vence su polo\u017eili, ispred\u00a0 delegacije op\u0161tine Svilajnac, predsednik Skup\u0161tine op\u0161tine Svilajnac dr Darko Jevti\u0107 i \u010dlan op\u0161tinskog ve\u0107a op\u0161tine Svilajnac Ivana Miki\u0107, predstavnici Udru\u017eenja ratnih dobrovoljaca (1912-1918) njihovih potomaka i po\u0161tovalaca Stevan Sin\u0111eli\u0107 kao i predstavnici lokalnog odbora Socijalisti\u010dke partije Srbije.<\/p>\n","protected":false},"excerpt":{"rendered":"<p>SVILAJNAC-Danas je, sve\u010danim polaganjem venaca na Spomenik Mare Resavkinje, obele\u017een Dan oslobo\u0111enja Svilajnca u Prvom svetskom ratu. Pre 103. godine \u00a0oslobo\u0111en 27. oktobra 1918. godine &hellip; <\/p>\n","protected":false},"author":2,"featured_media":28858,"comment_status":"open","ping_status":"open","sticky":false,"template":"","format":"standard","meta":{"footnotes":""},"categories":[14,1524,2,887,12,1517],"tags":[2431,38],"_links":{"self":[{"href":"https:\/\/centralmedia.rs\/index.php\/wp-json\/wp\/v2\/posts\/28857"}],"collection":[{"href":"https:\/\/centralmedia.rs\/index.php\/wp-json\/wp\/v2\/posts"}],"about":[{"href":"https:\/\/centralmedia.rs\/index.php\/wp-json\/wp\/v2\/types\/post"}],"author":[{"embeddable":true,"href":"https:\/\/centralmedia.rs\/index.php\/wp-json\/wp\/v2\/users\/2"}],"replies":[{"embeddable":true,"href":"https:\/\/centralmedia.rs\/index.php\/wp-json\/wp\/v2\/comments?post=28857"}],"version-history":[{"count":2,"href":"https:\/\/centralmedia.rs\/index.php\/wp-json\/wp\/v2\/posts\/28857\/revisions"}],"predecessor-version":[{"id":28863,"href":"https:\/\/centralmedia.rs\/index.php\/wp-json\/wp\/v2\/posts\/28857\/revisions\/28863"}],"wp:featuredmedia":[{"embeddable":true,"href":"https:\/\/centralmedia.rs\/index.php\/wp-json\/wp\/v2\/media\/28858"}],"wp:attachment":[{"href":"https:\/\/centralmedia.rs\/index.php\/wp-json\/wp\/v2\/media?parent=28857"}],"wp:term":[{"taxonomy":"category","embeddable":true,"href":"https:\/\/centralmedia.rs\/index.php\/wp-json\/wp\/v2\/categories?post=28857"},{"taxonomy":"post_tag","embeddable":true,"href":"https:\/\/centralmedia.rs\/index.php\/wp-json\/wp\/v2\/tags?post=28857"}],"curies":[{"name":"wp","href":"https:\/\/api.w.org\/{rel}","templated":true}]}}