{"id":28870,"date":"2021-10-28T16:54:49","date_gmt":"2021-10-28T14:54:49","guid":{"rendered":"http:\/\/centralmedia.rs\/?p=28870"},"modified":"2021-10-28T16:57:45","modified_gmt":"2021-10-28T14:57:45","slug":"prva-reakcija-iz-opstine-rekovac-povodom-istrazivanja-litijuma","status":"publish","type":"post","link":"https:\/\/centralmedia.rs\/index.php\/2021\/10\/28\/prva-reakcija-iz-opstine-rekovac-povodom-istrazivanja-litijuma\/","title":{"rendered":"PRVA REAKCIJA IZ OP\u0160TINE REKOVAC POVODOM ISTRA\u017dIVANJA LITIJUMA"},"content":{"rendered":"<p>REKOVAC- Posle nemilih scena u Dragovu, kada su me\u0161tani i ekolo\u0161ki aktivisti telima spre\u010dili po\u010detak istra\u017eivanja litijuma, oglasili su se i predstavnici vlasti. Odbor za za\u0161titu i unapre\u0111enje \u017eivotne sredine SO Rekovac predlo\u017eio je odbornicima SO Rekovac, gde vlast vr\u0161i koalicija SNS i SPS, da po hitnom postupku sprovedu sve zakonske radnje kako bi se zaustavili radovi na istra\u017eivanju litijuma, bora i mineralnih sirovina na podru\u010dju te op\u0161tine, kao i da se pokrene procedura izmene i dopune Prostornog plana op\u0161tine u cilju prestanka istra\u017eivanja rudnih sirovina.<\/p>\n<p>-Istra\u017eivanja su vr\u0161ena proteklih godina, ne znamo ko je odgovoran za to i gde je odlagana zemlja posle tih radova. Op\u0161tina je sada prvi put konkretnije reagovala posle protesta u Dragovu, ali ko je odgovoran za sprovo\u0111enje ranijih istra\u017eivanja. Moramo da ustanovimo odgovornost, za\u0161to se tada nije reagovalo. Gde je odlagana zemlja posle tih istra\u017eivanja?, pita predsednik odbora Zoran Radoji\u010di\u0107.<\/p>\n<p>Vladimir Stepanovi\u0107, pomo\u0107niik predsednika op\u0161tine, u svom izlaganju rekao je da \u0107e se pokre\u0107e op\u0161ta inicijativa svih gra\u0111ana sa zahtevom da se obustave istra\u017eni radovi, kao i da se op\u0161tina izjasni o nastavku ili prekidu radova. On je rekao da saglasnost za izvo\u0111enje radova daju vlasnici zemlji\u0161ta, a ne op\u0161tina.<\/p>\n<p>&nbsp;<\/p>\n","protected":false},"excerpt":{"rendered":"<p>REKOVAC- Posle nemilih scena u Dragovu, kada su me\u0161tani i ekolo\u0161ki aktivisti telima spre\u010dili po\u010detak istra\u017eivanja litijuma, oglasili su se i predstavnici vlasti. Odbor za &hellip; <\/p>\n","protected":false},"author":2,"featured_media":3725,"comment_status":"open","ping_status":"open","sticky":false,"template":"","format":"standard","meta":{"footnotes":""},"categories":[1524,2,13,887,1519,12],"tags":[5503,704,5218,46,441],"_links":{"self":[{"href":"https:\/\/centralmedia.rs\/index.php\/wp-json\/wp\/v2\/posts\/28870"}],"collection":[{"href":"https:\/\/centralmedia.rs\/index.php\/wp-json\/wp\/v2\/posts"}],"about":[{"href":"https:\/\/centralmedia.rs\/index.php\/wp-json\/wp\/v2\/types\/post"}],"author":[{"embeddable":true,"href":"https:\/\/centralmedia.rs\/index.php\/wp-json\/wp\/v2\/users\/2"}],"replies":[{"embeddable":true,"href":"https:\/\/centralmedia.rs\/index.php\/wp-json\/wp\/v2\/comments?post=28870"}],"version-history":[{"count":2,"href":"https:\/\/centralmedia.rs\/index.php\/wp-json\/wp\/v2\/posts\/28870\/revisions"}],"predecessor-version":[{"id":28872,"href":"https:\/\/centralmedia.rs\/index.php\/wp-json\/wp\/v2\/posts\/28870\/revisions\/28872"}],"wp:featuredmedia":[{"embeddable":true,"href":"https:\/\/centralmedia.rs\/index.php\/wp-json\/wp\/v2\/media\/3725"}],"wp:attachment":[{"href":"https:\/\/centralmedia.rs\/index.php\/wp-json\/wp\/v2\/media?parent=28870"}],"wp:term":[{"taxonomy":"category","embeddable":true,"href":"https:\/\/centralmedia.rs\/index.php\/wp-json\/wp\/v2\/categories?post=28870"},{"taxonomy":"post_tag","embeddable":true,"href":"https:\/\/centralmedia.rs\/index.php\/wp-json\/wp\/v2\/tags?post=28870"}],"curies":[{"name":"wp","href":"https:\/\/api.w.org\/{rel}","templated":true}]}}