{"id":28873,"date":"2021-10-30T10:26:45","date_gmt":"2021-10-30T08:26:45","guid":{"rendered":"http:\/\/centralmedia.rs\/?p=28873"},"modified":"2022-01-04T17:28:49","modified_gmt":"2022-01-04T16:28:49","slug":"poslednjeg-dana-boravka-u-egiptu-delegacija-koju-predvodi-dragan-markovic-palma-posetila-nestvarni-luksor-za-dugo-pamcenje","status":"publish","type":"post","link":"https:\/\/centralmedia.rs\/index.php\/2021\/10\/30\/poslednjeg-dana-boravka-u-egiptu-delegacija-koju-predvodi-dragan-markovic-palma-posetila-nestvarni-luksor-za-dugo-pamcenje\/","title":{"rendered":"POSLEDNJEG DANA BORAVKA U EGIPTU DELEGACIJA KOJU PREDVODI DRAGAN MARKOVI\u0106 PALMA POSETILA NESTVARNI LUKSOR ZA DUGO PAM\u0106ENJE"},"content":{"rendered":"<p>Dragan Markovi\u0107 Palma organizovao je \u010dlanovima delegacije, u kojoj je najvi\u0161e bilo zdravstvenih radnika iz 18 srpskih gradova, a najvi\u0161e iz Jagodine, na kraju boravka u Hurgadi, posetu najve\u0107im znamenitostima i u\u017eivanje u turisti\u010dkoj ponudi grada Luksor. Re\u010d je o jednom od gradova koji krije brojne misterije drevne egipatske civilizacije, sme\u0161ten je na reci Nil i nekada je bio glavni grad gornjeg, odnosno ju\u017enog Egipta. Luksor je neverovatan spoj 21.veka i duha Starog Egipta.<\/p>\n<div id='gallery-1' class='gallery galleryid-28873 gallery-columns-3 gallery-size-thumbnail'><figure class='gallery-item'>\n\t\t\t<div class='gallery-icon landscape'>\n\t\t\t\t<a href='https:\/\/centralmedia.rs\/index.php\/2021\/10\/30\/poslednjeg-dana-boravka-u-egiptu-delegacija-koju-predvodi-dragan-markovic-palma-posetila-nestvarni-luksor-za-dugo-pamcenje\/egipat-4\/'><img loading=\"lazy\" decoding=\"async\" width=\"150\" height=\"150\" src=\"https:\/\/centralmedia.rs\/wp-content\/uploads\/2021\/10\/egipat-2-150x150.jpg\" class=\"attachment-thumbnail size-thumbnail\" alt=\"\" \/><\/a>\n\t\t\t<\/div><\/figure><figure class='gallery-item'>\n\t\t\t<div class='gallery-icon landscape'>\n\t\t\t\t<a href='https:\/\/centralmedia.rs\/index.php\/2021\/10\/30\/poslednjeg-dana-boravka-u-egiptu-delegacija-koju-predvodi-dragan-markovic-palma-posetila-nestvarni-luksor-za-dugo-pamcenje\/egipat1-4\/'><img loading=\"lazy\" decoding=\"async\" width=\"150\" height=\"150\" src=\"https:\/\/centralmedia.rs\/wp-content\/uploads\/2021\/10\/egipat1-2-150x150.jpg\" class=\"attachment-thumbnail size-thumbnail\" alt=\"\" \/><\/a>\n\t\t\t<\/div><\/figure><figure class='gallery-item'>\n\t\t\t<div class='gallery-icon landscape'>\n\t\t\t\t<a href='https:\/\/centralmedia.rs\/index.php\/2021\/10\/30\/poslednjeg-dana-boravka-u-egiptu-delegacija-koju-predvodi-dragan-markovic-palma-posetila-nestvarni-luksor-za-dugo-pamcenje\/egipat2-4\/'><img loading=\"lazy\" decoding=\"async\" width=\"150\" height=\"150\" src=\"https:\/\/centralmedia.rs\/wp-content\/uploads\/2021\/10\/egipat2-1-150x150.jpg\" class=\"attachment-thumbnail size-thumbnail\" alt=\"\" \/><\/a>\n\t\t\t<\/div><\/figure>\n\t\t<\/div>\n\n<p>Severno od grada je hram Karnak, velelepni kompleks izgradjen pre vi\u0161e od 1300 godina, koji je srpska delegacija najpre posetila.<\/p>\n<p>Usledila je zatim vo\u017enja turisti\u010dkim brodi\u0107em sa jedne na drugu obalu reke Nil.<\/p>\n<p>Obi\u0161li su i &#8220;Dolinu kraljeva&#8221;, gde su se skoro 500 godina uklesivale grobnice za faraone i imu\u0107ne plemi\u0107e tokom Novog carstva, a postala je poznata po\u010detkom 20.veka kada je otkrivena Tutankamonova grobnica, koja je bila potpuno o\u010duvana i puna blaga.<\/p>\n<p>Delegacija je tokom sedmodnevnog boravka u Egiptu posetila beduinsko selo i videla obi\u010daje i na\u010din \u017eivota beduina, upoznali su obi\u010daje i tradiciju Egipta i upoznali se sa drevnom egipatskom civilizacijom obilaze\u0107i arheolo\u0161ke lokalitete.<\/p>\n<p>Dragan Markovi\u0107 Palma je izjavio da su zdravstveni radnici svojom borbom za \u017eivote gra\u0111ana Srbije zaslu\u017eili da svi mi u\u010dinimo koliko mo\u017eemo da im pomognemo u toj borbi. I ovo putovanje je samo jedan mali znak zahvalnosti za to \u0161to zdravstveni radnici \u010dine za zdravlje naroda koje nema cenu.<\/p>\n<p>Ove godine vi\u0161e od hiljadu zdravstvenih radnika putovalo je u organizaciji Dragana Markovi\u0107a Palme u \u0161to u Egipat u aprilu i sada, \u0161to u Gr\u010dku u junu mesecu. Sa ovom praksom da vodimo zdravstvene radnike u Egipat i Gr\u010dku nastavi\u0107emo i naredne godine.<\/p>\n<p>Sredstva za ovo putovanje kao i za sva putovanja do sada i ubudu\u0107e, obezbe\u0111ena su isklju\u010divo od donatora.<\/p>\n","protected":false},"excerpt":{"rendered":"<p>Dragan Markovi\u0107 Palma organizovao je \u010dlanovima delegacije, u kojoj je najvi\u0161e bilo zdravstvenih radnika iz 18 srpskih gradova, a najvi\u0161e iz Jagodine, na kraju boravka &hellip; <\/p>\n","protected":false},"author":2,"featured_media":28874,"comment_status":"open","ping_status":"open","sticky":false,"template":"","format":"standard","meta":{"footnotes":""},"categories":[1524,2,5643,1514,13,887,12],"tags":[3513,120,4554],"_links":{"self":[{"href":"https:\/\/centralmedia.rs\/index.php\/wp-json\/wp\/v2\/posts\/28873"}],"collection":[{"href":"https:\/\/centralmedia.rs\/index.php\/wp-json\/wp\/v2\/posts"}],"about":[{"href":"https:\/\/centralmedia.rs\/index.php\/wp-json\/wp\/v2\/types\/post"}],"author":[{"embeddable":true,"href":"https:\/\/centralmedia.rs\/index.php\/wp-json\/wp\/v2\/users\/2"}],"replies":[{"embeddable":true,"href":"https:\/\/centralmedia.rs\/index.php\/wp-json\/wp\/v2\/comments?post=28873"}],"version-history":[{"count":1,"href":"https:\/\/centralmedia.rs\/index.php\/wp-json\/wp\/v2\/posts\/28873\/revisions"}],"predecessor-version":[{"id":28878,"href":"https:\/\/centralmedia.rs\/index.php\/wp-json\/wp\/v2\/posts\/28873\/revisions\/28878"}],"wp:featuredmedia":[{"embeddable":true,"href":"https:\/\/centralmedia.rs\/index.php\/wp-json\/wp\/v2\/media\/28874"}],"wp:attachment":[{"href":"https:\/\/centralmedia.rs\/index.php\/wp-json\/wp\/v2\/media?parent=28873"}],"wp:term":[{"taxonomy":"category","embeddable":true,"href":"https:\/\/centralmedia.rs\/index.php\/wp-json\/wp\/v2\/categories?post=28873"},{"taxonomy":"post_tag","embeddable":true,"href":"https:\/\/centralmedia.rs\/index.php\/wp-json\/wp\/v2\/tags?post=28873"}],"curies":[{"name":"wp","href":"https:\/\/api.w.org\/{rel}","templated":true}]}}