{"id":28888,"date":"2021-11-02T15:40:31","date_gmt":"2021-11-02T14:40:31","guid":{"rendered":"http:\/\/centralmedia.rs\/?p=28888"},"modified":"2022-01-04T17:28:23","modified_gmt":"2022-01-04T16:28:23","slug":"aktivnosti-jagodinskih-ucenika","status":"publish","type":"post","link":"https:\/\/centralmedia.rs\/index.php\/2021\/11\/02\/aktivnosti-jagodinskih-ucenika\/","title":{"rendered":"AKTIVNOSTI JAGODINSKIH U\u010cENIKA"},"content":{"rendered":"<p>JAGODINA-U nizu projekata u kojima u\u010destvuje Osnovna \u0161kola Milan Mijalkovi\u0107 iz Jagodine, upravo je zavr\u0161en\u00a0 me\u0111unarodni projekat Climate Action Project. Tokom projekta koga su sa svojim u\u010denicima realizovale u\u010diteljice Jelena Ili\u0107, Mirjana Mi\u0161i\u0107 i nastavnica engleskog jezika Ana Ne\u0161i\u0107 u\u010denici su kroz razli\u010dite aktivnosti ukazali na zna\u010daj za\u0161tite \u017eivotne sredine.Upotrebom recikliranog materijala pokazali su kreativnost\u00a0 u izradi makete reljefa na\u0161eg kraja ali i izradi maski\u00a0 kojim su se predstavili na \u0161kolskom maskembalu.Izlo\u017eba radova od jesenjih plodava postavljena je u holu \u0161kole i posa\u0111eno drvo u \u0161kolskom atrijumu.Ste\u010dena znanja i iskustva\u00a0 razmenili su na video konferenciji sa svojim vr\u0161njacima iz Indije.Na osnovu uspe\u0161nosti u realizovanim aktivnostima u\u010denici 3\/1,\u00a0 1\/2 su\u00a0 pozvani da prezentuju svoj rad sa jo\u0161 17 \u0161kola iz raznih zemalja sveta Moldavije, Gane, Nigerije, Ukrajine, Malezije i Indije.<\/p>\n<p>Direktorka Vesna Milosavljevi\u0107<\/p>\n<p><img loading=\"lazy\" decoding=\"async\" class=\"alignnone wp-image-28891 size-full\" src=\"http:\/\/centralmedia.rs\/wp-content\/uploads\/2021\/11\/OS-MILAN.jpeg\" alt=\"\" width=\"585\" height=\"1030\" srcset=\"https:\/\/centralmedia.rs\/wp-content\/uploads\/2021\/11\/OS-MILAN.jpeg 585w, https:\/\/centralmedia.rs\/wp-content\/uploads\/2021\/11\/OS-MILAN-170x300.jpeg 170w, https:\/\/centralmedia.rs\/wp-content\/uploads\/2021\/11\/OS-MILAN-582x1024.jpeg 582w, https:\/\/centralmedia.rs\/wp-content\/uploads\/2021\/11\/OS-MILAN-239x420.jpeg 239w\" sizes=\"(max-width: 585px) 100vw, 585px\" \/><\/p>\n","protected":false},"excerpt":{"rendered":"<p>JAGODINA-U nizu projekata u kojima u\u010destvuje Osnovna \u0161kola Milan Mijalkovi\u0107 iz Jagodine, upravo je zavr\u0161en\u00a0 me\u0111unarodni projekat Climate Action Project. Tokom projekta koga su sa &hellip; <\/p>\n","protected":false},"author":2,"featured_media":28889,"comment_status":"open","ping_status":"open","sticky":false,"template":"","format":"standard","meta":{"footnotes":""},"categories":[14,1524,2,1514,5643,887,12],"tags":[5505,58,3736],"_links":{"self":[{"href":"https:\/\/centralmedia.rs\/index.php\/wp-json\/wp\/v2\/posts\/28888"}],"collection":[{"href":"https:\/\/centralmedia.rs\/index.php\/wp-json\/wp\/v2\/posts"}],"about":[{"href":"https:\/\/centralmedia.rs\/index.php\/wp-json\/wp\/v2\/types\/post"}],"author":[{"embeddable":true,"href":"https:\/\/centralmedia.rs\/index.php\/wp-json\/wp\/v2\/users\/2"}],"replies":[{"embeddable":true,"href":"https:\/\/centralmedia.rs\/index.php\/wp-json\/wp\/v2\/comments?post=28888"}],"version-history":[{"count":2,"href":"https:\/\/centralmedia.rs\/index.php\/wp-json\/wp\/v2\/posts\/28888\/revisions"}],"predecessor-version":[{"id":28892,"href":"https:\/\/centralmedia.rs\/index.php\/wp-json\/wp\/v2\/posts\/28888\/revisions\/28892"}],"wp:featuredmedia":[{"embeddable":true,"href":"https:\/\/centralmedia.rs\/index.php\/wp-json\/wp\/v2\/media\/28889"}],"wp:attachment":[{"href":"https:\/\/centralmedia.rs\/index.php\/wp-json\/wp\/v2\/media?parent=28888"}],"wp:term":[{"taxonomy":"category","embeddable":true,"href":"https:\/\/centralmedia.rs\/index.php\/wp-json\/wp\/v2\/categories?post=28888"},{"taxonomy":"post_tag","embeddable":true,"href":"https:\/\/centralmedia.rs\/index.php\/wp-json\/wp\/v2\/tags?post=28888"}],"curies":[{"name":"wp","href":"https:\/\/api.w.org\/{rel}","templated":true}]}}