{"id":28907,"date":"2021-11-04T13:32:12","date_gmt":"2021-11-04T12:32:12","guid":{"rendered":"http:\/\/centralmedia.rs\/?p=28907"},"modified":"2022-01-04T17:27:49","modified_gmt":"2022-01-04T16:27:49","slug":"palma-otvorio-zdravstvenu-ambulantu-u-najvecem-jagodinskom-selu-ribaru","status":"publish","type":"post","link":"https:\/\/centralmedia.rs\/index.php\/2021\/11\/04\/palma-otvorio-zdravstvenu-ambulantu-u-najvecem-jagodinskom-selu-ribaru\/","title":{"rendered":"PALMA OTVORIO ZDRAVSTVENU AMBULANTU U NAJVE\u0106EM JAGODINSKOM SELU RIBARU"},"content":{"rendered":"<p>JAGODINA-Predsednik Skup\u0161tine grada Jagodine Dragan Markovi\u0107 Palma otvorio je danas zdravstvenu ambulantu u najve\u0107em jagodinskom selu Ribaru, koje ima oko 6000 stanovnika. Ova zdravstvena ambulanta ima u svom sastavu stomatolo\u0161ku ordinaciju, ordinaciju op\u0161te prakse, previjali\u0161te, prostoriju za lekare, prostoriju za medicinske sestre i tehni\u010dare i apoteku.<\/p>\n<div id='gallery-1' class='gallery galleryid-28907 gallery-columns-5 gallery-size-thumbnail'><figure class='gallery-item'>\n\t\t\t<div class='gallery-icon landscape'>\n\t\t\t\t<a href='https:\/\/centralmedia.rs\/index.php\/2021\/11\/04\/palma-otvorio-zdravstvenu-ambulantu-u-najvecem-jagodinskom-selu-ribaru\/ambulanta-2\/'><img loading=\"lazy\" decoding=\"async\" width=\"150\" height=\"150\" src=\"https:\/\/centralmedia.rs\/wp-content\/uploads\/2021\/11\/ambulanta-150x150.jpg\" class=\"attachment-thumbnail size-thumbnail\" alt=\"\" \/><\/a>\n\t\t\t<\/div><\/figure><figure class='gallery-item'>\n\t\t\t<div class='gallery-icon landscape'>\n\t\t\t\t<a href='https:\/\/centralmedia.rs\/index.php\/2021\/11\/04\/palma-otvorio-zdravstvenu-ambulantu-u-najvecem-jagodinskom-selu-ribaru\/ambulanta1\/'><img loading=\"lazy\" decoding=\"async\" width=\"150\" height=\"150\" src=\"https:\/\/centralmedia.rs\/wp-content\/uploads\/2021\/11\/ambulanta1-150x150.jpg\" class=\"attachment-thumbnail size-thumbnail\" alt=\"\" \/><\/a>\n\t\t\t<\/div><\/figure><figure class='gallery-item'>\n\t\t\t<div class='gallery-icon landscape'>\n\t\t\t\t<a href='https:\/\/centralmedia.rs\/index.php\/2021\/11\/04\/palma-otvorio-zdravstvenu-ambulantu-u-najvecem-jagodinskom-selu-ribaru\/ambulanta3\/'><img loading=\"lazy\" decoding=\"async\" width=\"150\" height=\"150\" src=\"https:\/\/centralmedia.rs\/wp-content\/uploads\/2021\/11\/ambulanta3-150x150.jpg\" class=\"attachment-thumbnail size-thumbnail\" alt=\"\" \/><\/a>\n\t\t\t<\/div><\/figure><figure class='gallery-item'>\n\t\t\t<div class='gallery-icon landscape'>\n\t\t\t\t<a href='https:\/\/centralmedia.rs\/index.php\/2021\/11\/04\/palma-otvorio-zdravstvenu-ambulantu-u-najvecem-jagodinskom-selu-ribaru\/ambulanta4\/'><img loading=\"lazy\" decoding=\"async\" width=\"150\" height=\"150\" src=\"https:\/\/centralmedia.rs\/wp-content\/uploads\/2021\/11\/ambulanta4-150x150.jpg\" class=\"attachment-thumbnail size-thumbnail\" alt=\"\" \/><\/a>\n\t\t\t<\/div><\/figure><figure class='gallery-item'>\n\t\t\t<div class='gallery-icon landscape'>\n\t\t\t\t<a href='https:\/\/centralmedia.rs\/index.php\/2021\/11\/04\/palma-otvorio-zdravstvenu-ambulantu-u-najvecem-jagodinskom-selu-ribaru\/ambulanta5\/'><img loading=\"lazy\" decoding=\"async\" width=\"150\" height=\"150\" src=\"https:\/\/centralmedia.rs\/wp-content\/uploads\/2021\/11\/ambulanta5-150x150.jpg\" class=\"attachment-thumbnail size-thumbnail\" alt=\"\" \/><\/a>\n\t\t\t<\/div><\/figure>\n\t\t<\/div>\n\n<p>\u201eDanas je veliki dan za selo Ribare, najve\u0107e selo na teritoriji grada Jagodine, jer od danas imate u va\u0161em selu ono \u0161to nema ni u jednom drugom selu u Srbiji. Ono \u0161to je u ovo vreme pandemije korona virusa va\u017eno je da svako iz sela koji ima neke simptome, a da to nije korona, ne mora da ide u Op\u0161tu bolnicu ili Dom zdravlja u Jagodinu, gde je ve\u0107a \u0161ansa za zara\u017eavanje, ve\u0107 mo\u017ee kompletan pregled obaviti u svom selu, a tu je i apoteka gde mo\u017ee kupiti sve lekove koje lekar prepi\u0161e. A \u0161to se ti\u010de onih koji dobiju uput za specijalisti\u010dki pregled u grad, autobuski prevoz je besplatan za sve gra\u0111ane na celoj teritoriji grada Jagodine\u201c, izjavio je predsednik Skup\u0161tine grada Jagodine Dragan Markovi\u0107 Palma na otvaranju zdravstvene ambulante u selu Ribaru. Markovi\u0107 je podsetio da svako selo na teritoriji grada Jagodine ima gas \u0161to, kako je rekao, nema ni u mnogo razvijenijim evropskim dr\u017eavama. \u201eSelo Ribare je prvo dobilo vodu na teritoriji grada Jagodine, jer je najve\u0107e selo. U Skup\u0161tini grada Jagodine na mese\u010dnom nivou \u0161tedimo izme\u0111u 9 i 11 miliona dinara, jer ne tro\u0161imo pare na ne\u0161to \u0161to imamo pravo kao lokalna samouprava. \u010clanovi Gradskog ve\u0107a ne primaju plate, odbornici ne primaju ni plate ni dnevnice, nema kafanskih ra\u010duna, putnih naloga i tro\u0161kova i sve te pare idu gra\u0111anima. Pored toga, mi smo od 2005. godine do danas 70 000 gra\u0111ana Jagodine vodili negde u inostranstvo, u organizaciji Skup\u0161tine grada Jagodine, a o tro\u0161ku donatora. Samo ove godine smo \u0161to se ti\u010de zdravstvenih radnika iz cele Srbije u aprilu vodili 144 zdravstvena radnika u Hurgadu u Egipat, u junu 650 u Paraliju i sada u okotbru 133 u Hurgadu, a pored toga smo krajem avgusta vodili 992 poljoprivrednika iz cele Srbije u Paraliju. Sve su to platili donatori, osim puta i boravka poljoprivrednika u Paraliji, \u0161to je platila Jedinstvena Srbija sa svog ra\u010duna, od para koje dobija iz dr\u017eavnog bud\u017eeta kao parlamentarna stranka. \u0160to se ti\u010de sela Ribara, do kraj slede\u0107e godine \u0107ete dobiti i kanalizaciju i to sam rekao predsedniku Vu\u010di\u0107u kada me pitao \u0161ta je bitno za sela u Jagodini, a to ne zato \u0161to mi ne\u0161to kasnimo, ve\u0107 zbog toga da va\u0161e u\u010de\u0161\u0107e u izgradnji kanalizacije bude manje. I zato o\u010distite sengrupe, ne\u0107e vam vi\u0161e trebati za kanalizaciju, pro\u0161istite ih i u njima mo\u017eete da uzgajate \u0161arana, ribu koja voli moravsku vodu\u201c, kazao je Dragan Markovi\u0107 Palma.<\/p>\n<p>OTVORENI BALKAN SE TI\u010cE SVIH NAS \u2013 DA SE MINI EVROPA TAKMI\u010cI SA VELIKOM EVROPSKOM UNIJOM<\/p>\n<p>Danas je situacija mnogo bolja u dr\u017eavi Srbiji nego \u0161to je pre bilo, a mo\u017ee i jo\u0161 bolje i bi\u0107e. Poruka i Jedinstvene Srbije i SPS \u2013 a i Srpske napredne stranke, koje su u koaliciji i u Srbiji i u Jagodini je da na predstoje\u0107im predsedni\u010dkim izborima ne postoji alternativa i Aleksandar Vu\u010di\u0107 je zajedni\u010dki kandidat svih nas i pobedi\u0107e\u201c, poru\u010dio je Markovi\u0107. \u201eVide\u0107emo nakon povratka Zdravka Krivokapi\u0107a u Crnu Goru kakvi su efekti posete Beogradu, gde je crnogorski premijer do\u010dekan na najvi\u0161em nivou i sa najvi\u0161im po\u010dastima. Kada vidimo realizaciju onda \u0107emo doneti odluku da li da idemo na more u Crnu Goru. Va\u017eno je da se eliminu\u0161u sva\u0111e koje je inicirao Milo \u0110ukanovi\u0107. On je posva\u0111ao dva bratska naroda i nigde na svetu se nijednoj veri nije desilo da se religiji oduzimaju crkve i manastiri. To je jedino poku\u0161ao Milo \u0110ukanovi\u0107. To nijedna vera na svetu nije do\u017eivela\u201c, izjavio je predsednik Jedinstvene Srbije. \u201eOtvoreni Balkan je projekat koji se ti\u010de svih nas. Va\u017ean je zbog protoka roba i ljudi na ovom podru\u010dju i da ta mini Evropa ili mala Evropa se takmi\u010di sa tom velikom Evropskom unijom, Vlasnik kompanije Fi\u0161er, profesor Klaus Fi\u0161er mi je rekao da Srbija ima najbolje uslove za investiranje na svetu, a njegova kompanija je 5. po ekonomskoj mo\u0107i u Nema\u010dkoj i oni odli\u010dno znaju \u0161ta su ekonomska kretanja i \u0161ta zna\u010di ekonomska i politi\u010dka stabilnost i me\u0111unarodna popularnost, a to sve Srbija ima\u201c, naglasio je Dragan Markovi\u0107 Palma. Otvaranju zdravstene ambulante u Ribaru, pored velikog broja me\u0161tana prisustvovali su i predsednik GO SNS i narodni poslanik Nikola Radoslavljevi\u0107 i predsednik GO SPS i na\u010delnik Pomoravskog okruga, Goran Milosavljevi\u0107, kao i graona\u010dlenik Jagodine Ratko Stevanovi\u0107 i \u010delnici Op\u0161te bolnice i Doma zdravlja u Jagodini.<\/p>\n","protected":false},"excerpt":{"rendered":"<p>JAGODINA-Predsednik Skup\u0161tine grada Jagodine Dragan Markovi\u0107 Palma otvorio je danas zdravstvenu ambulantu u najve\u0107em jagodinskom selu Ribaru, koje ima oko 6000 stanovnika. Ova zdravstvena ambulanta &hellip; <\/p>\n","protected":false},"author":2,"featured_media":28908,"comment_status":"open","ping_status":"open","sticky":false,"template":"","format":"standard","meta":{"footnotes":""},"categories":[1524,2,5643,1514,13,887,12],"tags":[120,840,5513],"_links":{"self":[{"href":"https:\/\/centralmedia.rs\/index.php\/wp-json\/wp\/v2\/posts\/28907"}],"collection":[{"href":"https:\/\/centralmedia.rs\/index.php\/wp-json\/wp\/v2\/posts"}],"about":[{"href":"https:\/\/centralmedia.rs\/index.php\/wp-json\/wp\/v2\/types\/post"}],"author":[{"embeddable":true,"href":"https:\/\/centralmedia.rs\/index.php\/wp-json\/wp\/v2\/users\/2"}],"replies":[{"embeddable":true,"href":"https:\/\/centralmedia.rs\/index.php\/wp-json\/wp\/v2\/comments?post=28907"}],"version-history":[{"count":1,"href":"https:\/\/centralmedia.rs\/index.php\/wp-json\/wp\/v2\/posts\/28907\/revisions"}],"predecessor-version":[{"id":28914,"href":"https:\/\/centralmedia.rs\/index.php\/wp-json\/wp\/v2\/posts\/28907\/revisions\/28914"}],"wp:featuredmedia":[{"embeddable":true,"href":"https:\/\/centralmedia.rs\/index.php\/wp-json\/wp\/v2\/media\/28908"}],"wp:attachment":[{"href":"https:\/\/centralmedia.rs\/index.php\/wp-json\/wp\/v2\/media?parent=28907"}],"wp:term":[{"taxonomy":"category","embeddable":true,"href":"https:\/\/centralmedia.rs\/index.php\/wp-json\/wp\/v2\/categories?post=28907"},{"taxonomy":"post_tag","embeddable":true,"href":"https:\/\/centralmedia.rs\/index.php\/wp-json\/wp\/v2\/tags?post=28907"}],"curies":[{"name":"wp","href":"https:\/\/api.w.org\/{rel}","templated":true}]}}