{"id":28960,"date":"2021-11-08T11:37:52","date_gmt":"2021-11-08T10:37:52","guid":{"rendered":"http:\/\/centralmedia.rs\/?p=28960"},"modified":"2022-01-04T17:26:43","modified_gmt":"2022-01-04T16:26:43","slug":"pod-sumnjom-da-su-oprali-blizu-70-miliona-firme-andrea-konfekcioni","status":"publish","type":"post","link":"https:\/\/centralmedia.rs\/index.php\/2021\/11\/08\/pod-sumnjom-da-su-oprali-blizu-70-miliona-firme-andrea-konfekcioni\/","title":{"rendered":"Pod sumnjom da su ,,oprali&#8221; blizu 70 MILIONA firme Andrea konfekcioni"},"content":{"rendered":"<p>JAGODINA &#8211; Pripadnici Ministarstva unutra\u0161njih poslova, Odeljenja za borbu protiv korupcije, u saradnji sa Posebnim odeljenjem za suzbijanje korupcije Vi\u0161eg javnog tu\u017eila\u0161tva u Kraljevu, uhapsili su pet osoba zbog postojanja osnova sumnje da su izvr\u0161ile krivi\u010dno delo pranje novca.<\/p>\n<p>Uhap\u0161eni su biv\u0161i radnici privrednog dru\u0161tva \u201eConfezioni Andrea Serbia\u201c d.o.o. Jagodina S. U. (1980), S. I. (1979) i E. T. (1983), kao i D. B. (1981), odgovorno lice preduzetni\u010dke radnje \u201eD. B. PR\u201c, i M. M. (1971), odgovorno lice preduzetni\u010dke rade \u201eIron Staff\u201c, saop\u0161tio je MUP Srbije.<\/p>\n<p>Krivi\u010dnom prijavom bi\u0107e obuhva\u0107en i tridesettrogodi\u0161nji mu\u0161karac, biv\u0161i radnik PD \u201eConfezioni Andrea Serbia\u201c, osumnji\u010den za krivi\u010dno delo pronevera u obavljanju privredne delatnosti, a za kojim se traga.<\/p>\n<p>Sumnja se da je tridesettrogodi\u0161njak, u periodu od 2015. do 2020. godine, vi\u0161estruko uve\u0107avao zarade osumnji\u010denih, suprotno zaklju\u010denim ugovorima o radu.<\/p>\n<p>On se tereti i da je sa ra\u010duna PD \u201eConfezioni Andrea Serbia\u201c prebacivao novac na svoj ra\u010dun, kao i na ra\u010dune biv\u0161ih radnica tog preduze\u0107a E. T, S. U. i S. I. Na taj na\u010din oni su protivpravno prisvojili 47.353.746 dinara, a novac su, kako se sumnja, podizali sa ra\u010duna i koristili za li\u010dne potrebe.<\/p>\n<p>Tridesettrogodi\u0161njak se tereti da je novac sa ra\u010duna PD \u201eConfezioni Andrea Serbia\u201c prebacivao i na teku\u0107e ra\u010dune radnji \u201eIron Staff\u201c i \u201eD. B. PR\u201c, a odgovorna lica tih firmi D. B. i M. M. su, kako se sumnja, na taj na\u010din prisvojili 19.591.956 dinara. Novac su, tako\u0111e, kako se sumnja, koristili za li\u010dne potrebe, iako su znali da im je neosnovano upla\u0107en.<\/p>\n<p>Petoro osumnji\u010denih \u0107e, uz krivi\u010dnu prijavu, biti privedeni nadle\u017enom tu\u017eila\u0161tvu.<\/p>\n","protected":false},"excerpt":{"rendered":"<p>JAGODINA &#8211; Pripadnici Ministarstva unutra\u0161njih poslova, Odeljenja za borbu protiv korupcije, u saradnji sa Posebnim odeljenjem za suzbijanje korupcije Vi\u0161eg javnog tu\u017eila\u0161tva u Kraljevu, uhapsili &hellip; <\/p>\n","protected":false},"author":2,"featured_media":744,"comment_status":"open","ping_status":"open","sticky":false,"template":"","format":"standard","meta":{"footnotes":""},"categories":[1524,20,2,5643,1514,887,12],"tags":[71,58,5519],"_links":{"self":[{"href":"https:\/\/centralmedia.rs\/index.php\/wp-json\/wp\/v2\/posts\/28960"}],"collection":[{"href":"https:\/\/centralmedia.rs\/index.php\/wp-json\/wp\/v2\/posts"}],"about":[{"href":"https:\/\/centralmedia.rs\/index.php\/wp-json\/wp\/v2\/types\/post"}],"author":[{"embeddable":true,"href":"https:\/\/centralmedia.rs\/index.php\/wp-json\/wp\/v2\/users\/2"}],"replies":[{"embeddable":true,"href":"https:\/\/centralmedia.rs\/index.php\/wp-json\/wp\/v2\/comments?post=28960"}],"version-history":[{"count":1,"href":"https:\/\/centralmedia.rs\/index.php\/wp-json\/wp\/v2\/posts\/28960\/revisions"}],"predecessor-version":[{"id":28961,"href":"https:\/\/centralmedia.rs\/index.php\/wp-json\/wp\/v2\/posts\/28960\/revisions\/28961"}],"wp:featuredmedia":[{"embeddable":true,"href":"https:\/\/centralmedia.rs\/index.php\/wp-json\/wp\/v2\/media\/744"}],"wp:attachment":[{"href":"https:\/\/centralmedia.rs\/index.php\/wp-json\/wp\/v2\/media?parent=28960"}],"wp:term":[{"taxonomy":"category","embeddable":true,"href":"https:\/\/centralmedia.rs\/index.php\/wp-json\/wp\/v2\/categories?post=28960"},{"taxonomy":"post_tag","embeddable":true,"href":"https:\/\/centralmedia.rs\/index.php\/wp-json\/wp\/v2\/tags?post=28960"}],"curies":[{"name":"wp","href":"https:\/\/api.w.org\/{rel}","templated":true}]}}