{"id":28987,"date":"2021-11-10T21:53:33","date_gmt":"2021-11-10T20:53:33","guid":{"rendered":"http:\/\/centralmedia.rs\/?p=28987"},"modified":"2022-01-04T17:26:09","modified_gmt":"2022-01-04T16:26:09","slug":"prof-dr-violeta-jovanovic-reizabrana-za-dekana-fakulteta-pedagoskih-nauka-u-jagodini","status":"publish","type":"post","link":"https:\/\/centralmedia.rs\/index.php\/2021\/11\/10\/prof-dr-violeta-jovanovic-reizabrana-za-dekana-fakulteta-pedagoskih-nauka-u-jagodini\/","title":{"rendered":"PROF. DR VIOLETA JOVANOVI\u0106 REIZABRANA ZA DEKANA  FAKULTETA PEDAGO\u0160KIH NAUKA U JAGODINI"},"content":{"rendered":"<p>JAGODINA-Na ju\u010dera\u0161njoj sednici Saveta Fakuleta pedago\u0161kih nauka na predlog Nastavno-nau\u010dnog ve\u0107a, za dekana je jednoglasno izabrana, prof. dr Violeta Jovanovi\u0107, koja je i do sada obavljalja ovu funkciju.<\/p>\n<p><img loading=\"lazy\" decoding=\"async\" class=\"alignnone wp-image-28989 size-medium\" src=\"http:\/\/centralmedia.rs\/wp-content\/uploads\/2021\/11\/UCITELJSKI-300x225.jpg\" alt=\"\" width=\"300\" height=\"225\" srcset=\"https:\/\/centralmedia.rs\/wp-content\/uploads\/2021\/11\/UCITELJSKI-300x225.jpg 300w, https:\/\/centralmedia.rs\/wp-content\/uploads\/2021\/11\/UCITELJSKI-768x576.jpg 768w, https:\/\/centralmedia.rs\/wp-content\/uploads\/2021\/11\/UCITELJSKI-1024x768.jpg 1024w, https:\/\/centralmedia.rs\/wp-content\/uploads\/2021\/11\/UCITELJSKI-560x420.jpg 560w, https:\/\/centralmedia.rs\/wp-content\/uploads\/2021\/11\/UCITELJSKI-80x60.jpg 80w, https:\/\/centralmedia.rs\/wp-content\/uploads\/2021\/11\/UCITELJSKI-100x75.jpg 100w, https:\/\/centralmedia.rs\/wp-content\/uploads\/2021\/11\/UCITELJSKI-180x135.jpg 180w, https:\/\/centralmedia.rs\/wp-content\/uploads\/2021\/11\/UCITELJSKI-238x178.jpg 238w, https:\/\/centralmedia.rs\/wp-content\/uploads\/2021\/11\/UCITELJSKI-640x480.jpg 640w, https:\/\/centralmedia.rs\/wp-content\/uploads\/2021\/11\/UCITELJSKI-681x511.jpg 681w, https:\/\/centralmedia.rs\/wp-content\/uploads\/2021\/11\/UCITELJSKI.jpg 2000w\" sizes=\"(max-width: 300px) 100vw, 300px\" \/><\/p>\n<p>Na istoj sednici, na predlog dekana, za prodekane su izabrani, prof. dr Ilijana \u010cutura, prodekan za nastavu i studentska pitanja, prof. dr Olivera Ceki\u0107-Jovanovi\u0107, prodekan za nau\u010dnoistra\u017eiva\u010dki rad i izdava\u010dku delatnost i prof. dr Nenad Vulovi\u0107, prodekan za finansije. Pro\u0161ireni kolegijum Dekanata \u010dine, prof. dr Marko \u0110or\u0111evi\u0107, koordinator za odnose sa javno\u0161\u0107u, doc. dr Marija Stanojevi\u0107 &#8211; Veselinovi\u0107, koordinator za me\u0111unarodnu saradnju, prof. dr Du\u0161an Ristanovi\u0107, rukovodilac Centra za inovacije i razvoj kurikuluma, doc. dr Maja Dimitrijevi\u0107, rukovodilac Centra za izdava\u010dku delatnost i doc. mr Milo\u0161 \u0110or\u0111evi\u0107, rukovodilac Centra za promociju nauke, kao i \u0161efovi katedri.<\/p>\n","protected":false},"excerpt":{"rendered":"<p>JAGODINA-Na ju\u010dera\u0161njoj sednici Saveta Fakuleta pedago\u0161kih nauka na predlog Nastavno-nau\u010dnog ve\u0107a, za dekana je jednoglasno izabrana, prof. dr Violeta Jovanovi\u0107, koja je i do sada &hellip; <\/p>\n","protected":false},"author":2,"featured_media":28988,"comment_status":"open","ping_status":"open","sticky":false,"template":"","format":"standard","meta":{"footnotes":""},"categories":[14,1524,2,1514,5643,887,12],"tags":[5525,269,58,1347],"_links":{"self":[{"href":"https:\/\/centralmedia.rs\/index.php\/wp-json\/wp\/v2\/posts\/28987"}],"collection":[{"href":"https:\/\/centralmedia.rs\/index.php\/wp-json\/wp\/v2\/posts"}],"about":[{"href":"https:\/\/centralmedia.rs\/index.php\/wp-json\/wp\/v2\/types\/post"}],"author":[{"embeddable":true,"href":"https:\/\/centralmedia.rs\/index.php\/wp-json\/wp\/v2\/users\/2"}],"replies":[{"embeddable":true,"href":"https:\/\/centralmedia.rs\/index.php\/wp-json\/wp\/v2\/comments?post=28987"}],"version-history":[{"count":1,"href":"https:\/\/centralmedia.rs\/index.php\/wp-json\/wp\/v2\/posts\/28987\/revisions"}],"predecessor-version":[{"id":28990,"href":"https:\/\/centralmedia.rs\/index.php\/wp-json\/wp\/v2\/posts\/28987\/revisions\/28990"}],"wp:featuredmedia":[{"embeddable":true,"href":"https:\/\/centralmedia.rs\/index.php\/wp-json\/wp\/v2\/media\/28988"}],"wp:attachment":[{"href":"https:\/\/centralmedia.rs\/index.php\/wp-json\/wp\/v2\/media?parent=28987"}],"wp:term":[{"taxonomy":"category","embeddable":true,"href":"https:\/\/centralmedia.rs\/index.php\/wp-json\/wp\/v2\/categories?post=28987"},{"taxonomy":"post_tag","embeddable":true,"href":"https:\/\/centralmedia.rs\/index.php\/wp-json\/wp\/v2\/tags?post=28987"}],"curies":[{"name":"wp","href":"https:\/\/api.w.org\/{rel}","templated":true}]}}