{"id":29011,"date":"2021-11-15T11:15:16","date_gmt":"2021-11-15T10:15:16","guid":{"rendered":"http:\/\/centralmedia.rs\/?p=29011"},"modified":"2021-11-18T18:27:24","modified_gmt":"2021-11-18T17:27:24","slug":"u-selu-vojska-pocela-rekonstrukcija-osnovne-skole-i-asfaltiranje-puta","status":"publish","type":"post","link":"https:\/\/centralmedia.rs\/index.php\/2021\/11\/15\/u-selu-vojska-pocela-rekonstrukcija-osnovne-skole-i-asfaltiranje-puta\/","title":{"rendered":"U SELU VOJSKA PO\u010cELA REKONSTRUKCIJA OSNOVNE \u0160KOLE I ASFALTIRANJE PUTA"},"content":{"rendered":"<p>SVILAJNAC-U toku su radovi na rekonstrukciji Osnovne \u0161kole \u201eStevan Sin\u0111eli\u0107\u201c u selu Vojska, na kojoj \u0107e biti ura\u0111ena nova fasada sa termoizolacijom, zamena spolja\u0161nje stolarije, oluka, rekonstrukcija kotla i instalacija i postavljanje nove unutra\u0161nje rasvete.<\/p>\n<div id='gallery-1' class='gallery galleryid-29011 gallery-columns-5 gallery-size-thumbnail'><figure class='gallery-item'>\n\t\t\t<div class='gallery-icon landscape'>\n\t\t\t\t<a href='https:\/\/centralmedia.rs\/index.php\/2021\/11\/15\/u-selu-vojska-pocela-rekonstrukcija-osnovne-skole-i-asfaltiranje-puta\/vojska1-2\/'><img loading=\"lazy\" decoding=\"async\" width=\"150\" height=\"150\" src=\"https:\/\/centralmedia.rs\/wp-content\/uploads\/2021\/11\/vojska1-150x150.jpg\" class=\"attachment-thumbnail size-thumbnail\" alt=\"\" \/><\/a>\n\t\t\t<\/div><\/figure><figure class='gallery-item'>\n\t\t\t<div class='gallery-icon landscape'>\n\t\t\t\t<a href='https:\/\/centralmedia.rs\/index.php\/2021\/11\/15\/u-selu-vojska-pocela-rekonstrukcija-osnovne-skole-i-asfaltiranje-puta\/vojska2-2\/'><img loading=\"lazy\" decoding=\"async\" width=\"150\" height=\"150\" src=\"https:\/\/centralmedia.rs\/wp-content\/uploads\/2021\/11\/vojska2-150x150.jpg\" class=\"attachment-thumbnail size-thumbnail\" alt=\"\" \/><\/a>\n\t\t\t<\/div><\/figure><figure class='gallery-item'>\n\t\t\t<div class='gallery-icon landscape'>\n\t\t\t\t<a href='https:\/\/centralmedia.rs\/index.php\/2021\/11\/15\/u-selu-vojska-pocela-rekonstrukcija-osnovne-skole-i-asfaltiranje-puta\/vojska3\/'><img loading=\"lazy\" decoding=\"async\" width=\"150\" height=\"150\" src=\"https:\/\/centralmedia.rs\/wp-content\/uploads\/2021\/11\/vojska3-150x150.jpg\" class=\"attachment-thumbnail size-thumbnail\" alt=\"\" \/><\/a>\n\t\t\t<\/div><\/figure><figure class='gallery-item'>\n\t\t\t<div class='gallery-icon landscape'>\n\t\t\t\t<a href='https:\/\/centralmedia.rs\/index.php\/2021\/11\/15\/u-selu-vojska-pocela-rekonstrukcija-osnovne-skole-i-asfaltiranje-puta\/vojska4\/'><img loading=\"lazy\" decoding=\"async\" width=\"150\" height=\"150\" src=\"https:\/\/centralmedia.rs\/wp-content\/uploads\/2021\/11\/vojska4-150x150.jpg\" class=\"attachment-thumbnail size-thumbnail\" alt=\"\" \/><\/a>\n\t\t\t<\/div><\/figure><figure class='gallery-item'>\n\t\t\t<div class='gallery-icon landscape'>\n\t\t\t\t<a href='https:\/\/centralmedia.rs\/index.php\/2021\/11\/15\/u-selu-vojska-pocela-rekonstrukcija-osnovne-skole-i-asfaltiranje-puta\/vojska-7\/'><img loading=\"lazy\" decoding=\"async\" width=\"150\" height=\"150\" src=\"https:\/\/centralmedia.rs\/wp-content\/uploads\/2021\/11\/vojska-150x150.jpg\" class=\"attachment-thumbnail size-thumbnail\" alt=\"\" \/><\/a>\n\t\t\t<\/div><\/figure>\n\t\t<\/div>\n\n<p>\u0160kolu i radove obi\u0161ao je predsednik op\u0161tine Svilajnac Predrag Milanovi\u0107, koji je ovom prilikom i razgovarao sa me\u0161tanima o budu\u0107im projektima u ovom selu:<\/p>\n<p>\u201eOva \u0161kola nije renovirana od 1985. godine, i do\u0161lo je vreme da se uradi rekonstrukcija, a nabavi\u0107emo i ne\u0161to od novog name\u0161taja, kako bi ovu zimu deca do\u010dekala u toplijoj \u0161koli, koja izgleda kao i ostale \u0161kole na teritoriji na\u0161e op\u0161tine. Osim ovoga, po\u010deli su i radovi na asfaltiranju puta prema manastiru Tomi\u0107, gde \u0107e se raditi deonica po deonica. Sa me\u0161tanima sam razgovarao o njihovim potrebama i dogovorili smo da se uradi javna rasveta, regulacija potoka na delu prema Velikoj Moravi i vide\u0107emo \u0161ta je to \u0161to je me\u0161tanima jo\u0161 potrebno\u201c \u2013 izjavio je Milanovi\u0107.<\/p>\n<p>Sredstva za rekonstrukciju \u0161kole u Vojski obezbedili su Ministarstvo rudarstva i energetike i op\u0161tina Svilajnac.<\/p>\n<p>&nbsp;<\/p>\n","protected":false},"excerpt":{"rendered":"<p>SVILAJNAC-U toku su radovi na rekonstrukciji Osnovne \u0161kole \u201eStevan Sin\u0111eli\u0107\u201c u selu Vojska, na kojoj \u0107e biti ura\u0111ena nova fasada sa termoizolacijom, zamena spolja\u0161nje stolarije, &hellip; <\/p>\n","protected":false},"author":2,"featured_media":29012,"comment_status":"open","ping_status":"open","sticky":false,"template":"","format":"standard","meta":{"footnotes":""},"categories":[1524,2,887,16,12,1517],"tags":[3152,38,498],"_links":{"self":[{"href":"https:\/\/centralmedia.rs\/index.php\/wp-json\/wp\/v2\/posts\/29011"}],"collection":[{"href":"https:\/\/centralmedia.rs\/index.php\/wp-json\/wp\/v2\/posts"}],"about":[{"href":"https:\/\/centralmedia.rs\/index.php\/wp-json\/wp\/v2\/types\/post"}],"author":[{"embeddable":true,"href":"https:\/\/centralmedia.rs\/index.php\/wp-json\/wp\/v2\/users\/2"}],"replies":[{"embeddable":true,"href":"https:\/\/centralmedia.rs\/index.php\/wp-json\/wp\/v2\/comments?post=29011"}],"version-history":[{"count":1,"href":"https:\/\/centralmedia.rs\/index.php\/wp-json\/wp\/v2\/posts\/29011\/revisions"}],"predecessor-version":[{"id":29017,"href":"https:\/\/centralmedia.rs\/index.php\/wp-json\/wp\/v2\/posts\/29011\/revisions\/29017"}],"wp:featuredmedia":[{"embeddable":true,"href":"https:\/\/centralmedia.rs\/index.php\/wp-json\/wp\/v2\/media\/29012"}],"wp:attachment":[{"href":"https:\/\/centralmedia.rs\/index.php\/wp-json\/wp\/v2\/media?parent=29011"}],"wp:term":[{"taxonomy":"category","embeddable":true,"href":"https:\/\/centralmedia.rs\/index.php\/wp-json\/wp\/v2\/categories?post=29011"},{"taxonomy":"post_tag","embeddable":true,"href":"https:\/\/centralmedia.rs\/index.php\/wp-json\/wp\/v2\/tags?post=29011"}],"curies":[{"name":"wp","href":"https:\/\/api.w.org\/{rel}","templated":true}]}}