{"id":29021,"date":"2021-11-16T13:38:11","date_gmt":"2021-11-16T12:38:11","guid":{"rendered":"http:\/\/centralmedia.rs\/?p=29021"},"modified":"2022-01-04T17:25:08","modified_gmt":"2022-01-04T16:25:08","slug":"palma-ti-koji-napadaju-vucica-i-njegovu-porodicu-to-su-bre-budale-i-ludaci-i-treba-sto-pre-da-idu-da-se-lece","status":"publish","type":"post","link":"https:\/\/centralmedia.rs\/index.php\/2021\/11\/16\/palma-ti-koji-napadaju-vucica-i-njegovu-porodicu-to-su-bre-budale-i-ludaci-i-treba-sto-pre-da-idu-da-se-lece\/","title":{"rendered":"PALMA : TI KOJI NAPADAJU VU\u010cI\u0106A I NJEGOVU PORODICU, TO SU BRE BUDALE I LUDACI I TREBA \u0160TO PRE DA IDU DA SE LE\u010cE"},"content":{"rendered":"<p>\u201cProblem dana\u0161nje opozicije u Srbiji, pre svega Dragana \u0110ilasa I Vuka Jeremi\u0107a je \u0161to oni nemaju program, pa da ka\u017eu \u201cako dobijemo 4,1 posto va\u0161ih glasova radi\u0107emo to, to i to, a kada smo bili na vlasti radili smo to, to i to. Vrlo dobro znamo \u0161ta su radili, nafatirao se Dragan \u0110ilas ogromnim parama, a danas jedva \u010deka da ne\u0161to napi\u0161e po\u0161alje u neke dr\u017eave protiv Srbije. Me\u0111utim gra\u0111ani Srbije su to videli i konstatovali, a to je da te njihove poruke ne zna\u010de ni\u0161ta i ne vrede ni\u0161ta i mogu da pri\u010daju \u0161ta god ho\u0107e. Vi ste videli kakvi su to sve napadi na Aleksandra Vu\u010di\u0107a i njegovu porodicu, ali na sre\u0107u u Srbiji je veoma mali procenat tih budala. To su bre budale i ludaci i oni podhitno treba da se le\u010de. Svakoga dana napadaju Vu\u010di\u0107a i njegovu porodicu, napadaju ga samo zato \u0161to postoji rezultat i zato \u0161to se danas \u017eivi mnogo bolje u Srbiji nego pre. Oni su vam kao neki \u201cslepac\u201d u selu koji vidi da propada na\u010disto i svakog dana ispred zadruge ili prodavnice vre\u0111a i svoje kom\u0161ije i svoje selo i svoj grad i svoju dr\u017eavu. Dragan \u0110ilas je gazda, a ne predsednik stranke i on misli da sve mo\u017ee parama da kupi. Ne mo\u017ee da se kupi bira\u010dko telo, ne mo\u017ee da se kupi neko ko zna ko si, \u0161ta si i odakle si\u201d, izjavio je predsednik Jedinstvene Srbije Dragan Markovi\u0107 Palma gostuju\u0107i na TV Pink.<\/p>\n<p>HA\u0160KI SUD JE NAPRAVLJEN ZA SRBE I JA GA NEPO\u0160TUJEM I SVAKOGA DANA NEGIRAM DA JE U SREBRENCI BILO GENOCIDA<\/p>\n<p>\u201cOvima iz opzicije u Srbiji za sve je kriva vlast. Sada sva\u0111aju gra\u0111ane oko murala Ratku Mladi\u0107u. Nije dr\u017eava dala nalog tim momcima da naprave mural generalu Mladi\u0107u. Ha\u0161ki sud je napravljen za Srbe i ja ne po\u0161tujem niti cenim taj sud. Ja svakog dana negiram da je u Srebrenici bilo genocida, bilo je zlo\u010dina i na jednoj i na drugoj strani, ali dajte da jednom vi\u0161e prestane ta militantna retorika i militantne poruke, dajmo da vidimo kako \u0107emo da radimo, da ekonomski sara\u0111ujemo i da vi\u0161e prestane sa u\u010denjem dece Bo\u0161njaka da mrze Srbe i obrnuto. Ta deca nisu ni ro\u0111ena kada je bio rat na prostoru biv\u0161e Jugoslavije. To nije politika za koju se zala\u017ee dr\u017eava Srbija, jer takav politika ne mo\u017ee ni\u0161ta dobro da nam donese. Dr\u017eava Srbija se zala\u017ee za mir, stabilnost, saradnju i napredak. Dragan \u0110ilas i njegovi su predlagali da i Skup\u0161tina Srbije donese deklaraciju da je bio genocid u Srebrenici. Pa koga vi predstavljate. Problem je u tome \u0161to svi ti Srbi koji su osu\u0111eni u Hagu su birani od strane gra\u0111ana Srbije, Republike Srpske i Republike Srpske Krajine i ja se bojim da to ne bude kolektivna odgovornost i da na\u0161i unuci ne\u0107e mo\u0107i da isplate svu tu navodnu ratnu \u0161tetu, a Srbija nije vodila osvaja\u010dke, nego odbrambene ratove\u201d, ocenio je predsednik Jedinstvene Srbije.<\/p>\n<p>U KATAR NE IDEMO TURISTI\u010cKI NEGO PO MEDALJU<\/p>\n<p>\u201cDa na\u0161i fudbalerri nisu postigli uspeh kakav su postigli, opet bi ovima iz opozicije u Srbiji kriv bio Vu\u010di\u0107. Na\u0161a fudbalska reprezentacija je za ponos svih nas, kako zbog uspeha na terenu, tako i zbog njihove odluke da premiju od milion evra daju u\u00a0 humanitarne svrhe, odnosno za le\u010denje dece koja imaju neke bolesti. Srbija ima \u010dime da se ponosi, idemo u Katar, ali ne turisti\u010dki i ja sam optimista i mislim da jedna od medalja mo\u017ee da zavr\u0161i u na\u0161im vitrinama. I na\u0161i reprezentativci su sada kao Novak \u0110okovi\u0107 kada je postao najbolji na svetu i oni su sada idoli mladim ljudima i tako i treba da bude, a ne neki koji se bave nekim drugim poslovima. Oni su dali 110 posto na terenu i va\u017eno je \u0161to je selektor reprezentacije legenda Dragan Stojkovi\u0107 Piksi, koji je autoritet i u svla\u010dionici i na terenu\u201d, smatra Markovi\u0107 i najavio da \u0107e u sredu i \u010detvrtak boraviti u poseti manastiru Hilandar.<\/p>\n","protected":false},"excerpt":{"rendered":"<p>\u201cProblem dana\u0161nje opozicije u Srbiji, pre svega Dragana \u0110ilasa I Vuka Jeremi\u0107a je \u0161to oni nemaju program, pa da ka\u017eu \u201cako dobijemo 4,1 posto va\u0161ih &hellip; <\/p>\n","protected":false},"author":2,"featured_media":29022,"comment_status":"open","ping_status":"open","sticky":false,"template":"","format":"standard","meta":{"footnotes":""},"categories":[1524,2,1514,5643,13,887,12],"tags":[5182,150,120,63],"_links":{"self":[{"href":"https:\/\/centralmedia.rs\/index.php\/wp-json\/wp\/v2\/posts\/29021"}],"collection":[{"href":"https:\/\/centralmedia.rs\/index.php\/wp-json\/wp\/v2\/posts"}],"about":[{"href":"https:\/\/centralmedia.rs\/index.php\/wp-json\/wp\/v2\/types\/post"}],"author":[{"embeddable":true,"href":"https:\/\/centralmedia.rs\/index.php\/wp-json\/wp\/v2\/users\/2"}],"replies":[{"embeddable":true,"href":"https:\/\/centralmedia.rs\/index.php\/wp-json\/wp\/v2\/comments?post=29021"}],"version-history":[{"count":1,"href":"https:\/\/centralmedia.rs\/index.php\/wp-json\/wp\/v2\/posts\/29021\/revisions"}],"predecessor-version":[{"id":29023,"href":"https:\/\/centralmedia.rs\/index.php\/wp-json\/wp\/v2\/posts\/29021\/revisions\/29023"}],"wp:featuredmedia":[{"embeddable":true,"href":"https:\/\/centralmedia.rs\/index.php\/wp-json\/wp\/v2\/media\/29022"}],"wp:attachment":[{"href":"https:\/\/centralmedia.rs\/index.php\/wp-json\/wp\/v2\/media?parent=29021"}],"wp:term":[{"taxonomy":"category","embeddable":true,"href":"https:\/\/centralmedia.rs\/index.php\/wp-json\/wp\/v2\/categories?post=29021"},{"taxonomy":"post_tag","embeddable":true,"href":"https:\/\/centralmedia.rs\/index.php\/wp-json\/wp\/v2\/tags?post=29021"}],"curies":[{"name":"wp","href":"https:\/\/api.w.org\/{rel}","templated":true}]}}