{"id":29024,"date":"2021-11-16T13:49:29","date_gmt":"2021-11-16T12:49:29","guid":{"rendered":"http:\/\/centralmedia.rs\/?p=29024"},"modified":"2021-11-18T18:27:52","modified_gmt":"2021-11-18T17:27:52","slug":"doneta-odluka-o-izgradnji-spomenika-milosavu-zdravkovicu-resavcu","status":"publish","type":"post","link":"https:\/\/centralmedia.rs\/index.php\/2021\/11\/16\/doneta-odluka-o-izgradnji-spomenika-milosavu-zdravkovicu-resavcu\/","title":{"rendered":"DONETA ODLUKA O IZGRADNjI SPOMENIKA MILOSAVU ZDRAVKOVI\u0106U RESAVCU"},"content":{"rendered":"<p>SVILAJNAC-Komisija za spomenike i spomen obele\u017eja op\u0161tine Svilajnac donela je danas Odluku o prihvatanju Inicijative predsednika op\u0161tine Svilajnac Predraga Milanovi\u0107a za izgradnju spomenika istaknutoj istorijskoj li\u010dnosti na\u0161eg kraja, a i cele Srbije, Milosavu Zdravkovi\u0107u Resavcu.<\/p>\n<div id='gallery-1' class='gallery galleryid-29024 gallery-columns-3 gallery-size-thumbnail'><figure class='gallery-item'>\n\t\t\t<div class='gallery-icon landscape'>\n\t\t\t\t<a href='https:\/\/centralmedia.rs\/index.php\/2021\/11\/16\/doneta-odluka-o-izgradnji-spomenika-milosavu-zdravkovicu-resavcu\/resavac1\/'><img loading=\"lazy\" decoding=\"async\" width=\"150\" height=\"150\" src=\"https:\/\/centralmedia.rs\/wp-content\/uploads\/2021\/11\/resavac1-150x150.jpg\" class=\"attachment-thumbnail size-thumbnail\" alt=\"\" \/><\/a>\n\t\t\t<\/div><\/figure><figure class='gallery-item'>\n\t\t\t<div class='gallery-icon landscape'>\n\t\t\t\t<a href='https:\/\/centralmedia.rs\/index.php\/2021\/11\/16\/doneta-odluka-o-izgradnji-spomenika-milosavu-zdravkovicu-resavcu\/resavac2\/'><img loading=\"lazy\" decoding=\"async\" width=\"150\" height=\"150\" src=\"https:\/\/centralmedia.rs\/wp-content\/uploads\/2021\/11\/resavac2-150x150.jpg\" class=\"attachment-thumbnail size-thumbnail\" alt=\"\" \/><\/a>\n\t\t\t<\/div><\/figure><figure class='gallery-item'>\n\t\t\t<div class='gallery-icon landscape'>\n\t\t\t\t<a href='https:\/\/centralmedia.rs\/index.php\/2021\/11\/16\/doneta-odluka-o-izgradnji-spomenika-milosavu-zdravkovicu-resavcu\/resavac3\/'><img loading=\"lazy\" decoding=\"async\" width=\"150\" height=\"150\" src=\"https:\/\/centralmedia.rs\/wp-content\/uploads\/2021\/11\/resavac3-150x150.jpg\" class=\"attachment-thumbnail size-thumbnail\" alt=\"\" \/><\/a>\n\t\t\t<\/div><\/figure>\n\t\t<\/div>\n\n<p>Milosav Zdravkovi\u0107 Resavac zna\u010dajna je istorijska li\u010dnost i utemeljiva\u010d modernog Svilajnca posle Drugog srpskog ustanka.<\/p>\n","protected":false},"excerpt":{"rendered":"<p>SVILAJNAC-Komisija za spomenike i spomen obele\u017eja op\u0161tine Svilajnac donela je danas Odluku o prihvatanju Inicijative predsednika op\u0161tine Svilajnac Predraga Milanovi\u0107a za izgradnju spomenika istaknutoj istorijskoj &hellip; <\/p>\n","protected":false},"author":2,"featured_media":29025,"comment_status":"open","ping_status":"open","sticky":false,"template":"","format":"standard","meta":{"footnotes":""},"categories":[14,1524,2,887,12,1517],"tags":[5533,4381,38],"_links":{"self":[{"href":"https:\/\/centralmedia.rs\/index.php\/wp-json\/wp\/v2\/posts\/29024"}],"collection":[{"href":"https:\/\/centralmedia.rs\/index.php\/wp-json\/wp\/v2\/posts"}],"about":[{"href":"https:\/\/centralmedia.rs\/index.php\/wp-json\/wp\/v2\/types\/post"}],"author":[{"embeddable":true,"href":"https:\/\/centralmedia.rs\/index.php\/wp-json\/wp\/v2\/users\/2"}],"replies":[{"embeddable":true,"href":"https:\/\/centralmedia.rs\/index.php\/wp-json\/wp\/v2\/comments?post=29024"}],"version-history":[{"count":1,"href":"https:\/\/centralmedia.rs\/index.php\/wp-json\/wp\/v2\/posts\/29024\/revisions"}],"predecessor-version":[{"id":29029,"href":"https:\/\/centralmedia.rs\/index.php\/wp-json\/wp\/v2\/posts\/29024\/revisions\/29029"}],"wp:featuredmedia":[{"embeddable":true,"href":"https:\/\/centralmedia.rs\/index.php\/wp-json\/wp\/v2\/media\/29025"}],"wp:attachment":[{"href":"https:\/\/centralmedia.rs\/index.php\/wp-json\/wp\/v2\/media?parent=29024"}],"wp:term":[{"taxonomy":"category","embeddable":true,"href":"https:\/\/centralmedia.rs\/index.php\/wp-json\/wp\/v2\/categories?post=29024"},{"taxonomy":"post_tag","embeddable":true,"href":"https:\/\/centralmedia.rs\/index.php\/wp-json\/wp\/v2\/tags?post=29024"}],"curies":[{"name":"wp","href":"https:\/\/api.w.org\/{rel}","templated":true}]}}