{"id":29051,"date":"2021-11-18T15:21:42","date_gmt":"2021-11-18T14:21:42","guid":{"rendered":"http:\/\/centralmedia.rs\/?p=29051"},"modified":"2022-01-04T17:24:38","modified_gmt":"2022-01-04T16:24:38","slug":"bivsi-sef-odseka-policije-u-ubistvu-pantica-posrednu-ulogu-imale-i-drzavne-bezbednosne-structure","status":"publish","type":"post","link":"https:\/\/centralmedia.rs\/index.php\/2021\/11\/18\/bivsi-sef-odseka-policije-u-ubistvu-pantica-posrednu-ulogu-imale-i-drzavne-bezbednosne-structure\/","title":{"rendered":"BIV\u0160I \u0160EF ODSEKA POLICIJE : U ubistvu Panti\u0107a posrednu ulogu imale i dr\u017eavne bezbednosne strukture"},"content":{"rendered":"<p>Advokat Zlatan Vuli\u0107, nekada\u0161nji \u0161ef Odseka Ministarstva unutra\u0161njih poslova za privredni kriminal u Pomoravskom okrugu, izjavio je kako misli da su u ubistvu novinara &#8220;Ve\u010dernjih novosti&#8221; u Jagodini Milana Panti\u0107a &#8220;posrednu ulogu imale i dr\u017eavne bezbednosne strukture&#8221;.<\/p>\n<p>U razgovoru za NIN, on je rekao da je u vreme kada se do\u0161ao na to mesto bilo mnogo problema vezanih za privatizaciju Jagodinske pivare, ali i za poslovanje nekih drugih preduze\u0107a, kao i da je \u201eo\u010dito bilo da su pojedini inspektori podlegli interesima nekih grupa i pojedinaca\u201c.<\/p>\n<p>\u201eVa\u0161 kolega, novinar \u2018Ve\u010dernjih novosti\u2019 Milan Panti\u0107 ubijen je malo pre nego \u0161to sam ja do\u0161ao u kriminalisti\u010dku policiju 2002. Taj nerasvetljeni zlo\u010din je do danas ostao bruka ne samo za na\u0161 jagodinski SUP, ve\u0107 i za MUP Srbije, jer jo\u0161 uvek nije pravosna\u017eno okon\u010dan, tako da se ne zna ni ko je ubica, ni ko je bio nalogodavac\u201c, rekao je Vuli\u0107.<\/p>\n<p>Prema njegovim re\u010dima, \u201eMUP Srbije je od prvog dana vodio i kontrolisao istragu ubistva Panti\u0107a i diktirao \u0161ta i kada da se radi\u201c.<\/p>\n<p>On je rekao da su se \u201ei policija i pojedini ministri policije obrukali, tim pre \u0161to su vi\u0161e puta bez potrebe javno iznosili svoje pretpostavke i dileme \u0161ta je ubica stvarno hteo, da li je \u017eeleo da opomene i upla\u0161i novinara Panti\u0107a, ili da ga ubije?\u201c<\/p>\n<p>\u201eMislim da su u tom ubistvu posrednu ulogu imale i dr\u017eavne bezbednosne strukture. Takva devijacija srpske policije po\u010dela je jo\u0161 1946, kada je \u010duvala \u2018\u0107orave kutije\u2019 i nakon rata bez suda eliminisala protivnike re\u017eima. Na\u0161e bezbednosne slu\u017ebe, na\u017ealost, nisu tu tradiciju prekinule do dana dana\u0161njeg\u201c, rekao je Vuli\u0107.<\/p>\n<p>Kako je dodao, \u201eevo, jo\u0161 uvek se vodi postupak za ubistvo vlasnika i osniva\u010da \u2018Dnevnog telegrafa\u2019 i \u2018Evropljanina\u2019 Slavka \u0106uruvije, koji je, po svoj prilici, tako\u0111e ubijen uz u\u010de\u0161\u0107e bezbednosnih slu\u017ebi iz vremena re\u017eima Slobodana Milo\u0161evi\u0107a\u201c.<\/p>\n<p>On je rekao i da je pre \u010detiri godine napustio policiju kada je imao ose\u0107aj da su kriminalci ja\u010di od dr\u017eave.<\/p>\n<p>\u201eMoja odluka o napu\u0161tanju policije je postepeno sazrevala, jer sam imao sli\u010dan ose\u0107aj, kao i pre akcije \u2018Sablja\u2019, da su kriminalci postali ja\u010di od dr\u017eave. Iz ko sve zna kakvih razloga nije bilo na\u010dina da se va\u017eni predmeti procesuiraju na pravi na\u010din. Zato i ne \u010dudi \u0161to po\u010dinioci mnogih ubistava i drugih te\u0161kih krivi\u010dnih dela nisu otkriveni\u201c, ispri\u010dao je Vuli\u0107 za NIN nabrajaju\u0107i, iz sopstvenog iskustva, vi\u0161e slu\u010dajeva gde se, kako je ukazao, ume\u0161ala politika.<\/p>\n<p>On je rekao i da je progovorio o ovome \u017eele\u0107i da ohrabri \u010dasne profesinalce u svim dr\u017eavnim institucijama, policiji, sudstvu, tu\u017eila\u0161tvu i dugim slu\u017ebama, navode\u0107i da je njihova du\u017enost da odole svim isku\u0161enjima.<\/p>\n<p>&nbsp;<\/p>\n","protected":false},"excerpt":{"rendered":"<p>Advokat Zlatan Vuli\u0107, nekada\u0161nji \u0161ef Odseka Ministarstva unutra\u0161njih poslova za privredni kriminal u Pomoravskom okrugu, izjavio je kako misli da su u ubistvu novinara &#8220;Ve\u010dernjih &hellip; <\/p>\n","protected":false},"author":2,"featured_media":3362,"comment_status":"open","ping_status":"open","sticky":false,"template":"","format":"standard","meta":{"footnotes":""},"categories":[1524,20,2,5643,1514,887,12],"tags":[58,462,130,1359],"_links":{"self":[{"href":"https:\/\/centralmedia.rs\/index.php\/wp-json\/wp\/v2\/posts\/29051"}],"collection":[{"href":"https:\/\/centralmedia.rs\/index.php\/wp-json\/wp\/v2\/posts"}],"about":[{"href":"https:\/\/centralmedia.rs\/index.php\/wp-json\/wp\/v2\/types\/post"}],"author":[{"embeddable":true,"href":"https:\/\/centralmedia.rs\/index.php\/wp-json\/wp\/v2\/users\/2"}],"replies":[{"embeddable":true,"href":"https:\/\/centralmedia.rs\/index.php\/wp-json\/wp\/v2\/comments?post=29051"}],"version-history":[{"count":3,"href":"https:\/\/centralmedia.rs\/index.php\/wp-json\/wp\/v2\/posts\/29051\/revisions"}],"predecessor-version":[{"id":29054,"href":"https:\/\/centralmedia.rs\/index.php\/wp-json\/wp\/v2\/posts\/29051\/revisions\/29054"}],"wp:featuredmedia":[{"embeddable":true,"href":"https:\/\/centralmedia.rs\/index.php\/wp-json\/wp\/v2\/media\/3362"}],"wp:attachment":[{"href":"https:\/\/centralmedia.rs\/index.php\/wp-json\/wp\/v2\/media?parent=29051"}],"wp:term":[{"taxonomy":"category","embeddable":true,"href":"https:\/\/centralmedia.rs\/index.php\/wp-json\/wp\/v2\/categories?post=29051"},{"taxonomy":"post_tag","embeddable":true,"href":"https:\/\/centralmedia.rs\/index.php\/wp-json\/wp\/v2\/tags?post=29051"}],"curies":[{"name":"wp","href":"https:\/\/api.w.org\/{rel}","templated":true}]}}