{"id":29055,"date":"2021-11-18T18:02:45","date_gmt":"2021-11-18T17:02:45","guid":{"rendered":"http:\/\/centralmedia.rs\/?p=29055"},"modified":"2022-01-04T17:24:30","modified_gmt":"2022-01-04T16:24:30","slug":"gfk-jagodina-dukic-vredao-sudiju-i-gledaoce-nije-hteo-da-napusti-prostorije","status":"publish","type":"post","link":"https:\/\/centralmedia.rs\/index.php\/2021\/11\/18\/gfk-jagodina-dukic-vredao-sudiju-i-gledaoce-nije-hteo-da-napusti-prostorije\/","title":{"rendered":"GFK Jagodina: DUKI\u0106 ,,Vre\u0111ao sudiju i gledaoce, nije hteo da napusti prostorije\u201d"},"content":{"rendered":"<p>JAGODINA-\u00a0Na me\u010du izme\u0111u Jagodine i Jedinstva iz Para\u0107ina koji je igran prethodnog vikenda vi\u0111ene su nemile scene po\u0161to je u tu\u010di koja je nastala povrede zadobio predstavnik gostiju, prenose beogradski mediji.\u00a0Posle optu\u017ebi proteklih dana, saop\u0161tenje je dao GFK Jagodina u kojem se navodi da je Du\u0161ko Duki\u0107, predstavnik FK Jedinstvo na utakmici, izneo beskrupulozne la\u017ei, da je vre\u0111ao sudiju i gledaoce, kao i da nakon isklju\u010denja nije \u017eeleo da napusti slu\u017ebene prostorije.<\/p>\n<p><strong>Saop\u0161tenje Jagodine prenosimo u celosti u nastavku teksta<\/strong><strong><em>:<\/em><\/strong><\/p>\n<p>Pro\u0161lo je skoro nedelju dana a da se nismo ogla\u0161avali po pitanju incidenta na utakmici FK,GFK Jagodina&#8221; &#8211; \u201eJedinstvo&#8221; Para\u0107in koji je izazvao predstavnik gostiju Duki\u0107 Du\u0161ko. I danas se ne bi ogla\u0161avali u nameri da pustimo disciplinske organe FS RIS i dr\u017eavne organe da bez pritiska rade svoj posao.<\/p>\n<p>Kako je u prethodnih nekoliko dana u medijima izneseno mnogo neistina i beskrupoloznih la\u017ei od strane Duki\u0107 Du\u0161ka i FK \u201eJedinstva&#8221; prinudjeni smo da javnosti saop\u0161timo jedinu istinu.<\/p>\n<p>Utakmica je do &#8217;85 min. odigrana u krajnje sportskoj atmosferi, a tada je Jagodina postigla regularan gol i kada su svi prisutni o\u010dekivali da gosti krenu sa centra, krenuli su nevi\u0111eni pritisci gostuju\u0107ih igra\u010da koji su bili predvo\u0111eni Du\u0161kom Duki\u0107em, \u010dovekom koji je na toj utakmici predstavljao svoj fudbalski klub.<\/p>\n<p>Vre\u0111anje i pretnje sudijama koje je Duki\u0107 uputio \u010duli su \u010dak i gledaoci na tribinama. Reagovanje sudije utakmice na to bilo je isklju\u010denje Duki\u0107a. Me\u0111utim, on nije \u017eeleo da napusti teren i slu\u017ebene prostorije \u0161to se jasno mo\u017ee videti na snimku sa utakmice. Po propisima FSS-a utakmica se ne mo\u017ee nastaviti dok isklju\u010deno lice ne napusti teren za igru i slu\u017ebene prostorije.<\/p>\n<p>Realno je postojala opasnost da sudija prekine utakmicu na \u0161tetu doma\u0107ina koji je du\u017ean da obezbedi nesmetano odigravanje utakmice i po\u0161tovanje propisa FSS-a.<\/p>\n<p>Dakle, Duki\u0107 Du\u0161ko je lice koje je izba\u010deno sa jednog sportskog doga\u0111aja, a neko se obi\u010dno izbaci iz nekog doga\u0111aja, o\u010digledno, zato \u0161to mu tu nije mesto. A psovke i pretnje koje je Duki\u0107 upu\u0107ivao svima, od redara, igra\u010da i slu\u017ebenih lica ,GFK Jagodina&#8221; se ne mogu ni pobrojati. Isto pona\u0161anje je nastavio i sa ulaza u tunel gde su morala da reaguju zvani\u010dna lica i obezbede da on napusti stadio. Njegovo agresivno pona\u0161anje je doprinelo da u sam tunel u\u0111u gotovo svi igra\u010di jednog i drugog tima, \u0161to se tako\u0111e jasno mo\u017ee videti na snimku. Vi\u0161e od 10 minuta u tunelu je bilo vi\u0161e od 30 ljudi, jedni \u017eele\u0107i da izbace Duki\u0107a van stadiona po nalogu sudije i delegata, kako bi utakmicu priveli kraju, a drugi brane\u0107i da se to desi.<\/p>\n<p>O svemu onome \u0161to se doga\u0111alo, istina je sasvim druga\u010dija, vinovnik incidenta je Duki\u0107 Du\u0161ko, a na koji na\u010din je on zadobio povrede utvrdi\u0107e istraga. Napominjemo da je isti taj Duki\u0107 Du\u0161ko sli\u010dne probleme pravio i pre dve nedelje samo na utakmici FK , Radni\u010dki&#8221; Svilajnac &#8211; FK \u201eJedinstvo&#8221; Para\u0107in, kada je na isti na\u010din vre\u0111ao i pretio doma\u0107im predstavnicima. Ali i pored sve \u017eelje da se on istakne jedino \u0107e ostati zapam\u0107en po incidentima.<\/p>\n<p>Ovim tako\u0111e obave\u0161tavamo javnost i sve medije koji su la\u017ene izjave prenosili, da \u0107emo protiv svih njih, uklju\u010duju\u0107i i Duki\u0107 Du\u0161ka pod hitno pokrenuti tu\u017ebe, a naro\u010dito zbog u\u010dinjenih prekr\u0161aja objavljivanja la\u017enih imena i prezimena, kr\u0161enja zakona i obmanjivanja javnosti u toku istra\u017enog postupka.<\/p>\n<p>FK ,,GFK Jagodina&#8221; je na raspolaganju organima FS RIS-a i tu\u017eila\u0161tvu, a sve u cilju utvr\u0111ivanja prave istine, u tom smislu predati su i snimci sa bezbednosnih kamera, stoji u saop\u0161tenju GFK Jagodina.<\/p>\n<p>Na me\u010du izme\u0111u Jagodine i Jedinstva iz Para\u0107ina koji je igran prethodnog vikenda vi\u0111ene su nemile scene po\u0161to je u tu\u010di koja je nastala povrede zadobio predstavnik gostiju, prenose beogradski mediji.\u00a0Duki\u0107 je tvrdio da su ga pretukli \u010delnici GFK Jagodina, \u0161to se poimeni\u010dno tvrdi i u saop\u0161tenju FK Jedinstvo.<\/p>\n<p>Mediji prenose re\u010di Duki\u0107a iz bolnice koji navodi da je na njega nasrnuli \u010delnici GFK Jagodina. Prema objavljenim informacijama u medijima Duki\u0107 je zadobio posekotine, frakturu nosa i pukla mu je plu\u0107na maramica.<\/p>\n<p>Duki\u0107 je pre funkcionerske karijere dugo bio i fudbaler, a nastupao je za Hajduk iz Kule, Vo\u017edovac, Spartak iz Subotice, a u nekoliko navrata i za Jagodinu.<\/p>\n<p>Dok je igrao za Hajduk iz Kule imao je sukob i sa fudbalerom Crvene zvezde Ognjenom Koromanom, koji ga je napao u tunelu &#8220;Marakane&#8221;. Kasnije se Koroman izvinio, ali je Duki\u0107 pretio tu\u017ebom.<\/p>\n","protected":false},"excerpt":{"rendered":"<p>JAGODINA-\u00a0Na me\u010du izme\u0111u Jagodine i Jedinstva iz Para\u0107ina koji je igran prethodnog vikenda vi\u0111ene su nemile scene po\u0161to je u tu\u010di koja je nastala povrede &hellip; <\/p>\n","protected":false},"author":2,"featured_media":24119,"comment_status":"open","ping_status":"open","sticky":false,"template":"","format":"standard","meta":{"footnotes":""},"categories":[1524,2,1514,5643,887,21,12],"tags":[5542,5541,5095,4819],"_links":{"self":[{"href":"https:\/\/centralmedia.rs\/index.php\/wp-json\/wp\/v2\/posts\/29055"}],"collection":[{"href":"https:\/\/centralmedia.rs\/index.php\/wp-json\/wp\/v2\/posts"}],"about":[{"href":"https:\/\/centralmedia.rs\/index.php\/wp-json\/wp\/v2\/types\/post"}],"author":[{"embeddable":true,"href":"https:\/\/centralmedia.rs\/index.php\/wp-json\/wp\/v2\/users\/2"}],"replies":[{"embeddable":true,"href":"https:\/\/centralmedia.rs\/index.php\/wp-json\/wp\/v2\/comments?post=29055"}],"version-history":[{"count":3,"href":"https:\/\/centralmedia.rs\/index.php\/wp-json\/wp\/v2\/posts\/29055\/revisions"}],"predecessor-version":[{"id":29058,"href":"https:\/\/centralmedia.rs\/index.php\/wp-json\/wp\/v2\/posts\/29055\/revisions\/29058"}],"wp:featuredmedia":[{"embeddable":true,"href":"https:\/\/centralmedia.rs\/index.php\/wp-json\/wp\/v2\/media\/24119"}],"wp:attachment":[{"href":"https:\/\/centralmedia.rs\/index.php\/wp-json\/wp\/v2\/media?parent=29055"}],"wp:term":[{"taxonomy":"category","embeddable":true,"href":"https:\/\/centralmedia.rs\/index.php\/wp-json\/wp\/v2\/categories?post=29055"},{"taxonomy":"post_tag","embeddable":true,"href":"https:\/\/centralmedia.rs\/index.php\/wp-json\/wp\/v2\/tags?post=29055"}],"curies":[{"name":"wp","href":"https:\/\/api.w.org\/{rel}","templated":true}]}}