{"id":29060,"date":"2021-11-19T10:02:28","date_gmt":"2021-11-19T09:02:28","guid":{"rendered":"http:\/\/centralmedia.rs\/?p=29060"},"modified":"2022-01-04T17:24:21","modified_gmt":"2022-01-04T16:24:21","slug":"palma-svi-smo-mi-savini-i-da-cuvamo-pravoslavne-i-porodicne-vrednosti","status":"publish","type":"post","link":"https:\/\/centralmedia.rs\/index.php\/2021\/11\/19\/palma-svi-smo-mi-savini-i-da-cuvamo-pravoslavne-i-porodicne-vrednosti\/","title":{"rendered":"PALMA : SVI SMO MI SAVINI I DA \u010cUVAMO PRAVOSLAVNE I PORODI\u010cNE VREDNOSTI"},"content":{"rendered":"<p>&#8220;Mnoge crkve i manastiri su arhitektonski sli\u010dni, ali manastir Hilandar je jedini koji ima nesto \u0161to \u017eivi preko 800 godina, a to je loza Svetog Simeona koja i danas poma\u017ee porodicama, koje nisu mogle da imaju decu. Svaka stopa Hilandara je sveta i ovde se ose\u0107a pozitivan pritisak u vazduhu i na\u0161 zadatak je da apelujemo da svaki Srbin ispuni ono \u0161to je jo\u0161 Sveti Sava govorio, a to je da bar jednom za svog \u017eivota dodje na Hilandar. I zato smo svi mi Savini&#8221; izjavio je na Hilandaru predsednik Jedinstvene Srbije Dragan Markovi\u0107 Palma. Markovi\u0107 se zahvalio igumanu manastira Hilandar na prijemu i poru\u010dio da se moraju \u010duvati pravoslavne i porodi\u010dne vrednosti. &#8220;Mi se zala\u017eemo za to da porodica bude \u017eiva i zdrava, da ljudi \u017eive od svog rada i da \u010duvamo na\u0161u Srpsku pravoslavnu crkvu. I mi smo po\u010dastvovani kao poslanici Skup\u0161tine Srbije u ovom sazivu \u0161to smo izglasali Zakon o Hilandaru \u010dime je ovaj manastir institucionalizovan. Ako su neke nevladine organizacije primale pare iz bud\u017eeta Srbije, a radili su na \u0161tetu gradjana Srbije, mi smo ponosni \u0161to je sada na dr\u017eavnom bud\u017eetu na\u0161 sveti manastir Hilandar. Pre ste o\u010de igumane imali moralnu podr\u0161ku, ali sada imate i moralnu i materijalnu&#8221; rekao je Markovi\u0107 u razgovoru sa igumanom Metodijem i naglasio da je duhovni zadatak svih nas da se jo\u0161 vi\u0161e borimo za ono \u0161to je srpska tradicija. Markovi\u0107 je igumanu Metodiju preneo pozdrave predsednika Republike Srbije Aleksandra Vu\u010di\u0107a i predsednika Narodne Skup\u0161tine Republike Srbije Ivice Da\u010di\u0107a.<\/p>\n<div id='gallery-1' class='gallery galleryid-29060 gallery-columns-3 gallery-size-thumbnail'><figure class='gallery-item'>\n\t\t\t<div class='gallery-icon landscape'>\n\t\t\t\t<a href='https:\/\/centralmedia.rs\/index.php\/2021\/11\/19\/palma-svi-smo-mi-savini-i-da-cuvamo-pravoslavne-i-porodicne-vrednosti\/palma-hilandar\/'><img loading=\"lazy\" decoding=\"async\" width=\"150\" height=\"150\" src=\"https:\/\/centralmedia.rs\/wp-content\/uploads\/2021\/11\/palma-hilandar-150x150.jpg\" class=\"attachment-thumbnail size-thumbnail\" alt=\"\" \/><\/a>\n\t\t\t<\/div><\/figure><figure class='gallery-item'>\n\t\t\t<div class='gallery-icon landscape'>\n\t\t\t\t<a href='https:\/\/centralmedia.rs\/index.php\/2021\/11\/19\/palma-svi-smo-mi-savini-i-da-cuvamo-pravoslavne-i-porodicne-vrednosti\/palma-hilandar1\/'><img loading=\"lazy\" decoding=\"async\" width=\"150\" height=\"150\" src=\"https:\/\/centralmedia.rs\/wp-content\/uploads\/2021\/11\/palma-hilandar1-150x150.jpg\" class=\"attachment-thumbnail size-thumbnail\" alt=\"\" \/><\/a>\n\t\t\t<\/div><\/figure><figure class='gallery-item'>\n\t\t\t<div class='gallery-icon landscape'>\n\t\t\t\t<a href='https:\/\/centralmedia.rs\/index.php\/2021\/11\/19\/palma-svi-smo-mi-savini-i-da-cuvamo-pravoslavne-i-porodicne-vrednosti\/palma-hilandar2\/'><img loading=\"lazy\" decoding=\"async\" width=\"150\" height=\"150\" src=\"https:\/\/centralmedia.rs\/wp-content\/uploads\/2021\/11\/palma-hilandar2-150x150.jpg\" class=\"attachment-thumbnail size-thumbnail\" alt=\"\" \/><\/a>\n\t\t\t<\/div><\/figure>\n\t\t<\/div>\n\n<p>METODIJE : HVALA SVIM POSLANICIMA U SKUP\u0160TINI SRBIJE<\/p>\n<p>&#8220;Po\u0161to je u ovoj delegaciji 6 poslanika iz Skup\u0161tine Srbije, ovo je i prilika da se zahvalim svim poslanicima Narodne Skup\u0161tine Republike Srbije \u0161to su izglasali Zakon o za\u0161titi nasledja svetog manastira Hilandara&#8221;, rekao je Metodije. &#8220;\u010cuvanje porodi\u010dnih vrednosti je va\u017eno, bez obzira \u0161to monasi na drugi na\u010din slu\u017ee rodu i Bogu. Ba\u0161 kao \u0161to i loza Svetog Simeona iz Hilandara poma\u017ee u radjanju dece mi u manastiru Hilandar \u010duvamo predanje crkveno da su porodi\u010dne vrednosti najva\u017enije. I nadamo se da ce Bo\u017eiji put da pobedi&#8221; istakao je iguman manastira Hilandar Metodije. U srpskoj delegaciji u poseti manastiru Hilandar, osim Markovi\u0107a bili su i poslanici Jedinstvene Srbije \u017divota Star\u010devi\u0107 , Vojislav Vuji\u0107 , Djordje Kosani\u0107, Nenad Filipovi\u0107 i Slavenko Unkovi\u0107. U delegaciji su bili i na\u010delnik Pomoravskog okruga Goran Milosavljevi\u0107, poverenik manastira Hilandar za Srbiju Milo\u0161 Stojkovi\u0107, lekari, privrednici i sportisti. Markovi\u0107 i \u010dlanovi srpske delegacije prisustvovali su i jutarnjoj liturgiji u manastiru Hilandar, a obi\u0161li su i sve najzna\u010dajnije ta\u010dke Hilandara kao \u0161to su \u010dudotvorna loza Svetog Simeona, maslina koju je zasadio Car Du\u0161an, krst Aleksandra Obrenovi\u0107a, riznicu i manastirsku biblioteku, a bili su i u vinariji manastira Hilandar. \u010clanovi delegacije iz Srbije na \u010delu sa Draganom Markovi\u0107em Palmom prespavali su jednu no\u0107 u manastirskim odajama.<\/p>\n","protected":false},"excerpt":{"rendered":"<p>&#8220;Mnoge crkve i manastiri su arhitektonski sli\u010dni, ali manastir Hilandar je jedini koji ima nesto \u0161to \u017eivi preko 800 godina, a to je loza Svetog &hellip; <\/p>\n","protected":false},"author":2,"featured_media":29061,"comment_status":"open","ping_status":"open","sticky":false,"template":"","format":"standard","meta":{"footnotes":""},"categories":[1524,2,5643,1514,13,887,12],"tags":[150,3134,5543,120],"_links":{"self":[{"href":"https:\/\/centralmedia.rs\/index.php\/wp-json\/wp\/v2\/posts\/29060"}],"collection":[{"href":"https:\/\/centralmedia.rs\/index.php\/wp-json\/wp\/v2\/posts"}],"about":[{"href":"https:\/\/centralmedia.rs\/index.php\/wp-json\/wp\/v2\/types\/post"}],"author":[{"embeddable":true,"href":"https:\/\/centralmedia.rs\/index.php\/wp-json\/wp\/v2\/users\/2"}],"replies":[{"embeddable":true,"href":"https:\/\/centralmedia.rs\/index.php\/wp-json\/wp\/v2\/comments?post=29060"}],"version-history":[{"count":2,"href":"https:\/\/centralmedia.rs\/index.php\/wp-json\/wp\/v2\/posts\/29060\/revisions"}],"predecessor-version":[{"id":29065,"href":"https:\/\/centralmedia.rs\/index.php\/wp-json\/wp\/v2\/posts\/29060\/revisions\/29065"}],"wp:featuredmedia":[{"embeddable":true,"href":"https:\/\/centralmedia.rs\/index.php\/wp-json\/wp\/v2\/media\/29061"}],"wp:attachment":[{"href":"https:\/\/centralmedia.rs\/index.php\/wp-json\/wp\/v2\/media?parent=29060"}],"wp:term":[{"taxonomy":"category","embeddable":true,"href":"https:\/\/centralmedia.rs\/index.php\/wp-json\/wp\/v2\/categories?post=29060"},{"taxonomy":"post_tag","embeddable":true,"href":"https:\/\/centralmedia.rs\/index.php\/wp-json\/wp\/v2\/tags?post=29060"}],"curies":[{"name":"wp","href":"https:\/\/api.w.org\/{rel}","templated":true}]}}