{"id":29070,"date":"2021-11-21T15:15:26","date_gmt":"2021-11-21T14:15:26","guid":{"rendered":"http:\/\/centralmedia.rs\/?p=29070"},"modified":"2022-01-04T17:23:51","modified_gmt":"2022-01-04T16:23:51","slug":"palma-prava-istina-je-da-nema-svade-izmedu-sps-i-jedinstvene-srbije-predlozicu-dacicu-da-potpisemo-sporazum-o-saradnji-kako-bi-to-svima-bilo-jasno","status":"publish","type":"post","link":"https:\/\/centralmedia.rs\/index.php\/2021\/11\/21\/palma-prava-istina-je-da-nema-svade-izmedu-sps-i-jedinstvene-srbije-predlozicu-dacicu-da-potpisemo-sporazum-o-saradnji-kako-bi-to-svima-bilo-jasno\/","title":{"rendered":"PALMA : PRAVA ISTINA JE DA NEMA SVA\u0110E IZME\u0110U SPS I JEDINSTVENE SRBIJE, PREDLO\u017dI\u0106U DA\u010cI\u0106U DA POTPI\u0160EMO SPORAZUM O SARADNJI KAKO BI TO SVIMA BILO JASNO"},"content":{"rendered":"<p>\u201cPosle natpisa u nekim medijima da ima u SPSu nekih koji su navodno nezadovoljni \u0161to, kao je pisalo \u201cJedinstvena Srbija ima navodno veliki procenat unutar koalicije SPS \u2013 Jedinstvena Srbija\u201d, pozvao me Ivica Da\u010di\u0107 i rekao mi da to nije ta\u010dno i da njemu nije poznato da je bilo ko iz SPS to rekao, niti na Glavnom odboru, niti na Predsedni\u0161tvu SPS. Ivica Da\u010di\u0107 i ja imamo veoma dobru saradnju i veoma dobra je saradnja izme\u0111u dve partije, SPSa i Jedinstvene Srbije. Ova koalicija traje od 2008. godine i mo\u017eda nekom sa strane smeta to na\u0161e jedinstvo i bratstvo, izme\u0111u mene i Ivice Da\u010di\u0107a i mo\u017eda neko tako i misli, ali niko to nije izgovorio. Pozvao me i \u017darko Obradovi\u0107 i rekao mi je da to nije istina. Ja \u0107u predlo\u017eiti Ivici Da\u010di\u0107u da SPS i Jedinstvena Srbija potpi\u0161u jedan sporazum o saradnji, kako bi svima bilo jasno u kakvom su odnosu ove dve partije. Mediji mogu da pi\u0161u \u0161ta ho\u0107e, to je njihovo autonomno pravo, ali prava istina je da ne postoji sva\u0111a izme\u0111u Socijalisti\u010dke partije Srbije i Jedinstvene Srbije\u201d, rekao je danas za TV Pink predsednik Jedinstvene Srbije Dragan Markovi\u0107 Palma.<\/p>\n<p>\u201cIvica Da\u010di\u0107 i ja razgovorali smo pro\u0161le nedelje o zajdni\u010dkoj podr\u0161ci kandidatu za predsednika Srbije, aktuelnom predsedniku Srbije i predsedniku SNSa Aleksandru Vu\u010di\u0107u i tu nema prepreka. Jo\u0161 uvek ne znamo da li \u0107e SPS i Jedinstvena Srbija biti na zajedni\u010dkoj listi za parlamentarne izbore sa Srpskom naprednom strankom ili \u0107emo i\u0107i posebno, ali moram da ka\u017eem da sve ono \u0161to je ura\u0111eno u Srbiji proteklih godina najve\u0107e zasluge ima Aleksnadar Vu\u010di\u0107, ali i mi imamo zasluge i SPS i Jedinstvena Srbija, glasali smo za sve predloge koji su doneli boljitak gra\u0111anima Srbije. Ja sam obi\u0161ao 6 \u2013 7 dr\u017eava u poslednje vreme i svuda sam bio pravi predstavnik Srbije. Ivica Da\u010di\u0107 i ja imamo rezultate. Da\u010di\u010d kada je bio ministar spoljnih poslova 18 dr\u017eava je povuklo priznanje takozvanog nezavisnog Kosova. Mnogo toga smo uradili za Srbiju i na lokalnom i na dr\u017eavnom nivou. Ja mislim da to o navodnom nezadovoljstvu u SPS nije rekao niko iz SPS, mada SPS je velika partija i mo\u017eda neko ima takvo mi\u0161ljenje, kao \u0161to i u Jedinstvenoj Srbiji neki su mi\u0161ljenja da samostalno mogu iza\u0107i na lokalne izbore. Ivica Da\u010di\u0107 i ja smo se dogovorili i ako oni na lokalnom nivou smatraju da samostalno mogu da postignu rezultat neka iza\u0111u samostalno. Tako je Jedinstvena Srbija iza\u0161la samostalno u 18 gradova i op\u0161tina i u 14 smo samostalno pre\u0161li cenzus. Recimo u Leskovcu gde ima 120 000 stanovnika Jedinstvena Srbija je samostalno dobila 9 posto glasova podr\u0161ke, u Vranju gde ima 85 000 stanovnika Jedinstvena Srbija je samostalno dobila preko 9 posto podr\u0161ke gra\u0111ana na lokalnim izborima. Oni anketari koji daju Jedinstvenoj Srbiji 1 posto vide\u0107e da su proma\u0161ili. Nije to kladionica za klubove, ovde postoji rezultat koji je vidljiv i jasan\u201d, rekao je Markovi\u0107.<\/p>\n","protected":false},"excerpt":{"rendered":"<p>\u201cPosle natpisa u nekim medijima da ima u SPSu nekih koji su navodno nezadovoljni \u0161to, kao je pisalo \u201cJedinstvena Srbija ima navodno veliki procenat unutar &hellip; <\/p>\n","protected":false},"author":2,"featured_media":29071,"comment_status":"open","ping_status":"open","sticky":false,"template":"","format":"standard","meta":{"footnotes":""},"categories":[1524,2,1514,5643,13,887,12],"tags":[702,120,1105,406],"_links":{"self":[{"href":"https:\/\/centralmedia.rs\/index.php\/wp-json\/wp\/v2\/posts\/29070"}],"collection":[{"href":"https:\/\/centralmedia.rs\/index.php\/wp-json\/wp\/v2\/posts"}],"about":[{"href":"https:\/\/centralmedia.rs\/index.php\/wp-json\/wp\/v2\/types\/post"}],"author":[{"embeddable":true,"href":"https:\/\/centralmedia.rs\/index.php\/wp-json\/wp\/v2\/users\/2"}],"replies":[{"embeddable":true,"href":"https:\/\/centralmedia.rs\/index.php\/wp-json\/wp\/v2\/comments?post=29070"}],"version-history":[{"count":1,"href":"https:\/\/centralmedia.rs\/index.php\/wp-json\/wp\/v2\/posts\/29070\/revisions"}],"predecessor-version":[{"id":29072,"href":"https:\/\/centralmedia.rs\/index.php\/wp-json\/wp\/v2\/posts\/29070\/revisions\/29072"}],"wp:featuredmedia":[{"embeddable":true,"href":"https:\/\/centralmedia.rs\/index.php\/wp-json\/wp\/v2\/media\/29071"}],"wp:attachment":[{"href":"https:\/\/centralmedia.rs\/index.php\/wp-json\/wp\/v2\/media?parent=29070"}],"wp:term":[{"taxonomy":"category","embeddable":true,"href":"https:\/\/centralmedia.rs\/index.php\/wp-json\/wp\/v2\/categories?post=29070"},{"taxonomy":"post_tag","embeddable":true,"href":"https:\/\/centralmedia.rs\/index.php\/wp-json\/wp\/v2\/tags?post=29070"}],"curies":[{"name":"wp","href":"https:\/\/api.w.org\/{rel}","templated":true}]}}