{"id":29088,"date":"2021-11-23T15:31:32","date_gmt":"2021-11-23T14:31:32","guid":{"rendered":"http:\/\/centralmedia.rs\/?p=29088"},"modified":"2021-11-27T19:01:35","modified_gmt":"2021-11-27T18:01:35","slug":"sasa-petrovic-iz-paracina-nacionalne-podele-ne-bi-smele-da-postoje-covek-je-covek-i-on-mora-biti-u-centru-svega","status":"publish","type":"post","link":"https:\/\/centralmedia.rs\/index.php\/2021\/11\/23\/sasa-petrovic-iz-paracina-nacionalne-podele-ne-bi-smele-da-postoje-covek-je-covek-i-on-mora-biti-u-centru-svega\/","title":{"rendered":"Sa\u0161a Petrovi\u0107 iz Para\u0107ina: Nacionalne podele ne bi smele da postoje. \u010covek je \u010dovek i on mora biti u centru svega"},"content":{"rendered":"<p>Zadru je Dan Grada \u010destitao Sa\u0161a Petrovi\u0107 iz Para\u0107ina u Srbiji. Petrovi\u0107 je u\u010destvovao u Malom maratonu Nin \u2013 Zadar, a u pismu Zadranima i onima kojima je Zadar u srcu obratio se toplim re\u010dima.<\/p>\n<p><img loading=\"lazy\" decoding=\"async\" class=\"alignnone wp-image-29091 size-large\" src=\"http:\/\/centralmedia.rs\/wp-content\/uploads\/2021\/11\/sasa-2-768x1024.jpg\" alt=\"\" width=\"640\" height=\"853\" srcset=\"https:\/\/centralmedia.rs\/wp-content\/uploads\/2021\/11\/sasa-2-768x1024.jpg 768w, https:\/\/centralmedia.rs\/wp-content\/uploads\/2021\/11\/sasa-2-225x300.jpg 225w, https:\/\/centralmedia.rs\/wp-content\/uploads\/2021\/11\/sasa-2-315x420.jpg 315w, https:\/\/centralmedia.rs\/wp-content\/uploads\/2021\/11\/sasa-2-640x853.jpg 640w, https:\/\/centralmedia.rs\/wp-content\/uploads\/2021\/11\/sasa-2-681x908.jpg 681w\" sizes=\"(max-width: 640px) 100vw, 640px\" \/><\/p>\n<p>-\u010cestitke Zadru povodom Dana Grada,Sveti Kr\u0161evan, iz Para\u0107ina, iz Srbije, u ime profesora fizi\u010dke kulture Sa\u0161e Petrovi\u0107a i ujedno promovisanje onih ideja koje su sa\u017eete u principima Me\u0111unarodnog Dana ljudskih prava (Za brzi oporavak \u2013 Istupi za ljudska prava; Recover better \u2013 Stand up for Human Rights), a to su pravo svih ljudi bez obzira na rasnu, versku ili nacionalnu pripadnost: SLOBODU, SIGURNOST I \u017dIVOT! To je ono \u0161to je na\u0161im ljudima trenutno i najpotrebnije! Sport i Olimpijski duh bi trebalo upravo da budu nosioci te iskonske ravnopravnosti i jednakosti, pa je zadarski Mali maraton Nin-Zadar bio idealna prilika za nosioca takvih ideja. Kao \u0161to su takmi\u010dari bili ju\u010de svi skupa, zajedno, ravnopravni i jednaki, pod istim uslovima na sportskoj stazi, tako bi trebalo da svi ljudi budu u svakodnevnom \u017eivotu! Nikakve granice, religije niti rasne ili nacionalne podele ne bi smele da dele ljude. \u010covek i samo \u010covek mora biti u centru svega.<\/p>\n<p>Dobar deo inspiracije prona\u0161ao sam i kod svog biv\u0161eg u\u010denika, a sada uspe\u0161nog pisca Stefana Simi\u0107a, koji je tako\u0111 gostovao u Zadru letos i istu poruku i ideju poslao Zadranima, ali i svim ljudima koji su \u017eeleli da je \u010duju! Stefan je svoju poruku poslao \u017eivom i pisanom re\u010dju!, napisao je Sa\u0161a Petrovi\u0107, iz Para\u0107ina.<\/p>\n","protected":false},"excerpt":{"rendered":"<p>Zadru je Dan Grada \u010destitao Sa\u0161a Petrovi\u0107 iz Para\u0107ina u Srbiji. Petrovi\u0107 je u\u010destvovao u Malom maratonu Nin \u2013 Zadar, a u pismu Zadranima i &hellip; <\/p>\n","protected":false},"author":2,"featured_media":29089,"comment_status":"open","ping_status":"open","sticky":false,"template":"","format":"standard","meta":{"footnotes":""},"categories":[1524,2,1516,13,887,12],"tags":[156,5548,5549],"_links":{"self":[{"href":"https:\/\/centralmedia.rs\/index.php\/wp-json\/wp\/v2\/posts\/29088"}],"collection":[{"href":"https:\/\/centralmedia.rs\/index.php\/wp-json\/wp\/v2\/posts"}],"about":[{"href":"https:\/\/centralmedia.rs\/index.php\/wp-json\/wp\/v2\/types\/post"}],"author":[{"embeddable":true,"href":"https:\/\/centralmedia.rs\/index.php\/wp-json\/wp\/v2\/users\/2"}],"replies":[{"embeddable":true,"href":"https:\/\/centralmedia.rs\/index.php\/wp-json\/wp\/v2\/comments?post=29088"}],"version-history":[{"count":2,"href":"https:\/\/centralmedia.rs\/index.php\/wp-json\/wp\/v2\/posts\/29088\/revisions"}],"predecessor-version":[{"id":29092,"href":"https:\/\/centralmedia.rs\/index.php\/wp-json\/wp\/v2\/posts\/29088\/revisions\/29092"}],"wp:featuredmedia":[{"embeddable":true,"href":"https:\/\/centralmedia.rs\/index.php\/wp-json\/wp\/v2\/media\/29089"}],"wp:attachment":[{"href":"https:\/\/centralmedia.rs\/index.php\/wp-json\/wp\/v2\/media?parent=29088"}],"wp:term":[{"taxonomy":"category","embeddable":true,"href":"https:\/\/centralmedia.rs\/index.php\/wp-json\/wp\/v2\/categories?post=29088"},{"taxonomy":"post_tag","embeddable":true,"href":"https:\/\/centralmedia.rs\/index.php\/wp-json\/wp\/v2\/tags?post=29088"}],"curies":[{"name":"wp","href":"https:\/\/api.w.org\/{rel}","templated":true}]}}