{"id":29109,"date":"2021-11-25T17:13:23","date_gmt":"2021-11-25T16:13:23","guid":{"rendered":"http:\/\/centralmedia.rs\/?p=29109"},"modified":"2022-01-04T17:21:45","modified_gmt":"2022-01-04T16:21:45","slug":"dacic-i-palma-potpisali-sporazum-o-zajednickoj-saradnji-i-delovanju-i-tako-odgovorili-na-natpise-o-navodnim-razmiricama-u-okviru-koalicije-sps-jedinstvena-srbija-dacic-kada-kazem-mi-mislim-na-ko","status":"publish","type":"post","link":"https:\/\/centralmedia.rs\/index.php\/2021\/11\/25\/dacic-i-palma-potpisali-sporazum-o-zajednickoj-saradnji-i-delovanju-i-tako-odgovorili-na-natpise-o-navodnim-razmiricama-u-okviru-koalicije-sps-jedinstvena-srbija-dacic-kada-kazem-mi-mislim-na-ko\/","title":{"rendered":"DA\u010cI\u0106 I PALMA POTPISALI SPORAZUM O ZAJEDNI\u010cKOJ SARADNJI I DELOVANJU I TAKO ODGOVORILI NA NATPISE O NAVODNIM RAZMIRICAMA U OKVIRU KOALICIJE SPS &#8211; JEDINSTVENA SRBIJA.  DA\u010cI\u0106 : KADA KA\u017dEM MI MISLIM NA KOALICIJU SPS &#8211; JEDINSTVENA SRBIJA"},"content":{"rendered":"<p>Sporazum je potpisan u prostorijama Predsedni\u0161tva Jedinstvene Srbije u Beogradu. &#8220;Mi smo danas potpisali politi\u010dki sporazum o nastavku zajedni\u010dkog delovanja Socijalisti\u010dke partije Srbije i Jedinstvene Srbije. Na\u0161a koalicija se ubraja u red najdugove\u010dnijih koalicija u Srbiji, nije mi poznato da je neka politi\u010dka koalicija du\u017ee trajala od koalicije SPS &#8211; Jedinstvena Srbija, a mi trajemo od 2008. godine. SPS i Jedinstvena Srbija imaju zajedni\u010dke ciljeve, a oni su jaka Srbija, o\u010duvanje nacionalnih i dr\u017eavnih interesa, socijalna pravda, ravnomerni razvoj Srbije i od po\u010detka se rukovodimo interesima gra\u0111ana Srbije, a ne uskostrana\u010dkim i li\u010dnim interesima. Jedinstvena Srbija ne pripada korpusu socijalisti\u010dkih stranaka, ali bi njeno ime po\u017eeleo celoj Srbiji, da bude jedinstvena. Mi ve\u0107 imamo koalicioni sporazum, a nakon \u0161to su se pojavile neke pri\u010de o medijima o nekom navodnom neslaganju dogovorili smo se da ovaj danas potpisani sporazum bude odgovor na te napise. To zna\u010di da \u0107e SPS i Jedinstvene Srbija zajedni\u010dki nastupiti i na slede\u0107im izborima. Postigli smo dogovor da na predsedni\u010dkim izborima naredne godine podr\u017eimo Aleksandra Vu\u010di\u0107a kao kandidata za predsednika Srbije. Ostalo je jo\u0161 da u razgovorima sa Srpskom naprednom strankom vidimo da li \u0107emo i na parlamentane i beogradske izbore iza\u0107i sa zajedni\u010dkom listom. Mi smo zadovoljni rezultatima koje je koalicija SPS &#8211; Jedinstvena Srbija postigla od svog nastanka 2008. godine do danas. Ja ne znam ta\u010dno odakle poti\u010du te pri\u010de o navodnom neslaganju unutar koalicije SPS &#8211; Jedinstvena Srbija, ali je jasno da to ne poti\u010de iz vladaju\u0107ih struktura, jer je i na pro\u0161lom sastanku predsednik Srbije i Srpske napredne stranke Aleksndar Vu\u010di\u0107 rekao da mi predlo\u017eimo na\u010din izlaska na slede\u0107e izbore. Ja kada ka\u017eem MI, mislim na koaliciju SPS &#8211; Jedinstvena Srbija. Mi nikada nismo da stolu imali bilo kakav problem vezano za raspodelu mandata i pre par dana je bila sednica Predsedni\u0161tva SPS i niko tako ne\u0161to kao probelm nije pomenuo niti je to ikada pomenuto&#8221;, izjavio je predsednik SPS Ivica Da\u010di\u0107.<\/p>\n<div id='gallery-1' class='gallery galleryid-29109 gallery-columns-3 gallery-size-large'><figure class='gallery-item'>\n\t\t\t<div class='gallery-icon landscape'>\n\t\t\t\t<a href='https:\/\/centralmedia.rs\/index.php\/2021\/11\/25\/dacic-i-palma-potpisali-sporazum-o-zajednickoj-saradnji-i-delovanju-i-tako-odgovorili-na-natpise-o-navodnim-razmiricama-u-okviru-koalicije-sps-jedinstvena-srbija-dacic-kada-kazem-mi-mislim-na-ko\/js-sps2\/'><img loading=\"lazy\" decoding=\"async\" width=\"760\" height=\"760\" src=\"https:\/\/centralmedia.rs\/wp-content\/uploads\/2021\/11\/js-sps2-1024x1024.jpg\" class=\"attachment-large size-large\" alt=\"\" srcset=\"https:\/\/centralmedia.rs\/wp-content\/uploads\/2021\/11\/js-sps2-1024x1024.jpg 1024w, https:\/\/centralmedia.rs\/wp-content\/uploads\/2021\/11\/js-sps2-150x150.jpg 150w, https:\/\/centralmedia.rs\/wp-content\/uploads\/2021\/11\/js-sps2-300x300.jpg 300w, https:\/\/centralmedia.rs\/wp-content\/uploads\/2021\/11\/js-sps2-768x768.jpg 768w, https:\/\/centralmedia.rs\/wp-content\/uploads\/2021\/11\/js-sps2-420x420.jpg 420w, https:\/\/centralmedia.rs\/wp-content\/uploads\/2021\/11\/js-sps2-640x640.jpg 640w, https:\/\/centralmedia.rs\/wp-content\/uploads\/2021\/11\/js-sps2-681x681.jpg 681w, https:\/\/centralmedia.rs\/wp-content\/uploads\/2021\/11\/js-sps2.jpg 1800w\" sizes=\"(max-width: 760px) 100vw, 760px\" \/><\/a>\n\t\t\t<\/div><\/figure><figure class='gallery-item'>\n\t\t\t<div class='gallery-icon landscape'>\n\t\t\t\t<a href='https:\/\/centralmedia.rs\/index.php\/2021\/11\/25\/dacic-i-palma-potpisali-sporazum-o-zajednickoj-saradnji-i-delovanju-i-tako-odgovorili-na-natpise-o-navodnim-razmiricama-u-okviru-koalicije-sps-jedinstvena-srbija-dacic-kada-kazem-mi-mislim-na-ko\/js-sps3\/'><img loading=\"lazy\" decoding=\"async\" width=\"760\" height=\"760\" src=\"https:\/\/centralmedia.rs\/wp-content\/uploads\/2021\/11\/js-sps3-1024x1024.jpg\" class=\"attachment-large size-large\" alt=\"\" srcset=\"https:\/\/centralmedia.rs\/wp-content\/uploads\/2021\/11\/js-sps3-1024x1024.jpg 1024w, https:\/\/centralmedia.rs\/wp-content\/uploads\/2021\/11\/js-sps3-150x150.jpg 150w, https:\/\/centralmedia.rs\/wp-content\/uploads\/2021\/11\/js-sps3-300x300.jpg 300w, https:\/\/centralmedia.rs\/wp-content\/uploads\/2021\/11\/js-sps3-768x768.jpg 768w, https:\/\/centralmedia.rs\/wp-content\/uploads\/2021\/11\/js-sps3-420x420.jpg 420w, https:\/\/centralmedia.rs\/wp-content\/uploads\/2021\/11\/js-sps3-640x640.jpg 640w, https:\/\/centralmedia.rs\/wp-content\/uploads\/2021\/11\/js-sps3-681x681.jpg 681w, https:\/\/centralmedia.rs\/wp-content\/uploads\/2021\/11\/js-sps3.jpg 1800w\" sizes=\"(max-width: 760px) 100vw, 760px\" \/><\/a>\n\t\t\t<\/div><\/figure><figure class='gallery-item'>\n\t\t\t<div class='gallery-icon portrait'>\n\t\t\t\t<a href='https:\/\/centralmedia.rs\/index.php\/2021\/11\/25\/dacic-i-palma-potpisali-sporazum-o-zajednickoj-saradnji-i-delovanju-i-tako-odgovorili-na-natpise-o-navodnim-razmiricama-u-okviru-koalicije-sps-jedinstvena-srbija-dacic-kada-kazem-mi-mislim-na-ko\/js-sps\/'><img loading=\"lazy\" decoding=\"async\" width=\"760\" height=\"955\" src=\"https:\/\/centralmedia.rs\/wp-content\/uploads\/2021\/11\/js-sps-815x1024.jpg\" class=\"attachment-large size-large\" alt=\"\" srcset=\"https:\/\/centralmedia.rs\/wp-content\/uploads\/2021\/11\/js-sps-815x1024.jpg 815w, https:\/\/centralmedia.rs\/wp-content\/uploads\/2021\/11\/js-sps-239x300.jpg 239w, https:\/\/centralmedia.rs\/wp-content\/uploads\/2021\/11\/js-sps-768x965.jpg 768w, https:\/\/centralmedia.rs\/wp-content\/uploads\/2021\/11\/js-sps-334x420.jpg 334w, https:\/\/centralmedia.rs\/wp-content\/uploads\/2021\/11\/js-sps-640x804.jpg 640w, https:\/\/centralmedia.rs\/wp-content\/uploads\/2021\/11\/js-sps-681x855.jpg 681w, https:\/\/centralmedia.rs\/wp-content\/uploads\/2021\/11\/js-sps.jpg 1433w\" sizes=\"(max-width: 760px) 100vw, 760px\" \/><\/a>\n\t\t\t<\/div><\/figure>\n\t\t<\/div>\n\n<p>PALMA : TE PRI\u010cE O SVA\u0110I UNUTAR KOALICIJE SPS &#8211; JEDINSTVENA SRBIJA PLASIRA OPOZICIJA<\/p>\n<p>&#8220;SPS i Jedinstvena Srbija su se u startu, 2008. godine dogovorile o zajedni\u010dkoj politi\u010dkoj platformi i do sada smo 80 posto realizovali iz na\u0161eg zajedni\u010dkog programa, a na\u0161 program su nova radna mesta, bolji \u017eivot gra\u0111ana Srbije, borba diplomatskim sredstvima za Kosovo i Metohiju i ulazak u Evropsku uniju. Za sve \u0161to je do sada dobro ura\u0111eno u Srbiji najzaslu\u017enija je najve\u0107a stranka Srpska napredna stranka, ali i na\u0161a koalicija ima zasluge, mi smo glasali u Skup\u0161tni Srbije za sve zakone koji su doneli dobro gra\u0111anima Srbije, dok je Da\u010di\u0107 bio ministar spoljnih psolova Srbije 18 dr\u017eava je povuklo priznanje takozvanog nezavisnog Kosova. Da se to nije desilo takozvano nezavinso Kosovo bi postalo \u010dlan INTERPOL &#8211; a i UNESK &#8211; a i onda bi svaki kosovski Albanac mogao sa dva svedoka da optu\u017ei Srbe za ko zna \u0161ta. Na\u0161a koalicija ima odli\u010dne odnose i saradnju sa Srpskom naprednom strankom i sa predsednikom Srbije Aleksandrom Vu\u010di\u0107em, tako da te pri\u010de o navodnim razmiricama unutar na\u0161e koalicije su do\u0161le iz opozicije i to iz onih partija koje su proistkele iz Demokratske stranke, a ima ih mnogo. Njima smeta \u0161to mi dugo trajemo, a ne sva\u0111amo se, a oni su iz svojih sujetnih i sli\u010dnih razloga rasturili Demkratsku stranku i napravili vi\u0161e manjih stranaka, kako bi oni bili predsednici tih malih partija. Nas ne mo\u017ee niko da posva\u0111a, a kamoli opozicija koja sve \u0161to ka\u017ee la\u017ee. Oni su toliko daleko oti\u0161li da zbog njihovig la\u017ei Srbija ima zastoj u evrointegracijama&#8221;, rekao je predsednik Jedinstvene Srbije Dragan Markovi\u0107 Palma.<\/p>\n<p>ZA SEDMU SILU SAVINO VINO SA HILANDARA<\/p>\n<p>Markovi\u0107 i Da\u010di\u0107 su pre same konferencije uslu\u017eili novinare, snimatelje i fotoreportere vinom sa Hilandara Savino vino, koje je Dragan Markovi\u0107 doneo sa posete pro\u0161le nedelje. Po\u0161to su \u010da\u0161e koje punio Da\u010di\u010d bile ne\u0161to punije Palma se na\u0161alio: &#8220;Brate ti da vodi\u0161 ugostiteljsku radnju brzo bi propao&#8221;<\/p>\n<p>Konferenciji za novinare su prisustvovali i narodni poslanici i potpredsednici ovih partija, iz SPS \u017darko Obradov\u0107 i \u0110or\u0111e Mili\u0107ervi\u0107 i Jedinstvene Srbije Marija Jev\u0111i\u0107 i \u017divota Star\u010devi\u0107.<\/p>\n","protected":false},"excerpt":{"rendered":"<p>Sporazum je potpisan u prostorijama Predsedni\u0161tva Jedinstvene Srbije u Beogradu. &#8220;Mi smo danas potpisali politi\u010dki sporazum o nastavku zajedni\u010dkog delovanja Socijalisti\u010dke partije Srbije i Jedinstvene &hellip; <\/p>\n","protected":false},"author":2,"featured_media":29110,"comment_status":"open","ping_status":"open","sticky":false,"template":"","format":"standard","meta":{"footnotes":""},"categories":[1524,2,5643,1514,887,21,12],"tags":[393,702,182,120,406],"_links":{"self":[{"href":"https:\/\/centralmedia.rs\/index.php\/wp-json\/wp\/v2\/posts\/29109"}],"collection":[{"href":"https:\/\/centralmedia.rs\/index.php\/wp-json\/wp\/v2\/posts"}],"about":[{"href":"https:\/\/centralmedia.rs\/index.php\/wp-json\/wp\/v2\/types\/post"}],"author":[{"embeddable":true,"href":"https:\/\/centralmedia.rs\/index.php\/wp-json\/wp\/v2\/users\/2"}],"replies":[{"embeddable":true,"href":"https:\/\/centralmedia.rs\/index.php\/wp-json\/wp\/v2\/comments?post=29109"}],"version-history":[{"count":1,"href":"https:\/\/centralmedia.rs\/index.php\/wp-json\/wp\/v2\/posts\/29109\/revisions"}],"predecessor-version":[{"id":29114,"href":"https:\/\/centralmedia.rs\/index.php\/wp-json\/wp\/v2\/posts\/29109\/revisions\/29114"}],"wp:featuredmedia":[{"embeddable":true,"href":"https:\/\/centralmedia.rs\/index.php\/wp-json\/wp\/v2\/media\/29110"}],"wp:attachment":[{"href":"https:\/\/centralmedia.rs\/index.php\/wp-json\/wp\/v2\/media?parent=29109"}],"wp:term":[{"taxonomy":"category","embeddable":true,"href":"https:\/\/centralmedia.rs\/index.php\/wp-json\/wp\/v2\/categories?post=29109"},{"taxonomy":"post_tag","embeddable":true,"href":"https:\/\/centralmedia.rs\/index.php\/wp-json\/wp\/v2\/tags?post=29109"}],"curies":[{"name":"wp","href":"https:\/\/api.w.org\/{rel}","templated":true}]}}