{"id":29116,"date":"2021-11-26T14:33:25","date_gmt":"2021-11-26T13:33:25","guid":{"rendered":"http:\/\/centralmedia.rs\/?p=29116"},"modified":"2022-01-04T17:21:33","modified_gmt":"2022-01-04T16:21:33","slug":"kikbokseri-srbije-prvaci-sveta-konovalov-najbolji-na-svetu","status":"publish","type":"post","link":"https:\/\/centralmedia.rs\/index.php\/2021\/11\/26\/kikbokseri-srbije-prvaci-sveta-konovalov-najbolji-na-svetu\/","title":{"rendered":"KIKBOKSERI SRBIJE PRVACI SVETA, KONOVALOV NAJBOLJI NA SVETU"},"content":{"rendered":"<p>JAGODINA- Reprezentacija Srbije u kikboksu na Svetskom prvenstvu u Italiji progla\u0161ena je za najbolju na svetu u disciplini loukik, Srbija je dobila 7 svetskih \u0161ampiona, a petostruki svetski prvak Aleksandar Konovalov za najboljeg kikboksera \u00a0prvenstva u konkurenciji blizu 1.600 takmi\u010dara. O uspesima reprezentacije govorili su Dragan Markovi\u0107 Palma vlasnik KBK Palmini tigrovi, predsednik Kikboks saveza Miodrag Joti\u0107 i selektor Sr\u0111an Radulovi\u0107.<\/p>\n<p>-Profesor Pelevi\u0107 i ja smo se izborili da kikboks ima status olimpijskog sporta u Srbiji, \u0161to je olak\u0161alo rad takmi\u010dara i klubova u svakom smislu. Ove godine smo pomogli savez da zavr\u0161i takmi\u010darku godinu, pripreme i odlazak na takmi\u010denja. O\u010dekujemo da na nekoj od narednih olimpijada u\u010destvuje kikboks. KBK Palmini tigrovi su primer kako treba da radi sa takmi\u010darima, imamo najuspe\u0161nijeg kikboksera u istoriji tog sporta Konovalova, on je najbolji sportista u istoriji Jagodine. Upu\u0107ujem molbu da se vakcini\u0161ete i nastavite da se borite. Uvek se se\u0107am prve borbe mog takmi\u010dara i mog ponosa zbog intoniranja himne. \u00a0\u010cestitam svima na uspehu, rekao je Markovi\u0107.<\/p>\n<div id='gallery-1' class='gallery galleryid-29116 gallery-columns-5 gallery-size-thumbnail'><figure class='gallery-item'>\n\t\t\t<div class='gallery-icon landscape'>\n\t\t\t\t<a href='https:\/\/centralmedia.rs\/index.php\/2021\/11\/26\/kikbokseri-srbije-prvaci-sveta-konovalov-najbolji-na-svetu\/reprezentacija-srbije1\/'><img loading=\"lazy\" decoding=\"async\" width=\"150\" height=\"150\" src=\"https:\/\/centralmedia.rs\/wp-content\/uploads\/2021\/11\/reprezentacija-srbije1-150x150.jpg\" class=\"attachment-thumbnail size-thumbnail\" alt=\"\" \/><\/a>\n\t\t\t<\/div><\/figure><figure class='gallery-item'>\n\t\t\t<div class='gallery-icon landscape'>\n\t\t\t\t<a href='https:\/\/centralmedia.rs\/index.php\/2021\/11\/26\/kikbokseri-srbije-prvaci-sveta-konovalov-najbolji-na-svetu\/reprezentacija-srbije2\/'><img loading=\"lazy\" decoding=\"async\" width=\"150\" height=\"150\" src=\"https:\/\/centralmedia.rs\/wp-content\/uploads\/2021\/11\/reprezentacija-srbije2-150x150.jpg\" class=\"attachment-thumbnail size-thumbnail\" alt=\"\" \/><\/a>\n\t\t\t<\/div><\/figure><figure class='gallery-item'>\n\t\t\t<div class='gallery-icon portrait'>\n\t\t\t\t<a href='https:\/\/centralmedia.rs\/index.php\/2021\/11\/26\/kikbokseri-srbije-prvaci-sveta-konovalov-najbolji-na-svetu\/saida-i-aca\/'><img loading=\"lazy\" decoding=\"async\" width=\"150\" height=\"150\" src=\"https:\/\/centralmedia.rs\/wp-content\/uploads\/2021\/11\/saida-i-aca-150x150.jpg\" class=\"attachment-thumbnail size-thumbnail\" alt=\"\" \/><\/a>\n\t\t\t<\/div><\/figure><figure class='gallery-item'>\n\t\t\t<div class='gallery-icon landscape'>\n\t\t\t\t<a href='https:\/\/centralmedia.rs\/index.php\/2021\/11\/26\/kikbokseri-srbije-prvaci-sveta-konovalov-najbolji-na-svetu\/zahvalnica-2\/'><img loading=\"lazy\" decoding=\"async\" width=\"150\" height=\"150\" src=\"https:\/\/centralmedia.rs\/wp-content\/uploads\/2021\/11\/zahvalnica-150x150.jpg\" class=\"attachment-thumbnail size-thumbnail\" alt=\"\" \/><\/a>\n\t\t\t<\/div><\/figure><figure class='gallery-item'>\n\t\t\t<div class='gallery-icon landscape'>\n\t\t\t\t<a href='https:\/\/centralmedia.rs\/index.php\/2021\/11\/26\/kikbokseri-srbije-prvaci-sveta-konovalov-najbolji-na-svetu\/reprezentacija-srbije\/'><img loading=\"lazy\" decoding=\"async\" width=\"150\" height=\"150\" src=\"https:\/\/centralmedia.rs\/wp-content\/uploads\/2021\/11\/reprezentacija-srbije-150x150.jpg\" class=\"attachment-thumbnail size-thumbnail\" alt=\"\" \/><\/a>\n\t\t\t<\/div><\/figure>\n\t\t<\/div>\n\n<p>Joti\u0107 je uru\u010dio zahvalnicu KB saveza Markovi\u0107u za kontinuiranu pomo\u0107 i zahvalio se takmi\u010daraima na uspesima. On je podneo izve\u0161taj o sedmomese\u010dnom radu.<\/p>\n<p>-Osvojili smo 64 zlatne medalje, 46 srebrnih i 30 bronzanih u ovoj godini. Zahvaljuem se Markovi\u0107u na svemu, klubovima i trenerima jer bez njih ne bi bilo kvlaitetnih takmi\u010dara i dobre reprezentacije. Nadam se da slede\u0107a godina bude jo\u0161 uspe\u0161nija, istakao je Radulovi\u0107.<\/p>\n<p>Najuspe\u0161niji srpski kikbokseri \u010detvorostruka \u0161ampionka sveta Saida Bukvi\u0107 i Konovalov najavili su nove uspehe.<\/p>\n","protected":false},"excerpt":{"rendered":"<p>JAGODINA- Reprezentacija Srbije u kikboksu na Svetskom prvenstvu u Italiji progla\u0161ena je za najbolju na svetu u disciplini loukik, Srbija je dobila 7 svetskih \u0161ampiona, &hellip; <\/p>\n","protected":false},"author":2,"featured_media":29117,"comment_status":"open","ping_status":"open","sticky":false,"template":"","format":"standard","meta":{"footnotes":""},"categories":[1524,2,5643,1514,887,21,12],"tags":[58,236,1412],"_links":{"self":[{"href":"https:\/\/centralmedia.rs\/index.php\/wp-json\/wp\/v2\/posts\/29116"}],"collection":[{"href":"https:\/\/centralmedia.rs\/index.php\/wp-json\/wp\/v2\/posts"}],"about":[{"href":"https:\/\/centralmedia.rs\/index.php\/wp-json\/wp\/v2\/types\/post"}],"author":[{"embeddable":true,"href":"https:\/\/centralmedia.rs\/index.php\/wp-json\/wp\/v2\/users\/2"}],"replies":[{"embeddable":true,"href":"https:\/\/centralmedia.rs\/index.php\/wp-json\/wp\/v2\/comments?post=29116"}],"version-history":[{"count":1,"href":"https:\/\/centralmedia.rs\/index.php\/wp-json\/wp\/v2\/posts\/29116\/revisions"}],"predecessor-version":[{"id":29122,"href":"https:\/\/centralmedia.rs\/index.php\/wp-json\/wp\/v2\/posts\/29116\/revisions\/29122"}],"wp:featuredmedia":[{"embeddable":true,"href":"https:\/\/centralmedia.rs\/index.php\/wp-json\/wp\/v2\/media\/29117"}],"wp:attachment":[{"href":"https:\/\/centralmedia.rs\/index.php\/wp-json\/wp\/v2\/media?parent=29116"}],"wp:term":[{"taxonomy":"category","embeddable":true,"href":"https:\/\/centralmedia.rs\/index.php\/wp-json\/wp\/v2\/categories?post=29116"},{"taxonomy":"post_tag","embeddable":true,"href":"https:\/\/centralmedia.rs\/index.php\/wp-json\/wp\/v2\/tags?post=29116"}],"curies":[{"name":"wp","href":"https:\/\/api.w.org\/{rel}","templated":true}]}}