{"id":29123,"date":"2021-11-26T16:00:29","date_gmt":"2021-11-26T15:00:29","guid":{"rendered":"http:\/\/centralmedia.rs\/?p=29123"},"modified":"2021-12-01T23:41:07","modified_gmt":"2021-12-01T22:41:07","slug":"rekonstrukcija-puta-u-prostincu","status":"publish","type":"post","link":"https:\/\/centralmedia.rs\/index.php\/2021\/11\/26\/rekonstrukcija-puta-u-prostincu\/","title":{"rendered":"REKONSTRUKCIJA PUTA U PRO\u0160TINCU"},"content":{"rendered":"<p>SVILAJNAC-U okviru infrastrukturnih radova koji se izvode na teritoriji op\u0161tine Svilajnac trenunto je u toku rekonstrukcija puta u Pro\u0161tincu, a radove, koji se privode kraju, obi\u0161ao je Predrag Milanovi\u0107, predsednik op\u0161tine Svilajnac:<\/p>\n<p>\u201eDu\u017eina puta koji se radi je oko 1 km, vrednost radova je oko 12 miliona dinara. Ovo smo obe\u0107ali me\u0161tanima Pro\u0161tinca pre dve godine kada smo radili vodovod u ovom selu. Do sada smo radili rekonstrukcije i asfaltiranja u Kupinovcu, Vojski, Crkvencu, Ro\u0107evcu, kre\u0107emo sa asfaltiranjem ulice 27. marta, ima\u0107emo radove u Bobovu i Lukovici i o\u010dekujemo da gra\u0111evinsku sezonu zavr\u0161imo do 10. decembra ove godine\u201c \u2013 rekao je Milanovi\u0107 i poru\u010dio okupljenim me\u0161tanima da glasaju na izborima za \u010dlanove Saveta mesnih zajednica i da \u0107e se nakon toga sa novim \u010dlanovima napraviti sastanak o planovima, projektima i potrebama za naredne \u010detiri godine.<\/p>\n<div id='gallery-1' class='gallery galleryid-29123 gallery-columns-5 gallery-size-thumbnail'><figure class='gallery-item'>\n\t\t\t<div class='gallery-icon landscape'>\n\t\t\t\t<a href='https:\/\/centralmedia.rs\/index.php\/2021\/11\/26\/rekonstrukcija-puta-u-prostincu\/prostinac1\/'><img loading=\"lazy\" decoding=\"async\" width=\"150\" height=\"150\" src=\"https:\/\/centralmedia.rs\/wp-content\/uploads\/2021\/11\/prostinac1-150x150.jpg\" class=\"attachment-thumbnail size-thumbnail\" alt=\"\" \/><\/a>\n\t\t\t<\/div><\/figure><figure class='gallery-item'>\n\t\t\t<div class='gallery-icon landscape'>\n\t\t\t\t<a href='https:\/\/centralmedia.rs\/index.php\/2021\/11\/26\/rekonstrukcija-puta-u-prostincu\/prostinac2\/'><img loading=\"lazy\" decoding=\"async\" width=\"150\" height=\"150\" src=\"https:\/\/centralmedia.rs\/wp-content\/uploads\/2021\/11\/prostinac2-150x150.jpg\" class=\"attachment-thumbnail size-thumbnail\" alt=\"\" \/><\/a>\n\t\t\t<\/div><\/figure><figure class='gallery-item'>\n\t\t\t<div class='gallery-icon landscape'>\n\t\t\t\t<a href='https:\/\/centralmedia.rs\/index.php\/2021\/11\/26\/rekonstrukcija-puta-u-prostincu\/prostinac3\/'><img loading=\"lazy\" decoding=\"async\" width=\"150\" height=\"150\" src=\"https:\/\/centralmedia.rs\/wp-content\/uploads\/2021\/11\/prostinac3-150x150.jpg\" class=\"attachment-thumbnail size-thumbnail\" alt=\"\" \/><\/a>\n\t\t\t<\/div><\/figure><figure class='gallery-item'>\n\t\t\t<div class='gallery-icon landscape'>\n\t\t\t\t<a href='https:\/\/centralmedia.rs\/index.php\/2021\/11\/26\/rekonstrukcija-puta-u-prostincu\/prostinac4\/'><img loading=\"lazy\" decoding=\"async\" width=\"150\" height=\"150\" src=\"https:\/\/centralmedia.rs\/wp-content\/uploads\/2021\/11\/prostinac4-150x150.jpg\" class=\"attachment-thumbnail size-thumbnail\" alt=\"\" \/><\/a>\n\t\t\t<\/div><\/figure><figure class='gallery-item'>\n\t\t\t<div class='gallery-icon landscape'>\n\t\t\t\t<a href='https:\/\/centralmedia.rs\/index.php\/2021\/11\/26\/rekonstrukcija-puta-u-prostincu\/prostinac\/'><img loading=\"lazy\" decoding=\"async\" width=\"150\" height=\"150\" src=\"https:\/\/centralmedia.rs\/wp-content\/uploads\/2021\/11\/prostinac-150x150.jpg\" class=\"attachment-thumbnail size-thumbnail\" alt=\"\" \/><\/a>\n\t\t\t<\/div><\/figure>\n\t\t<\/div>\n\n","protected":false},"excerpt":{"rendered":"<p>SVILAJNAC-U okviru infrastrukturnih radova koji se izvode na teritoriji op\u0161tine Svilajnac trenunto je u toku rekonstrukcija puta u Pro\u0161tincu, a radove, koji se privode kraju, &hellip; <\/p>\n","protected":false},"author":2,"featured_media":29124,"comment_status":"open","ping_status":"open","sticky":false,"template":"","format":"standard","meta":{"footnotes":""},"categories":[1524,2,887,16,12,1517],"tags":[3247,5552,38],"_links":{"self":[{"href":"https:\/\/centralmedia.rs\/index.php\/wp-json\/wp\/v2\/posts\/29123"}],"collection":[{"href":"https:\/\/centralmedia.rs\/index.php\/wp-json\/wp\/v2\/posts"}],"about":[{"href":"https:\/\/centralmedia.rs\/index.php\/wp-json\/wp\/v2\/types\/post"}],"author":[{"embeddable":true,"href":"https:\/\/centralmedia.rs\/index.php\/wp-json\/wp\/v2\/users\/2"}],"replies":[{"embeddable":true,"href":"https:\/\/centralmedia.rs\/index.php\/wp-json\/wp\/v2\/comments?post=29123"}],"version-history":[{"count":1,"href":"https:\/\/centralmedia.rs\/index.php\/wp-json\/wp\/v2\/posts\/29123\/revisions"}],"predecessor-version":[{"id":29129,"href":"https:\/\/centralmedia.rs\/index.php\/wp-json\/wp\/v2\/posts\/29123\/revisions\/29129"}],"wp:featuredmedia":[{"embeddable":true,"href":"https:\/\/centralmedia.rs\/index.php\/wp-json\/wp\/v2\/media\/29124"}],"wp:attachment":[{"href":"https:\/\/centralmedia.rs\/index.php\/wp-json\/wp\/v2\/media?parent=29123"}],"wp:term":[{"taxonomy":"category","embeddable":true,"href":"https:\/\/centralmedia.rs\/index.php\/wp-json\/wp\/v2\/categories?post=29123"},{"taxonomy":"post_tag","embeddable":true,"href":"https:\/\/centralmedia.rs\/index.php\/wp-json\/wp\/v2\/tags?post=29123"}],"curies":[{"name":"wp","href":"https:\/\/api.w.org\/{rel}","templated":true}]}}