{"id":29143,"date":"2021-11-27T18:54:34","date_gmt":"2021-11-27T17:54:34","guid":{"rendered":"http:\/\/centralmedia.rs\/?p=29143"},"modified":"2022-01-04T17:21:18","modified_gmt":"2022-01-04T16:21:18","slug":"ekolozi-i-gradani-iz-jagodine-i-rekovca-odrzali-miran-protest-protiv-novih-zakona","status":"publish","type":"post","link":"https:\/\/centralmedia.rs\/index.php\/2021\/11\/27\/ekolozi-i-gradani-iz-jagodine-i-rekovca-odrzali-miran-protest-protiv-novih-zakona\/","title":{"rendered":"EKOLOZI I GRA\u0110ANI IZ JAGODINE I REKOVCA ODR\u017dALI MIRAN PROTEST PROTIV NOVIH ZAKONA"},"content":{"rendered":"<p>JAGODINA- Ekolo\u0161ke organizacije i gra\u0111ani blokirali su danas saobra\u0107aj na raskrsnici puta Jagodina-Kragujevac &#8211; Rekovac, lokacija Rakalj. Policija nije dozvolila da se okupi ve\u0107i broj gra\u0111ana, jer je iz pravca \u00a0Jagodine i Rekovca neosnovano zaustavljala, legitimisala, pretresala, testirala putnike u vozilima. Protest je odr\u017ean zbog usvajanja spornih Zakona o referendumu i narodnoj inicijativi i Zakona o eksproprijaciji.<\/p>\n<div id='gallery-1' class='gallery galleryid-29143 gallery-columns-5 gallery-size-thumbnail'><figure class='gallery-item'>\n\t\t\t<div class='gallery-icon landscape'>\n\t\t\t\t<a href='https:\/\/centralmedia.rs\/index.php\/2021\/11\/27\/ekolozi-i-gradani-iz-jagodine-i-rekovca-odrzali-miran-protest-protiv-novih-zakona\/rakalj1\/'><img loading=\"lazy\" decoding=\"async\" width=\"150\" height=\"150\" src=\"https:\/\/centralmedia.rs\/wp-content\/uploads\/2021\/11\/rakalj1-150x150.jpg\" class=\"attachment-thumbnail size-thumbnail\" alt=\"\" \/><\/a>\n\t\t\t<\/div><\/figure><figure class='gallery-item'>\n\t\t\t<div class='gallery-icon landscape'>\n\t\t\t\t<a href='https:\/\/centralmedia.rs\/index.php\/2021\/11\/27\/ekolozi-i-gradani-iz-jagodine-i-rekovca-odrzali-miran-protest-protiv-novih-zakona\/rakalj2\/'><img loading=\"lazy\" decoding=\"async\" width=\"150\" height=\"150\" src=\"https:\/\/centralmedia.rs\/wp-content\/uploads\/2021\/11\/rakalj2-150x150.jpg\" class=\"attachment-thumbnail size-thumbnail\" alt=\"\" \/><\/a>\n\t\t\t<\/div><\/figure><figure class='gallery-item'>\n\t\t\t<div class='gallery-icon landscape'>\n\t\t\t\t<a href='https:\/\/centralmedia.rs\/index.php\/2021\/11\/27\/ekolozi-i-gradani-iz-jagodine-i-rekovca-odrzali-miran-protest-protiv-novih-zakona\/rakalj3\/'><img loading=\"lazy\" decoding=\"async\" width=\"150\" height=\"150\" src=\"https:\/\/centralmedia.rs\/wp-content\/uploads\/2021\/11\/rakalj3-150x150.jpg\" class=\"attachment-thumbnail size-thumbnail\" alt=\"\" \/><\/a>\n\t\t\t<\/div><\/figure><figure class='gallery-item'>\n\t\t\t<div class='gallery-icon landscape'>\n\t\t\t\t<a href='https:\/\/centralmedia.rs\/index.php\/2021\/11\/27\/ekolozi-i-gradani-iz-jagodine-i-rekovca-odrzali-miran-protest-protiv-novih-zakona\/rakalj4\/'><img loading=\"lazy\" decoding=\"async\" width=\"150\" height=\"150\" src=\"https:\/\/centralmedia.rs\/wp-content\/uploads\/2021\/11\/rakalj4-150x150.jpg\" class=\"attachment-thumbnail size-thumbnail\" alt=\"\" \/><\/a>\n\t\t\t<\/div><\/figure><figure class='gallery-item'>\n\t\t\t<div class='gallery-icon landscape'>\n\t\t\t\t<a href='https:\/\/centralmedia.rs\/index.php\/2021\/11\/27\/ekolozi-i-gradani-iz-jagodine-i-rekovca-odrzali-miran-protest-protiv-novih-zakona\/rakalj\/'><img loading=\"lazy\" decoding=\"async\" width=\"150\" height=\"150\" src=\"https:\/\/centralmedia.rs\/wp-content\/uploads\/2021\/11\/rakalj-150x150.jpg\" class=\"attachment-thumbnail size-thumbnail\" alt=\"\" \/><\/a>\n\t\t\t<\/div><\/figure>\n\t\t<\/div>\n\n<p>-Nismo ni sanjali da \u0107e ,,jednopartijska&#8221; Skup\u0161tina doneti ovakve zakone, koji ugro\u017eavaju svakog stanovnika Srbije. \u0160to se ti\u010de istra\u017eivanja litijuma, za\u0161to smo i osnovali ekolo\u0161ku organizaciju, u Jagodini jo\u0161 nema radova, ali pou\u010deni situacijom u Jadru jasno nam je \u0161ta nam se sprema, ukoliko zakoni pro\u0111u i ukoliko se neko pojavi. Sama Uprava Grada Jagodina na nas ne vr\u0161i pritisak zbog na\u0161eg anga\u017eovanja, dobili smo dokument u kome stoji da se lokalna uprava protivi i da se ne sla\u017ee sa istra\u017eivanjima.\u00a0 Ali mi znamo da dozovle za istra\u017ene radnje daju ministrastva, kazala je professor Ilijana \u010cutura.<\/p>\n<p>Licenca za istra\u017ene radnje na teritoriji Jagodine nosi naziv Siokovac, koji ima nekoliko stotina stanovnika na Crnom vrhu, ali istra\u017eno podru\u010dje je povr\u0161ine 100 kvadratnih kilometara.<\/p>\n<p>-Ljudi nisu svesni da su sela gde \u017eive na istra\u017enoj mapi. Reakcije stanovni\u0161tva su opre\u010dne, ali mi smo im predo\u010dili. Uloga Ekobrigade u ovom trenutku je da pru\u017eimo relevantne informacije, a na njima je da donesu odluku, zaklju\u010dila je ona.<\/p>\n","protected":false},"excerpt":{"rendered":"<p>JAGODINA- Ekolo\u0161ke organizacije i gra\u0111ani blokirali su danas saobra\u0107aj na raskrsnici puta Jagodina-Kragujevac &#8211; Rekovac, lokacija Rakalj. Policija nije dozvolila da se okupi ve\u0107i broj &hellip; <\/p>\n","protected":false},"author":2,"featured_media":29144,"comment_status":"open","ping_status":"open","sticky":false,"template":"","format":"standard","meta":{"footnotes":""},"categories":[1524,20,2,5643,1514,887,12],"tags":[5557,1596,58,523,441],"_links":{"self":[{"href":"https:\/\/centralmedia.rs\/index.php\/wp-json\/wp\/v2\/posts\/29143"}],"collection":[{"href":"https:\/\/centralmedia.rs\/index.php\/wp-json\/wp\/v2\/posts"}],"about":[{"href":"https:\/\/centralmedia.rs\/index.php\/wp-json\/wp\/v2\/types\/post"}],"author":[{"embeddable":true,"href":"https:\/\/centralmedia.rs\/index.php\/wp-json\/wp\/v2\/users\/2"}],"replies":[{"embeddable":true,"href":"https:\/\/centralmedia.rs\/index.php\/wp-json\/wp\/v2\/comments?post=29143"}],"version-history":[{"count":5,"href":"https:\/\/centralmedia.rs\/index.php\/wp-json\/wp\/v2\/posts\/29143\/revisions"}],"predecessor-version":[{"id":29156,"href":"https:\/\/centralmedia.rs\/index.php\/wp-json\/wp\/v2\/posts\/29143\/revisions\/29156"}],"wp:featuredmedia":[{"embeddable":true,"href":"https:\/\/centralmedia.rs\/index.php\/wp-json\/wp\/v2\/media\/29144"}],"wp:attachment":[{"href":"https:\/\/centralmedia.rs\/index.php\/wp-json\/wp\/v2\/media?parent=29143"}],"wp:term":[{"taxonomy":"category","embeddable":true,"href":"https:\/\/centralmedia.rs\/index.php\/wp-json\/wp\/v2\/categories?post=29143"},{"taxonomy":"post_tag","embeddable":true,"href":"https:\/\/centralmedia.rs\/index.php\/wp-json\/wp\/v2\/tags?post=29143"}],"curies":[{"name":"wp","href":"https:\/\/api.w.org\/{rel}","templated":true}]}}