{"id":29174,"date":"2021-11-28T11:58:28","date_gmt":"2021-11-28T10:58:28","guid":{"rendered":"http:\/\/centralmedia.rs\/?p=29174"},"modified":"2022-01-04T17:20:48","modified_gmt":"2022-01-04T16:20:48","slug":"palma-o-blokadama-puteva-u-srbiji-ne-sme-se-vise-dozvoliti-da-se-zaustavlja-zivot-u-srbiji","status":"publish","type":"post","link":"https:\/\/centralmedia.rs\/index.php\/2021\/11\/28\/palma-o-blokadama-puteva-u-srbiji-ne-sme-se-vise-dozvoliti-da-se-zaustavlja-zivot-u-srbiji\/","title":{"rendered":"PALMA O BLOKADAMA PUTEVA U SRBIJI : NE SME SE VI\u0160E DOZVOLITI DA SE ZAUSTAVLJA \u017dIVOT U SRBIJI"},"content":{"rendered":"<p>\u201eDeo opozicije u Srbiji koji non stop tra\u017ei slobodu kretanja je upravo odgovoran za ugro\u017eavanje slobode kretanja gra\u0111ana Srbije, \u0161to se moglo videti u subotu tokom blokada pojedinih puteva i autoputa. Ti ljudi koji poku\u0161avaju da blokiraju Srbiju su 90 posto opozicionari. Ko su antivakseri, tako\u0111e 90 posto opozicionari. \u010cini mi se kao da se raduju \u0161to dnevno umre po 50 ljudi od korone. Neka \u0161etaju po parkovima, ispred Skup\u0161tine Srbije i lokalnih samouprava, ali da se zaustavi \u017eivot u Srbiji, to vi\u0161e ne sme da se dozvoli. Ti opozicionari koji su se obogatili i mnogo para zaradili dok su bili na politi\u010dkim funkcijama sada tra\u017ee da se u Srbiji zaustavi \u017eivot kroz blokadu puteva\u201c, rekao je predsednik Jedinstvene Srbije Dragan Markovi\u0107 Palma u uklju\u010denju u program Pink i Hepi televizije. \u201eTih par stotina ljudi koji su ju\u010de blokirali neke puteve i autoput u Srbiji \u017eeleli su da na taj na\u010din dobiju neki politi\u010dki poen i \u010dudili se kako je i pored blokade, 50 000 ljudi do\u0161lo u Beograd da obele\u017ei 13 ro\u0111endan Srpske napredne stranke. Ova vlast u Srbiji, predsednik Aleksandar Vu\u010di\u0107, Vlada Srbije i na\u0161a koalicija SPS \u2013 Jedinstvena Srbija je napravila toliko puteva i autoputeva da tih par stotina ljudi to ne mo\u017ee da blokira. Moja poruka opziciji je \u201egospodo iza\u0111ite na izbore i ponudite program i ka\u017eite \u0161ta je va\u0161 izve\u0161taj o radu do sada\u201c. Program opozicije je la\u017e, la\u017e i la\u017e. Mogu da prihvatim kada neko la\u017ee nesvesno, ali kada neko la\u017ee za pare kao ova radnica Dragana \u0110ilasa Marinika Tepi\u0107, onda je svima jasno o kakvim ljudima se radi. Ali gra\u0111ani Srbije vi\u0161e nisu zbunjeni i svima je jasno ko je ko. Ko gradi autoputeve i klini\u010dke centre, ko podi\u017ee plate i penzije, ko otvara nova radna mesta i ko podi\u017ee Srbiju, a ko la\u017ee\u201c, rekao je Markovi\u0107.<\/p>\n","protected":false},"excerpt":{"rendered":"<p>\u201eDeo opozicije u Srbiji koji non stop tra\u017ei slobodu kretanja je upravo odgovoran za ugro\u017eavanje slobode kretanja gra\u0111ana Srbije, \u0161to se moglo videti u subotu &hellip; <\/p>\n","protected":false},"author":2,"featured_media":29175,"comment_status":"open","ping_status":"open","sticky":false,"template":"","format":"standard","meta":{"footnotes":""},"categories":[1524,2,1514,5643,13,887,12],"tags":[120,1922],"_links":{"self":[{"href":"https:\/\/centralmedia.rs\/index.php\/wp-json\/wp\/v2\/posts\/29174"}],"collection":[{"href":"https:\/\/centralmedia.rs\/index.php\/wp-json\/wp\/v2\/posts"}],"about":[{"href":"https:\/\/centralmedia.rs\/index.php\/wp-json\/wp\/v2\/types\/post"}],"author":[{"embeddable":true,"href":"https:\/\/centralmedia.rs\/index.php\/wp-json\/wp\/v2\/users\/2"}],"replies":[{"embeddable":true,"href":"https:\/\/centralmedia.rs\/index.php\/wp-json\/wp\/v2\/comments?post=29174"}],"version-history":[{"count":1,"href":"https:\/\/centralmedia.rs\/index.php\/wp-json\/wp\/v2\/posts\/29174\/revisions"}],"predecessor-version":[{"id":29176,"href":"https:\/\/centralmedia.rs\/index.php\/wp-json\/wp\/v2\/posts\/29174\/revisions\/29176"}],"wp:featuredmedia":[{"embeddable":true,"href":"https:\/\/centralmedia.rs\/index.php\/wp-json\/wp\/v2\/media\/29175"}],"wp:attachment":[{"href":"https:\/\/centralmedia.rs\/index.php\/wp-json\/wp\/v2\/media?parent=29174"}],"wp:term":[{"taxonomy":"category","embeddable":true,"href":"https:\/\/centralmedia.rs\/index.php\/wp-json\/wp\/v2\/categories?post=29174"},{"taxonomy":"post_tag","embeddable":true,"href":"https:\/\/centralmedia.rs\/index.php\/wp-json\/wp\/v2\/tags?post=29174"}],"curies":[{"name":"wp","href":"https:\/\/api.w.org\/{rel}","templated":true}]}}