{"id":29177,"date":"2021-11-29T14:48:19","date_gmt":"2021-11-29T13:48:19","guid":{"rendered":"http:\/\/centralmedia.rs\/?p=29177"},"modified":"2022-01-04T17:20:41","modified_gmt":"2022-01-04T16:20:41","slug":"palma-razlozi-koji-su-navedeni-za-blokadu-puteva-su-laz-narod-da-ne-slusa-one-ciji-je-program-samo-da-kritikuju","status":"publish","type":"post","link":"https:\/\/centralmedia.rs\/index.php\/2021\/11\/29\/palma-razlozi-koji-su-navedeni-za-blokadu-puteva-su-laz-narod-da-ne-slusa-one-ciji-je-program-samo-da-kritikuju\/","title":{"rendered":"PALMA : RAZLOZI KOJI SU NAVEDENI ZA BLOKADU PUTEVA SU LA\u017d. NAROD DA NE SLU\u0160A ONE \u010cIJI JE PROGRAM SAMO DA KRITIKUJU"},"content":{"rendered":"<p>JAGODINA-\u201cOno \u0161to smo \u010duli da je razlog za proteste i blokadu puteva i autoputa u Srbiji je la\u017e\u201d, izjavio je danas predsednik Jedinstvene Srbije i Skup\u0161tine grada Jagodine Dragan Markovi\u0107 Palma obra\u0107aju\u0107i se odbornicima na sednici jagodinskog parlamenta.<\/p>\n<p><img loading=\"lazy\" decoding=\"async\" class=\"aligncenter wp-image-29179 size-medium\" src=\"http:\/\/centralmedia.rs\/wp-content\/uploads\/2021\/11\/PALMA-SKUPSTINA-300x203.jpg\" alt=\"\" width=\"300\" height=\"203\" srcset=\"https:\/\/centralmedia.rs\/wp-content\/uploads\/2021\/11\/PALMA-SKUPSTINA-300x203.jpg 300w, https:\/\/centralmedia.rs\/wp-content\/uploads\/2021\/11\/PALMA-SKUPSTINA-768x519.jpg 768w, https:\/\/centralmedia.rs\/wp-content\/uploads\/2021\/11\/PALMA-SKUPSTINA-1024x692.jpg 1024w, https:\/\/centralmedia.rs\/wp-content\/uploads\/2021\/11\/PALMA-SKUPSTINA-621x420.jpg 621w, https:\/\/centralmedia.rs\/wp-content\/uploads\/2021\/11\/PALMA-SKUPSTINA-640x433.jpg 640w, https:\/\/centralmedia.rs\/wp-content\/uploads\/2021\/11\/PALMA-SKUPSTINA-681x461.jpg 681w, https:\/\/centralmedia.rs\/wp-content\/uploads\/2021\/11\/PALMA-SKUPSTINA.jpg 1600w\" sizes=\"(max-width: 300px) 100vw, 300px\" \/><\/p>\n<p>\u201cPrvo niko nije dao saglasnost u vezi sa rudnikom Rio Tinta i bilo \u010dime \u0161to bi bilo \u0161tetno za zdravlje gra\u0111ana Srbije. Drugo, Zakon o eksproprijaciji je donet zbog nacionalnog stadiona koji treba da se gradi u Beogradu i nema nikakve veze sa Rio Tintom. I tre\u0107e Zakon o referendumu tako\u0111e nema nikakve veze sa Rio Tintom i taj zakon je tra\u017eila Evropska unija, a Venecijanska komisija je dala saglasnost, a novi zakon je donet jer stari va\u017ee\u0107i zakon o referendumu jo\u0161 iz 1994. godine nije bio uskla\u0111en sa Ustavom iz 2006.godine. Tim zakonima niti se kr\u0161i ustav, niti sloboda kretanja, niti sloboda medija. Sve \u0161to su naveli kao razlog za blokadu puteva u Srbiji je neistina. Taj deo opozicije je sam sebe demantovao tako \u0161to su blokirali puteve i autoput i tako direktno kr\u0161ili slobodu kretanja. Blokirali su me\u0111unarodni autoput gde je frekvencija 40 puta ve\u0107a nego pre deset godina. Moja poruka gra\u0111anima je da ne slu\u0161aju one \u010diji je program samo da kritikuju ne\u0161to \u0161to se gradi i pravi. Ako ti se ne\u0161to ne svi\u0111a \u0161to se gradi, reci \u0161ta bi ti napravio ili reci \u0161ta si napravio dok si bio na vlasti, a ne samo da obilazi\u0161 nova gradili\u0161ta i da ka\u017ee\u0161 \u201cto ne valja\u201d ili \u201c\u0161to metro ide od te do te ta\u010dke, a ne na neku drugu destinaciju\u201d. Tako su kritikovali i Beograd na vodi koji je danas najlep\u0161e zdanje u Srbiji. Da narod ne naseda na te pri\u010de, da se borimo i poka\u017eemo dela i da nam dela budu kriterijum. Kao i ovde u Jagodini, mi imamo toliko dela da nam treba dva meseca da obi\u0111emo sve ono \u0161to smo uradili od kada nas je narod izabrao. I to \u0107e biti na\u0161 predizborni program i izve\u0161taj o radu, da poka\u017eemo \u0161ta smo uradili i da ka\u017eemo koja su to nova dela koja \u0107emo uraditi\u201d, rekao je Markovi\u0107.<\/p>\n","protected":false},"excerpt":{"rendered":"<p>JAGODINA-\u201cOno \u0161to smo \u010duli da je razlog za proteste i blokadu puteva i autoputa u Srbiji je la\u017e\u201d, izjavio je danas predsednik Jedinstvene Srbije i &hellip; <\/p>\n","protected":false},"author":2,"featured_media":29178,"comment_status":"open","ping_status":"open","sticky":false,"template":"","format":"standard","meta":{"footnotes":""},"categories":[1524,2,1514,5643,13,887,12],"tags":[5561,120,1922,5560,5559],"_links":{"self":[{"href":"https:\/\/centralmedia.rs\/index.php\/wp-json\/wp\/v2\/posts\/29177"}],"collection":[{"href":"https:\/\/centralmedia.rs\/index.php\/wp-json\/wp\/v2\/posts"}],"about":[{"href":"https:\/\/centralmedia.rs\/index.php\/wp-json\/wp\/v2\/types\/post"}],"author":[{"embeddable":true,"href":"https:\/\/centralmedia.rs\/index.php\/wp-json\/wp\/v2\/users\/2"}],"replies":[{"embeddable":true,"href":"https:\/\/centralmedia.rs\/index.php\/wp-json\/wp\/v2\/comments?post=29177"}],"version-history":[{"count":1,"href":"https:\/\/centralmedia.rs\/index.php\/wp-json\/wp\/v2\/posts\/29177\/revisions"}],"predecessor-version":[{"id":29180,"href":"https:\/\/centralmedia.rs\/index.php\/wp-json\/wp\/v2\/posts\/29177\/revisions\/29180"}],"wp:featuredmedia":[{"embeddable":true,"href":"https:\/\/centralmedia.rs\/index.php\/wp-json\/wp\/v2\/media\/29178"}],"wp:attachment":[{"href":"https:\/\/centralmedia.rs\/index.php\/wp-json\/wp\/v2\/media?parent=29177"}],"wp:term":[{"taxonomy":"category","embeddable":true,"href":"https:\/\/centralmedia.rs\/index.php\/wp-json\/wp\/v2\/categories?post=29177"},{"taxonomy":"post_tag","embeddable":true,"href":"https:\/\/centralmedia.rs\/index.php\/wp-json\/wp\/v2\/tags?post=29177"}],"curies":[{"name":"wp","href":"https:\/\/api.w.org\/{rel}","templated":true}]}}