{"id":29190,"date":"2021-11-30T16:54:05","date_gmt":"2021-11-30T15:54:05","guid":{"rendered":"http:\/\/centralmedia.rs\/?p=29190"},"modified":"2021-12-06T15:51:06","modified_gmt":"2021-12-06T14:51:06","slug":"zavrseno-asfaltiranje-u-bobovu","status":"publish","type":"post","link":"https:\/\/centralmedia.rs\/index.php\/2021\/11\/30\/zavrseno-asfaltiranje-u-bobovu\/","title":{"rendered":"ZAVR\u0160ENO ASFALTIRANjE U BOBOVU"},"content":{"rendered":"<p>SVILAJNAC-U Bobovu je danas zavr\u0161eno asfaltiranje i sanacija dve ulice, ukupne du\u017eine vi\u0161e od 800 metara, a zavr\u0161etak radova i me\u0161tane posetio je Predrag Milanovi\u0107, predsednik op\u0161tine Svilajnac:<\/p>\n<p>\u201eSproveli smo ambiciozan plan da u drugoj polovini godine uradimo asfaltiriranja i sanacije ulica u sedam mesnih zajednica ukupne vrednosti vi\u0161e od 500.000 evra. Zavr\u0161ili smo u Bobovu put koji prakti\u010dno spaja dva dela sela i koji je bio u jako lo\u0161em stanju. Posle ovoga o\u010dekuje nas sanacija u Lukovici i da se zavr\u0161i do kraja ulica 27. marta u Svilajncu, \u010dime zavr\u0161avamo uspe\u0161no ovu gra\u0111evinsku sezonu\u201c \u2013 izjavio je on.<\/p>\n<div id='gallery-1' class='gallery galleryid-29190 gallery-columns-5 gallery-size-thumbnail'><figure class='gallery-item'>\n\t\t\t<div class='gallery-icon landscape'>\n\t\t\t\t<a href='https:\/\/centralmedia.rs\/index.php\/2021\/11\/30\/zavrseno-asfaltiranje-u-bobovu\/bobovo-6\/'><img loading=\"lazy\" decoding=\"async\" width=\"150\" height=\"150\" src=\"https:\/\/centralmedia.rs\/wp-content\/uploads\/2021\/11\/bobovo-150x150.jpg\" class=\"attachment-thumbnail size-thumbnail\" alt=\"\" \/><\/a>\n\t\t\t<\/div><\/figure><figure class='gallery-item'>\n\t\t\t<div class='gallery-icon landscape'>\n\t\t\t\t<a href='https:\/\/centralmedia.rs\/index.php\/2021\/11\/30\/zavrseno-asfaltiranje-u-bobovu\/bobovo1-3\/'><img loading=\"lazy\" decoding=\"async\" width=\"150\" height=\"150\" src=\"https:\/\/centralmedia.rs\/wp-content\/uploads\/2021\/11\/bobovo1-150x150.jpg\" class=\"attachment-thumbnail size-thumbnail\" alt=\"\" \/><\/a>\n\t\t\t<\/div><\/figure><figure class='gallery-item'>\n\t\t\t<div class='gallery-icon landscape'>\n\t\t\t\t<a href='https:\/\/centralmedia.rs\/index.php\/2021\/11\/30\/zavrseno-asfaltiranje-u-bobovu\/bobovo2-2\/'><img loading=\"lazy\" decoding=\"async\" width=\"150\" height=\"150\" src=\"https:\/\/centralmedia.rs\/wp-content\/uploads\/2021\/11\/bobovo2-150x150.jpg\" class=\"attachment-thumbnail size-thumbnail\" alt=\"\" \/><\/a>\n\t\t\t<\/div><\/figure><figure class='gallery-item'>\n\t\t\t<div class='gallery-icon landscape'>\n\t\t\t\t<a href='https:\/\/centralmedia.rs\/index.php\/2021\/11\/30\/zavrseno-asfaltiranje-u-bobovu\/bobovo3-2\/'><img loading=\"lazy\" decoding=\"async\" width=\"150\" height=\"150\" src=\"https:\/\/centralmedia.rs\/wp-content\/uploads\/2021\/11\/bobovo3-150x150.jpg\" class=\"attachment-thumbnail size-thumbnail\" alt=\"\" \/><\/a>\n\t\t\t<\/div><\/figure><figure class='gallery-item'>\n\t\t\t<div class='gallery-icon landscape'>\n\t\t\t\t<a href='https:\/\/centralmedia.rs\/index.php\/2021\/11\/30\/zavrseno-asfaltiranje-u-bobovu\/bobovo4-2\/'><img loading=\"lazy\" decoding=\"async\" width=\"150\" height=\"150\" src=\"https:\/\/centralmedia.rs\/wp-content\/uploads\/2021\/11\/bobovo4-150x150.jpg\" class=\"attachment-thumbnail size-thumbnail\" alt=\"\" \/><\/a>\n\t\t\t<\/div><\/figure>\n\t\t<\/div>\n\n<p>Milanovi\u0107 je jo\u0161 jednom zahvalio i me\u0161tanima Bobova na velikoj izlaznosti na izbore za \u010dlanove Saveta mesne zajednice i istakao da \u0107e se, nakon formiranja Saveta, zajedni\u010dki praviti planovi za projekte u naredne \u010detiri godine, a da je jedan od najve\u0107ih projekata svakako izgradnja kanalizacije.<\/p>\n<p>Marko Pavlovi\u0107, \u010dlan Saveta mesne zajednice Bobovo, istakao je odli\u010dnu saradnju ove mesne zajednice sa rukovodstvom op\u0161tine Svilajnac:<\/p>\n<p>\u201eIz ove saradnje proistekli su brojni infrastrukturni projekti u na\u0161em selu, osim puteva, vodovodne mre\u017ee, rekonstruisana nam je ambulanta, \u0161kola, crkva, a sve su ovo preduslovi da mlade ljude zadr\u017eimo i sa\u010duvamo na selu. Raduje me \u0161to se i dosta mladih ljudi kandidovalo na izborima za \u010dlanove Saveta mesne zajednice, pa \u0107emo svi zajedno, uz podr\u0161ku lokalne samouprave, jo\u0161 bolje i vi\u0161e raditi na novim projektima.\u201c<\/p>\n","protected":false},"excerpt":{"rendered":"<p>SVILAJNAC-U Bobovu je danas zavr\u0161eno asfaltiranje i sanacija dve ulice, ukupne du\u017eine vi\u0161e od 800 metara, a zavr\u0161etak radova i me\u0161tane posetio je Predrag Milanovi\u0107, &hellip; <\/p>\n","protected":false},"author":2,"featured_media":29191,"comment_status":"open","ping_status":"open","sticky":false,"template":"","format":"standard","meta":{"footnotes":""},"categories":[1524,2,887,16,12,1517],"tags":[3247,257,38],"_links":{"self":[{"href":"https:\/\/centralmedia.rs\/index.php\/wp-json\/wp\/v2\/posts\/29190"}],"collection":[{"href":"https:\/\/centralmedia.rs\/index.php\/wp-json\/wp\/v2\/posts"}],"about":[{"href":"https:\/\/centralmedia.rs\/index.php\/wp-json\/wp\/v2\/types\/post"}],"author":[{"embeddable":true,"href":"https:\/\/centralmedia.rs\/index.php\/wp-json\/wp\/v2\/users\/2"}],"replies":[{"embeddable":true,"href":"https:\/\/centralmedia.rs\/index.php\/wp-json\/wp\/v2\/comments?post=29190"}],"version-history":[{"count":1,"href":"https:\/\/centralmedia.rs\/index.php\/wp-json\/wp\/v2\/posts\/29190\/revisions"}],"predecessor-version":[{"id":29197,"href":"https:\/\/centralmedia.rs\/index.php\/wp-json\/wp\/v2\/posts\/29190\/revisions\/29197"}],"wp:featuredmedia":[{"embeddable":true,"href":"https:\/\/centralmedia.rs\/index.php\/wp-json\/wp\/v2\/media\/29191"}],"wp:attachment":[{"href":"https:\/\/centralmedia.rs\/index.php\/wp-json\/wp\/v2\/media?parent=29190"}],"wp:term":[{"taxonomy":"category","embeddable":true,"href":"https:\/\/centralmedia.rs\/index.php\/wp-json\/wp\/v2\/categories?post=29190"},{"taxonomy":"post_tag","embeddable":true,"href":"https:\/\/centralmedia.rs\/index.php\/wp-json\/wp\/v2\/tags?post=29190"}],"curies":[{"name":"wp","href":"https:\/\/api.w.org\/{rel}","templated":true}]}}