{"id":29212,"date":"2021-12-01T13:49:32","date_gmt":"2021-12-01T12:49:32","guid":{"rendered":"http:\/\/centralmedia.rs\/?p=29212"},"modified":"2021-12-06T15:50:28","modified_gmt":"2021-12-06T14:50:28","slug":"odrzana-jedanaesta-sednica-skupstine-opstine-svilajnac","status":"publish","type":"post","link":"https:\/\/centralmedia.rs\/index.php\/2021\/12\/01\/odrzana-jedanaesta-sednica-skupstine-opstine-svilajnac\/","title":{"rendered":"PRIVREDNI RAST SVILAJNCA SMANJIO NEZAPOSLENOST ISPOD 10 ODSTO"},"content":{"rendered":"<p>SVILAJNAC-Jedanaesta sednica Skup\u0161tine op\u0161tine Svilajnac, odr\u017eana je ju\u010de i imala je 20 ta\u010daka dnevnog reda, a prisustvovalo joj je 37 odbornika.<\/p>\n<div id='gallery-1' class='gallery galleryid-29212 gallery-columns-3 gallery-size-full'><figure class='gallery-item'>\n\t\t\t<div class='gallery-icon landscape'>\n\t\t\t\t<a href='https:\/\/centralmedia.rs\/index.php\/2021\/12\/01\/odrzana-jedanaesta-sednica-skupstine-opstine-svilajnac\/so-svilajnac2-2\/'><img loading=\"lazy\" decoding=\"async\" width=\"2048\" height=\"1365\" src=\"https:\/\/centralmedia.rs\/wp-content\/uploads\/2021\/12\/so-svilajnac2.jpg\" class=\"attachment-full size-full\" alt=\"\" srcset=\"https:\/\/centralmedia.rs\/wp-content\/uploads\/2021\/12\/so-svilajnac2.jpg 2048w, https:\/\/centralmedia.rs\/wp-content\/uploads\/2021\/12\/so-svilajnac2-300x200.jpg 300w, https:\/\/centralmedia.rs\/wp-content\/uploads\/2021\/12\/so-svilajnac2-768x512.jpg 768w, https:\/\/centralmedia.rs\/wp-content\/uploads\/2021\/12\/so-svilajnac2-1024x683.jpg 1024w, https:\/\/centralmedia.rs\/wp-content\/uploads\/2021\/12\/so-svilajnac2-630x420.jpg 630w, https:\/\/centralmedia.rs\/wp-content\/uploads\/2021\/12\/so-svilajnac2-640x427.jpg 640w, https:\/\/centralmedia.rs\/wp-content\/uploads\/2021\/12\/so-svilajnac2-681x454.jpg 681w\" sizes=\"(max-width: 2048px) 100vw, 2048px\" \/><\/a>\n\t\t\t<\/div><\/figure><figure class='gallery-item'>\n\t\t\t<div class='gallery-icon landscape'>\n\t\t\t\t<a href='https:\/\/centralmedia.rs\/index.php\/2021\/12\/01\/odrzana-jedanaesta-sednica-skupstine-opstine-svilajnac\/so-svilajnac3-2\/'><img loading=\"lazy\" decoding=\"async\" width=\"2048\" height=\"1365\" src=\"https:\/\/centralmedia.rs\/wp-content\/uploads\/2021\/12\/so-svilajnac3.jpg\" class=\"attachment-full size-full\" alt=\"\" srcset=\"https:\/\/centralmedia.rs\/wp-content\/uploads\/2021\/12\/so-svilajnac3.jpg 2048w, https:\/\/centralmedia.rs\/wp-content\/uploads\/2021\/12\/so-svilajnac3-300x200.jpg 300w, https:\/\/centralmedia.rs\/wp-content\/uploads\/2021\/12\/so-svilajnac3-768x512.jpg 768w, https:\/\/centralmedia.rs\/wp-content\/uploads\/2021\/12\/so-svilajnac3-1024x683.jpg 1024w, https:\/\/centralmedia.rs\/wp-content\/uploads\/2021\/12\/so-svilajnac3-630x420.jpg 630w, https:\/\/centralmedia.rs\/wp-content\/uploads\/2021\/12\/so-svilajnac3-640x427.jpg 640w, https:\/\/centralmedia.rs\/wp-content\/uploads\/2021\/12\/so-svilajnac3-681x454.jpg 681w\" sizes=\"(max-width: 2048px) 100vw, 2048px\" \/><\/a>\n\t\t\t<\/div><\/figure><figure class='gallery-item'>\n\t\t\t<div class='gallery-icon landscape'>\n\t\t\t\t<a href='https:\/\/centralmedia.rs\/index.php\/2021\/12\/01\/odrzana-jedanaesta-sednica-skupstine-opstine-svilajnac\/so-svilajnac4\/'><img loading=\"lazy\" decoding=\"async\" width=\"2048\" height=\"1365\" src=\"https:\/\/centralmedia.rs\/wp-content\/uploads\/2021\/12\/so-svilajnac4.jpg\" class=\"attachment-full size-full\" alt=\"\" srcset=\"https:\/\/centralmedia.rs\/wp-content\/uploads\/2021\/12\/so-svilajnac4.jpg 2048w, https:\/\/centralmedia.rs\/wp-content\/uploads\/2021\/12\/so-svilajnac4-300x200.jpg 300w, https:\/\/centralmedia.rs\/wp-content\/uploads\/2021\/12\/so-svilajnac4-768x512.jpg 768w, https:\/\/centralmedia.rs\/wp-content\/uploads\/2021\/12\/so-svilajnac4-1024x683.jpg 1024w, https:\/\/centralmedia.rs\/wp-content\/uploads\/2021\/12\/so-svilajnac4-630x420.jpg 630w, https:\/\/centralmedia.rs\/wp-content\/uploads\/2021\/12\/so-svilajnac4-640x427.jpg 640w, https:\/\/centralmedia.rs\/wp-content\/uploads\/2021\/12\/so-svilajnac4-681x454.jpg 681w\" sizes=\"(max-width: 2048px) 100vw, 2048px\" \/><\/a>\n\t\t\t<\/div><\/figure>\n\t\t<\/div>\n\n<p>Potvr\u0111en je mandat novom odborniku Miloradu \u017divkovi\u0107u, penzioneru iz Rado\u0161ina.<\/p>\n<p>Na sednici su usvojeni Planovi rada za 2022. godinu Crvenog Krsta Svilajnac i \u0160taba za vanredne situacije op\u0161tine Svilajnac i doneta su kadrovska re\u0161enja za nadzorne i upravne odbore pojedinih javnih slu\u017ebi.<\/p>\n<p>Usvojena je Odluka o osnivanju Prirodnja\u010dkog centra, \u010dime je zapo\u010deta procedura osnivanja Prirodnja\u010dkog centra kao nove javne slu\u017ebe.<\/p>\n<p>Na kraju sednice predsednik op\u0161tine Predrag Milanovi\u0107 govorio je o zna\u010dajnim ostvarenim privrednim i ekonomskim rezultatima, i istakao da se u poslednjih 10 godina obim spoljno-trgovinske razmene udvostru\u010dio, a da je u pomoravskom regionu op\u0161tina Svilajnac na drugom mestu po ostvarenim rezultatima u oblasti privrednog rasta. Tako\u0111e, Milanovi\u0107 je naglasio da je u industrijskim zonama radi vi\u0161e od 1000 radnika, \u0161to je doprinelo da se procenat nezaposlenih trenutno spusti ispod 10%. Predsednik op\u0161tine zahvalio se gra\u0111anima koji su iskoristili svoje demokratsko pravo i izabrali \u010dlanove Saveta za 15 mesnih zajednica na teritoriji op\u0161tine Svilajnac.<\/p>\n","protected":false},"excerpt":{"rendered":"<p>SVILAJNAC-Jedanaesta sednica Skup\u0161tine op\u0161tine Svilajnac, odr\u017eana je ju\u010de i imala je 20 ta\u010daka dnevnog reda, a prisustvovalo joj je 37 odbornika. Potvr\u0111en je mandat novom &hellip; <\/p>\n","protected":false},"author":2,"featured_media":29213,"comment_status":"open","ping_status":"open","sticky":false,"template":"","format":"standard","meta":{"footnotes":""},"categories":[1524,2,13,887,12,1517],"tags":[2823,1233],"_links":{"self":[{"href":"https:\/\/centralmedia.rs\/index.php\/wp-json\/wp\/v2\/posts\/29212"}],"collection":[{"href":"https:\/\/centralmedia.rs\/index.php\/wp-json\/wp\/v2\/posts"}],"about":[{"href":"https:\/\/centralmedia.rs\/index.php\/wp-json\/wp\/v2\/types\/post"}],"author":[{"embeddable":true,"href":"https:\/\/centralmedia.rs\/index.php\/wp-json\/wp\/v2\/users\/2"}],"replies":[{"embeddable":true,"href":"https:\/\/centralmedia.rs\/index.php\/wp-json\/wp\/v2\/comments?post=29212"}],"version-history":[{"count":3,"href":"https:\/\/centralmedia.rs\/index.php\/wp-json\/wp\/v2\/posts\/29212\/revisions"}],"predecessor-version":[{"id":29219,"href":"https:\/\/centralmedia.rs\/index.php\/wp-json\/wp\/v2\/posts\/29212\/revisions\/29219"}],"wp:featuredmedia":[{"embeddable":true,"href":"https:\/\/centralmedia.rs\/index.php\/wp-json\/wp\/v2\/media\/29213"}],"wp:attachment":[{"href":"https:\/\/centralmedia.rs\/index.php\/wp-json\/wp\/v2\/media?parent=29212"}],"wp:term":[{"taxonomy":"category","embeddable":true,"href":"https:\/\/centralmedia.rs\/index.php\/wp-json\/wp\/v2\/categories?post=29212"},{"taxonomy":"post_tag","embeddable":true,"href":"https:\/\/centralmedia.rs\/index.php\/wp-json\/wp\/v2\/tags?post=29212"}],"curies":[{"name":"wp","href":"https:\/\/api.w.org\/{rel}","templated":true}]}}