{"id":29227,"date":"2021-12-02T00:10:09","date_gmt":"2021-12-01T23:10:09","guid":{"rendered":"http:\/\/centralmedia.rs\/?p=29227"},"modified":"2022-01-03T15:29:35","modified_gmt":"2022-01-03T14:29:35","slug":"povodom-najavljenih-blokada-u-subotu-vucic-necemo-da-reagujemo","status":"publish","type":"post","link":"https:\/\/centralmedia.rs\/index.php\/2021\/12\/02\/povodom-najavljenih-blokada-u-subotu-vucic-necemo-da-reagujemo\/","title":{"rendered":"POVODOM NAJAVLJENIH BLOKADA U SUBOTU &#8211; VU\u010cI\u0106: NE\u0106EMO DA REAGUJEMO"},"content":{"rendered":"<p>Predsednik Srbije Aleksandar Vu\u010di\u0107 je, na konferenciji za novinare, na pitanje \u0161ta o\u010dekuje od protesta za vikend, najavljenih ba\u0161 zbog zakona o referendumu i eksprotpijaciji , ali i izgradnje na Maki\u0161kom polju, rekao je \u2013 ne\u0107emo da reagujemo. \u201ePusti\u0107emo ih da rade \u0161ta ho\u0107e, dok ne ugro\u017eavaju \u017eivote, imovinu ljudi i institucije\u201c, naveo je on.<\/p>\n<p>Predsednik Srbije je rekao da nije potpisao zakon o eksproprijaciji i da i dalje &#8220;prou\u010davaju njegovu potpunu ustavnost&#8221;, dok je, kako ka\u017ee, Zakon o referendumu i narodnoj inicijativi u skladu sa Ustavom i preporukama Venecijanske komisije. Ali je rekao i da mu se i dalje &#8220;\u010dini da \u0107e da ga potpi\u0161e&#8221;, odnosno da \u0107e ga verovatno potpisati.<\/p>\n<p>Ulica nikada ne\u0107e voditi politiku Srbije, rekao je. \u201eUlica ne mo\u017ee da vlada ovom zemljom, ovom zemljom vladaju institucije\u201c, naveo je na konferenciji koja je, kako je rekao, posve\u0107ena Rio Tintu.<\/p>\n<p>On je rekao da je dobio od Advokatske komore Srbije pismeno o nekoliko stvari, a da ima jedna primedba koja je ozbiljna \u2013 da \u010dlan 28 Zakona o eksproprijaciji sadr\u017ei rokovi od tri i pet dana u postupanju, da \u201enije ba\u0161 tako, ali delimi\u010dno jeste\u201c i da se sopstveniku ostavlja kratak rok od pet dana da se izjasni. Rekao je da to nije protivustavno, ali da smatra da nije dobro.<\/p>\n<p>Predsednik Srbije je, na konferenciji za novinare koja je trajala oko sat i po, pokazao nekoliko dokumenata i, kako je naveo, \u201eklju\u010dni\u201c me\u0111u njima od 1. februara 2012. u kom se navodi, kako je pro\u010ditao, da se odobrava preduze\u0107u Rio Sava Eksplorej\u0161n izvo\u0111enje radova po projektu dobijanja uzoraka rude bora i litijuma za tehnolo\u0161ka ispitivanja, metodom bu\u0161enja bu\u0161otine velikog pre\u010dnika iz le\u017ei\u0161ta Jadar kod Loznice. Vu\u010di\u0107 je naveo da u javnosti govore da je klju\u010dni dokument bio iz 2017. godine, Memorandum o razumevanju, za koji ka\u017ee da se u njemu vidi da je sve \u201epotpuno neobavezuju\u0107e\u201c i da je sve izmi\u0161ljotina. \u201eJedina odluka koja je na bilo koji na\u010din dirala u integritet zemlji\u0161ta, bila je iz 2012. godine, s po\u010detka, kada su na vlasti bili predstavnici biv\u0161eg re\u017eima\u201c, naveo je.\u00a0Ipak, navodi, da on i dalje smatra da je litijum va\u017ean projekat za Srbiju. Najavljuje da \u0107e narednih dana obi\u0107i me\u0161tane lozni\u010dkih sela.<\/p>\n<p>foto AV<\/p>\n","protected":false},"excerpt":{"rendered":"<p>Predsednik Srbije Aleksandar Vu\u010di\u0107 je, na konferenciji za novinare, na pitanje \u0161ta o\u010dekuje od protesta za vikend, najavljenih ba\u0161 zbog zakona o referendumu i eksprotpijaciji &hellip; <\/p>\n","protected":false},"author":2,"featured_media":29228,"comment_status":"open","ping_status":"open","sticky":false,"template":"","format":"standard","meta":{"footnotes":""},"categories":[1524,2,5643,1514,13,12],"tags":[1274,3933],"_links":{"self":[{"href":"https:\/\/centralmedia.rs\/index.php\/wp-json\/wp\/v2\/posts\/29227"}],"collection":[{"href":"https:\/\/centralmedia.rs\/index.php\/wp-json\/wp\/v2\/posts"}],"about":[{"href":"https:\/\/centralmedia.rs\/index.php\/wp-json\/wp\/v2\/types\/post"}],"author":[{"embeddable":true,"href":"https:\/\/centralmedia.rs\/index.php\/wp-json\/wp\/v2\/users\/2"}],"replies":[{"embeddable":true,"href":"https:\/\/centralmedia.rs\/index.php\/wp-json\/wp\/v2\/comments?post=29227"}],"version-history":[{"count":1,"href":"https:\/\/centralmedia.rs\/index.php\/wp-json\/wp\/v2\/posts\/29227\/revisions"}],"predecessor-version":[{"id":29229,"href":"https:\/\/centralmedia.rs\/index.php\/wp-json\/wp\/v2\/posts\/29227\/revisions\/29229"}],"wp:featuredmedia":[{"embeddable":true,"href":"https:\/\/centralmedia.rs\/index.php\/wp-json\/wp\/v2\/media\/29228"}],"wp:attachment":[{"href":"https:\/\/centralmedia.rs\/index.php\/wp-json\/wp\/v2\/media?parent=29227"}],"wp:term":[{"taxonomy":"category","embeddable":true,"href":"https:\/\/centralmedia.rs\/index.php\/wp-json\/wp\/v2\/categories?post=29227"},{"taxonomy":"post_tag","embeddable":true,"href":"https:\/\/centralmedia.rs\/index.php\/wp-json\/wp\/v2\/tags?post=29227"}],"curies":[{"name":"wp","href":"https:\/\/api.w.org\/{rel}","templated":true}]}}