{"id":29230,"date":"2021-12-02T00:14:59","date_gmt":"2021-12-01T23:14:59","guid":{"rendered":"http:\/\/centralmedia.rs\/?p=29230"},"modified":"2022-01-03T15:29:18","modified_gmt":"2022-01-03T14:29:18","slug":"cuta-pozivam-vucica-da-se-urazumi-trebjesanin-rec-je-strasnoj-zloupotrebi-policije-to-je-drzavni-terorizam","status":"publish","type":"post","link":"https:\/\/centralmedia.rs\/index.php\/2021\/12\/02\/cuta-pozivam-vucica-da-se-urazumi-trebjesanin-rec-je-strasnoj-zloupotrebi-policije-to-je-drzavni-terorizam\/","title":{"rendered":"\u0106uta: Pozivam Vu\u010di\u0107a da se urazumi, Trebje\u0161anin \u2013 re\u010d je stra\u0161noj zloupotrebi policije, to je dr\u017eavni terorizam"},"content":{"rendered":"<p>Aktivista Ekolo\u0161kog ustanka Aleksandar Jovanovi\u0107 \u0106uta, povodom protesta pro\u0161le subote i onog najavljenog za slede\u0107u, 4. decembra, ka\u017ee da predsednik Srbije Aleksandar Vu\u010di\u0107 jedini ima mogu\u0107nost da smiri tenzije. Na pitanje ho\u0107e li naredna subota biti &#8220;\u0160abac na vi\u0161e mesta&#8221;, odnosno ho\u0107e li do\u0107i do nasilja prema demonstrantima kao pro\u0161le subote od strane ljudi sa \u010deki\u0107ima i motkama, on isti\u010de da to zavisi od toga &#8220;da li onaj koji dolazi dolazi sa motkom, \u010deki\u0107em, bejzbol palicom ili fantomkom, ili dolazi mirno da iska\u017ee svoje nezadovoljstvo&#8221;. Psiholog \u017darko Trebje\u0161anin ukazuje da to da li \u0107e biti mirni protesti zavisi i od jednih i od drugih, ali ne podjednako, jer &#8220;onaj koji ima vlast ima mo\u0107 da upotrebi tu vlast da situaciju smiri&#8221;.<\/p>\n<p>\u201eMi smo posle 30 godina, posle svega \u0161to smo ovde pro\u0161li, do\u0161li na kraju do toga da se poubijamo. Mi di\u0161emo isti vazduh, jedemo istu hranu \u2013 sve \u0161to tra\u017eimo je da nam to niko ne otima\u2026 Niko nije lud da blokira mostove tek tako, \u010dega je malo Vu\u010di\u0107u, sve ima \u2013 vlast, glasa\u010de, a sada je odlu\u010dio da nam otima dedovinu\u2026 Pozivam Vu\u010di\u0107a da se, bre, urazumi, da se smiri, da povu\u010de Zakon o eksproprijaciji, a Zakon o referendumu da krene u proceduru, da se zakon vrati u skup\u0161tinu i da se o svemu \u0161to se ti\u010de na\u0161ih \u017eivota raspravlja tako \u0161to se narod pita\u201c, isti\u010de \u0106uta u Novom danu na TV N1.<\/p>\n<p>Trebje\u0161anin dodaje da \u201eova vlast kao da pri\u017eeljkuje sukobe\u201c.<\/p>\n<p>\u201ePredsednik je predsednik svih gra\u0111ana, kada se jave ovakvi sukobi koji mogu da budu varnica, to vi\u0161e nije za igru, on bi kao predsednik trebalo da smiruje to, a ne da se stavlja na jednu stranu. Umesto da se dolazi ve\u0107 na ivicu jednog zaista ozbiljnog sukoba koji je ve\u0107 imao elemente oru\u017eanog, s tim \u0161to jedna strana ima motke, a druga nema ni\u0161ta \u2013 takve stvari ne smeju da se dopuste. Vi umesto da gasite po\u017ear, dolivate ulje na vatru, ne mo\u017eete da pu\u0161ite tamo gde imate burad benzina\u201c, upozorava Trebje\u0161anin.<\/p>\n<p>On, povodom izjave ministra policije Aleksandra Vulina da protesti nemaju veze sa ekologijom i da \u0107e policija reagovati u skladu sa ovla\u0161\u0107enjima i primeniti nasilje, isti\u010de da se radi o \u201estra\u0161noj zloupotrebi policije\u201c.<\/p>\n<p>\u201eAko dr\u017eava koristi policiju da bi narod koji ima pravo da protestuje napadala, to je dr\u017eavni terorizam, policija ne sme da se zloupotrebi, ona ne sme da odstupi, da ostavi nenaoru\u017eane ljudi da ih tuku ovi sa motkama. A jo\u0161 je gora parapolicija\u2026 To sve asocira na nacizam\u201c, ocenjuje Trebje\u0161anin.<\/p>\n<p>On ukazuje da \u201edo ovoga nije ni moralo da do\u0111e da je bilo razuma\u201c.<\/p>\n<p>\u201eNemogu\u0107e je ovakve ozbiljne stvari, kao \u0161to su zakoni o referendumu i eksproprijaciji, re\u0161avati motkama, \u010deki\u0107ima i sli\u010dno. Zato je izbio ovaj protest, on je posledica nedostatka javne rasprave. Ako ne mo\u017eete o najva\u017enijim stvarima da uspostavite dijalog, onda ste primorani da se pojavite na ulici, da blokirate, to je posledica nedostatka demokratskog dijaloga\u201c, ukazuje Trebje\u0161anin.<\/p>\n<p>Na pitanje \u0161ta \u0107e se desiti u subotu, ako Vu\u010di\u0107 do petka ne potpi\u0161e Zakon o eksproprijaciji, Jovanovi\u0107 \u0106uta poru\u010duje: \u201eBlokada cele Srbije!\u201c<\/p>\n<p>On isti\u010de da Vu\u010di\u0107ev re\u017eim treba da da narodu na uvid sve sporazume koje su potpisali sa svim investitorima, \u201emi radimo za 200 evra, a nemamo pojma \u0161ta su se sve oni svi dogovorili\u201c.<\/p>\n<p>\u201eTo je Srbija Vu\u010di\u0107a, gde on radi \u0161ta god ho\u0107e. Dokle god tako bude bilo ima\u0107e pobunu, od njega zavisi, do\u0107i\u0107emo bez \u010deki\u0107a, motki, bejzbol palica\u201c, poru\u010duje Jovanovi\u0107 \u0106uta.<\/p>\n<p>foto N1<\/p>\n<p>&nbsp;<\/p>\n","protected":false},"excerpt":{"rendered":"<p>Aktivista Ekolo\u0161kog ustanka Aleksandar Jovanovi\u0107 \u0106uta, povodom protesta pro\u0161le subote i onog najavljenog za slede\u0107u, 4. decembra, ka\u017ee da predsednik Srbije Aleksandar Vu\u010di\u0107 jedini ima &hellip; <\/p>\n","protected":false},"author":2,"featured_media":29231,"comment_status":"open","ping_status":"open","sticky":false,"template":"","format":"standard","meta":{"footnotes":""},"categories":[1524,2,1514,5643,13,12],"tags":[5400,130,1922,5184,5567],"_links":{"self":[{"href":"https:\/\/centralmedia.rs\/index.php\/wp-json\/wp\/v2\/posts\/29230"}],"collection":[{"href":"https:\/\/centralmedia.rs\/index.php\/wp-json\/wp\/v2\/posts"}],"about":[{"href":"https:\/\/centralmedia.rs\/index.php\/wp-json\/wp\/v2\/types\/post"}],"author":[{"embeddable":true,"href":"https:\/\/centralmedia.rs\/index.php\/wp-json\/wp\/v2\/users\/2"}],"replies":[{"embeddable":true,"href":"https:\/\/centralmedia.rs\/index.php\/wp-json\/wp\/v2\/comments?post=29230"}],"version-history":[{"count":1,"href":"https:\/\/centralmedia.rs\/index.php\/wp-json\/wp\/v2\/posts\/29230\/revisions"}],"predecessor-version":[{"id":29232,"href":"https:\/\/centralmedia.rs\/index.php\/wp-json\/wp\/v2\/posts\/29230\/revisions\/29232"}],"wp:featuredmedia":[{"embeddable":true,"href":"https:\/\/centralmedia.rs\/index.php\/wp-json\/wp\/v2\/media\/29231"}],"wp:attachment":[{"href":"https:\/\/centralmedia.rs\/index.php\/wp-json\/wp\/v2\/media?parent=29230"}],"wp:term":[{"taxonomy":"category","embeddable":true,"href":"https:\/\/centralmedia.rs\/index.php\/wp-json\/wp\/v2\/categories?post=29230"},{"taxonomy":"post_tag","embeddable":true,"href":"https:\/\/centralmedia.rs\/index.php\/wp-json\/wp\/v2\/tags?post=29230"}],"curies":[{"name":"wp","href":"https:\/\/api.w.org\/{rel}","templated":true}]}}