{"id":29245,"date":"2021-12-03T00:46:37","date_gmt":"2021-12-02T23:46:37","guid":{"rendered":"http:\/\/centralmedia.rs\/?p=29245"},"modified":"2022-01-03T15:28:33","modified_gmt":"2022-01-03T14:28:33","slug":"od-eko-brigade-ekoloske-proteste-preoteli-politicari-u-pokusaju","status":"publish","type":"post","link":"https:\/\/centralmedia.rs\/index.php\/2021\/12\/03\/od-eko-brigade-ekoloske-proteste-preoteli-politicari-u-pokusaju\/","title":{"rendered":"OD EKO BRIGADE  EKOLO\u0160KE  PROTESTE ,,PREOTELI\u201d POLITI\u010cARI U POKU\u0160AJU"},"content":{"rendered":"<p>JAGODINA- Povodom protesta u subotu 4. decembra u Jagodini oglasila se ekolo\u0161ka organizacija Eko brigade, koja je do sada bila nosilac\u00a0 ekolo\u0161kih aktivnosti kroz informisanje gra\u0111ana o problemima istra\u017eivanja, kopanja i prerade ruda, kao i organizator protesta zbog usvajanja spornih Zakona o referendumu i narodnoj inicijativi i Zakona o eksproprijaciji.<\/p>\n<p>-Kako nismo u mogu\u0107nosti da garantujemo adekvatnu kontrolu mirne blokade, a imamo naznake da \u0107e odre\u0111ene grupacije poku\u0161ati da ovaj vid protestnog okupljanja predstave ideolo\u0161ki, Eko brigada ne\u0107e biti u organizaciji blokade u subotu, 4. decembra. Mo\u017eete se pridru\u017eiti nekoj od lokacija na kojima druge grupe gra\u0111ana organizuju blokadu. Podr\u017eavamo sve ljude koji su spremni da ustanu protiv brojnih rudnika stranih kompanija na teritoriji Srbije i spornih sramnih zakona i zadovoljni smo \u0161to se narod polako budi.<\/p>\n<p>\u010clanovi i aktivisti Eko brigade bi\u0107e na razli\u010ditim lokacijama u znak jedinstva svih gra\u0111ana u ovoj borbi, stoji u saop\u0161tenju Eko brigade.<\/p>\n<p>Proteste u subotu u Jagodini na kru\u017enom toku na putu prema \u0106upriji najavili su lokalni odbori opozicionih politi\u010dkih partija i politi\u010dki anga\u017eovani pojedinci, koji su u nekoliko \u00a0navrata proteklih godina poku\u0161avali da organizuju okupljanja gra\u0111ana, ali sve se zavr\u0161avalo odustajanjem gra\u0111ana, kao i \u00a0optu\u017ebama i sva\u0111om ,,lidera\u201d preko dru\u0161tvenih mre\u017ea, bez nekog vidljivijeg uspeha. Takvi skupovi nedefinisanih pojedinaca najvi\u0161e su odgovarali lokalnoj koaliciji na vlasti.<\/p>\n<div id='gallery-1' class='gallery galleryid-29245 gallery-columns-2 gallery-size-thumbnail'><figure class='gallery-item'>\n\t\t\t<div class='gallery-icon landscape'>\n\t\t\t\t<a href='https:\/\/centralmedia.rs\/index.php\/2021\/12\/03\/od-eko-brigade-ekoloske-proteste-preoteli-politicari-u-pokusaju\/blokada-4-12-21jpg\/'><img loading=\"lazy\" decoding=\"async\" width=\"150\" height=\"150\" src=\"https:\/\/centralmedia.rs\/wp-content\/uploads\/2021\/12\/blokada-4.12.21jpg-150x150.jpg\" class=\"attachment-thumbnail size-thumbnail\" alt=\"\" \/><\/a>\n\t\t\t<\/div><\/figure><figure class='gallery-item'>\n\t\t\t<div class='gallery-icon landscape'>\n\t\t\t\t<a href='https:\/\/centralmedia.rs\/index.php\/2021\/12\/03\/od-eko-brigade-ekoloske-proteste-preoteli-politicari-u-pokusaju\/blokada-4-12-2\/'><img loading=\"lazy\" decoding=\"async\" width=\"150\" height=\"150\" src=\"https:\/\/centralmedia.rs\/wp-content\/uploads\/2021\/12\/blokada-4.12-1-150x150.jpg\" class=\"attachment-thumbnail size-thumbnail\" alt=\"\" srcset=\"https:\/\/centralmedia.rs\/wp-content\/uploads\/2021\/12\/blokada-4.12-1-150x150.jpg 150w, https:\/\/centralmedia.rs\/wp-content\/uploads\/2021\/12\/blokada-4.12-1-300x300.jpg 300w, https:\/\/centralmedia.rs\/wp-content\/uploads\/2021\/12\/blokada-4.12-1-768x768.jpg 768w, https:\/\/centralmedia.rs\/wp-content\/uploads\/2021\/12\/blokada-4.12-1-420x420.jpg 420w, https:\/\/centralmedia.rs\/wp-content\/uploads\/2021\/12\/blokada-4.12-1-640x640.jpg 640w, https:\/\/centralmedia.rs\/wp-content\/uploads\/2021\/12\/blokada-4.12-1-681x681.jpg 681w, https:\/\/centralmedia.rs\/wp-content\/uploads\/2021\/12\/blokada-4.12-1.jpg 791w\" sizes=\"(max-width: 150px) 100vw, 150px\" \/><\/a>\n\t\t\t<\/div><\/figure>\n\t\t<\/div>\n\n<p>U Para\u0107inu Demokratska stranka, Stranka slobode i pravde i ,,Svi za Para\u0107in\u201d \u00a0pozivaju gra\u0111ane da se u subotu 4. decembra u centru grada kod spomenika pridru\u017ee protestima i blokadama nezadovoljnih gra\u0111ana \u0161irom Srbije.<\/p>\n<p><img loading=\"lazy\" decoding=\"async\" class=\"alignnone wp-image-29251 size-full\" src=\"http:\/\/centralmedia.rs\/wp-content\/uploads\/2021\/12\/blokada-4.12-2.jpg\" alt=\"\" width=\"526\" height=\"526\" srcset=\"https:\/\/centralmedia.rs\/wp-content\/uploads\/2021\/12\/blokada-4.12-2.jpg 526w, https:\/\/centralmedia.rs\/wp-content\/uploads\/2021\/12\/blokada-4.12-2-150x150.jpg 150w, https:\/\/centralmedia.rs\/wp-content\/uploads\/2021\/12\/blokada-4.12-2-300x300.jpg 300w, https:\/\/centralmedia.rs\/wp-content\/uploads\/2021\/12\/blokada-4.12-2-420x420.jpg 420w\" sizes=\"(max-width: 526px) 100vw, 526px\" \/><\/p>\n<p>U Rekovcu ekololozi organizuju protest 4. decembra od 14 sati na raskrsnici kod crkve<\/p>\n","protected":false},"excerpt":{"rendered":"<p>JAGODINA- Povodom protesta u subotu 4. decembra u Jagodini oglasila se ekolo\u0161ka organizacija Eko brigade, koja je do sada bila nosilac\u00a0 ekolo\u0161kih aktivnosti kroz informisanje &hellip; <\/p>\n","protected":false},"author":2,"featured_media":29246,"comment_status":"open","ping_status":"open","sticky":false,"template":"","format":"standard","meta":{"footnotes":""},"categories":[1524,2,1514,5643,13,887,12],"tags":[5572,58,5573,1922],"_links":{"self":[{"href":"https:\/\/centralmedia.rs\/index.php\/wp-json\/wp\/v2\/posts\/29245"}],"collection":[{"href":"https:\/\/centralmedia.rs\/index.php\/wp-json\/wp\/v2\/posts"}],"about":[{"href":"https:\/\/centralmedia.rs\/index.php\/wp-json\/wp\/v2\/types\/post"}],"author":[{"embeddable":true,"href":"https:\/\/centralmedia.rs\/index.php\/wp-json\/wp\/v2\/users\/2"}],"replies":[{"embeddable":true,"href":"https:\/\/centralmedia.rs\/index.php\/wp-json\/wp\/v2\/comments?post=29245"}],"version-history":[{"count":3,"href":"https:\/\/centralmedia.rs\/index.php\/wp-json\/wp\/v2\/posts\/29245\/revisions"}],"predecessor-version":[{"id":29252,"href":"https:\/\/centralmedia.rs\/index.php\/wp-json\/wp\/v2\/posts\/29245\/revisions\/29252"}],"wp:featuredmedia":[{"embeddable":true,"href":"https:\/\/centralmedia.rs\/index.php\/wp-json\/wp\/v2\/media\/29246"}],"wp:attachment":[{"href":"https:\/\/centralmedia.rs\/index.php\/wp-json\/wp\/v2\/media?parent=29245"}],"wp:term":[{"taxonomy":"category","embeddable":true,"href":"https:\/\/centralmedia.rs\/index.php\/wp-json\/wp\/v2\/categories?post=29245"},{"taxonomy":"post_tag","embeddable":true,"href":"https:\/\/centralmedia.rs\/index.php\/wp-json\/wp\/v2\/tags?post=29245"}],"curies":[{"name":"wp","href":"https:\/\/api.w.org\/{rel}","templated":true}]}}