{"id":29258,"date":"2021-12-06T16:04:10","date_gmt":"2021-12-06T15:04:10","guid":{"rendered":"http:\/\/centralmedia.rs\/?p=29258"},"modified":"2022-01-03T15:28:17","modified_gmt":"2022-01-03T14:28:17","slug":"prilikom-susreta-sa-dmitrovicem-palma-briga-o-deci-i-porodici-prioritet-grada-jagodine","status":"publish","type":"post","link":"https:\/\/centralmedia.rs\/index.php\/2021\/12\/06\/prilikom-susreta-sa-dmitrovicem-palma-briga-o-deci-i-porodici-prioritet-grada-jagodine\/","title":{"rendered":"PRILIKOM SUSRETA SA DMITROVI\u0106EM, PALMA: BRIGA O DECI I PORODICI PRIORITET GRADA JAGODINE"},"content":{"rendered":"<p>Prilikom dana\u0161njeg susreta sa ministrom Radomirom Dmitrovi\u0107em u Jagodini, Dragan Markovi\u0107 Palma predsednik Skup\u0161tine grada Jagodine naglasio je da grad Jagodina izdavaja ogromna sredstva za pomo\u0107 porodici, deci i socijalno ugro\u017eenim kategorijama stanovni\u0161tva. Napomenuo je\u00a0 da je grad Jagodina prvi u Srbiji doneo odluku da se novorodjena deca poma\u017eu sa 1200 evra, \u0161to je doprinelo da\u00a0 na teritoriji grada u pojedini \u0161kolskim godinama\u00a0 bude \u010dak i do dva odeljenja osnovaca vi\u0161e upisano. Takodje je rekao\u00a0 da je za svako \u010detvrto i dalje rodjeno dete u periodu od 2008 do 2010. godine\u00a0 grad doneo odluku da se ta deca poma\u017eu sa dvesta evra\u00a0 do punoletstva svakog meseca, \u0161to ta deca i dan danas primaju.<\/p>\n<p>-Izgradili smo nove \u0161kole i vrti\u0107e.\u00a0\u00a0 Sve do epidemije korona virusa,\u00a0 15 godina su u\u00a0 organizaciji grada studenti\u00a0 putovali u Be\u010d,\u00a0 srednjo\u0161kolci i\u0161li na letovanje u Gr\u010dku, a osnovci kada zavr\u0161e \u010detvrti i osmi razred u Crnu Goru. Pomagali smo gradjane i u vreme korone i tada smo za najugro\u017eenije\u00a0 podelili 7.500 paketa sa\u00a0 hranom i\u00a0 sredstvima za li\u010dnu higijenu. Kod nas u Jagodini je od pre tri godine besplatan\u00a0 autobuski prevoz za sve, a do tada ovu mogu\u0107nost su imali djaci i studenti sa teritorije grada. Samo u pro\u0161loj godini za socijalna davanja grad Jagodina je izdvojio vi\u0161e od 200 milona dinara &#8211;\u00a0 kazao je Markovi\u0107.<\/p>\n<div id='gallery-1' class='gallery galleryid-29258 gallery-columns-3 gallery-size-thumbnail'><figure class='gallery-item'>\n\t\t\t<div class='gallery-icon landscape'>\n\t\t\t\t<a href='https:\/\/centralmedia.rs\/index.php\/2021\/12\/06\/prilikom-susreta-sa-dmitrovicem-palma-briga-o-deci-i-porodici-prioritet-grada-jagodine\/dmirtovic-i-palma1\/'><img loading=\"lazy\" decoding=\"async\" width=\"150\" height=\"150\" src=\"https:\/\/centralmedia.rs\/wp-content\/uploads\/2021\/12\/DMIRTOVIC-I-PALMA1-150x150.jpg\" class=\"attachment-thumbnail size-thumbnail\" alt=\"\" \/><\/a>\n\t\t\t<\/div><\/figure><figure class='gallery-item'>\n\t\t\t<div class='gallery-icon landscape'>\n\t\t\t\t<a href='https:\/\/centralmedia.rs\/index.php\/2021\/12\/06\/prilikom-susreta-sa-dmitrovicem-palma-briga-o-deci-i-porodici-prioritet-grada-jagodine\/dmirtovic-i-palma2\/'><img loading=\"lazy\" decoding=\"async\" width=\"150\" height=\"150\" src=\"https:\/\/centralmedia.rs\/wp-content\/uploads\/2021\/12\/DMIRTOVIC-I-PALMA2-150x150.jpg\" class=\"attachment-thumbnail size-thumbnail\" alt=\"\" \/><\/a>\n\t\t\t<\/div><\/figure><figure class='gallery-item'>\n\t\t\t<div class='gallery-icon landscape'>\n\t\t\t\t<a href='https:\/\/centralmedia.rs\/index.php\/2021\/12\/06\/prilikom-susreta-sa-dmitrovicem-palma-briga-o-deci-i-porodici-prioritet-grada-jagodine\/dmirtovic-i-palma3\/'><img loading=\"lazy\" decoding=\"async\" width=\"150\" height=\"150\" src=\"https:\/\/centralmedia.rs\/wp-content\/uploads\/2021\/12\/DMIRTOVIC-I-PALMA3-150x150.jpg\" class=\"attachment-thumbnail size-thumbnail\" alt=\"\" \/><\/a>\n\t\t\t<\/div><\/figure>\n\t\t<\/div>\n\n<p>RADOMIR DMITROVI\u0106:\u00a0 NA PREDLOG PREDSEDNIKA VU\u010cI\u0106A DO KRAJA GODINE NOVI PAKET MERA DR\u017dAVE KOJI IMA ZA CILJ\u00a0 POVE\u0106ANJE NATALITETA<\/p>\n<p>Ministar Dmitrovi\u0107 je istakao da su retki primeri u Srbiji da prilikom poseta lokalnih samouprava bude zadovoljan onim\u00a0 \u0161to je u njima uradjeno po pitanju demografije i da je Jagodina jedan od retkih\u00a0 gradova\u00a0 gde je zadovoljan svim onim merama\u00a0 koje su sprovedene kako bi se zaustavila bela kuga. Dmitrovi\u0107 je kazao da je Jagodina imala snage da se uhvati u ko\u0161tac sa ovim problemom.<\/p>\n<p>-Zahvaljujem Markovi\u0107u na merama\u00a0 kojima uspeva da ubla\u017ei demografski pad. Mi moramo u narednom periodu da povedemo vi\u0161e ra\u010duna o odumiranju srpskog sela, da\u00a0 za\u0161titimo srpskog seljaka od uvoza svega i sva\u010dega jer nekontrolisani uvoz namirnica ima za rezultat i propadanje seoskih doma\u0107instava. \u0160to se ti\u010de pove\u0107anja nataliteta, na predlog predsednika Vu\u010di\u0107a\u00a0 do kraja godine bi\u0107e donet novi paket mera koji \u0107e imati za cilj da pospe\u0161i radjanje dece. Svako novorodjeno dete \u0107e dobiti po 300.000 dinara,\u00a0 a u tom paketu mera bi\u0107e razmotrena i mogu\u0107nost kako da mladim ljudima kroz podsticaj od 20.000 evra omogu\u0107imo kupovinu stana &#8211;\u00a0 zaklju\u010dio je Dmitrovi\u0107.<\/p>\n<p>&nbsp;<\/p>\n<p>&nbsp;<\/p>\n<p>&nbsp;<\/p>\n<p>&nbsp;<\/p>\n","protected":false},"excerpt":{"rendered":"<p>Prilikom dana\u0161njeg susreta sa ministrom Radomirom Dmitrovi\u0107em u Jagodini, Dragan Markovi\u0107 Palma predsednik Skup\u0161tine grada Jagodine naglasio je da grad Jagodina izdavaja ogromna sredstva za &hellip; <\/p>\n","protected":false},"author":2,"featured_media":29259,"comment_status":"open","ping_status":"open","sticky":false,"template":"","format":"standard","meta":{"footnotes":""},"categories":[1524,2,1514,5643,13,887,12],"tags":[5576,5577,120],"_links":{"self":[{"href":"https:\/\/centralmedia.rs\/index.php\/wp-json\/wp\/v2\/posts\/29258"}],"collection":[{"href":"https:\/\/centralmedia.rs\/index.php\/wp-json\/wp\/v2\/posts"}],"about":[{"href":"https:\/\/centralmedia.rs\/index.php\/wp-json\/wp\/v2\/types\/post"}],"author":[{"embeddable":true,"href":"https:\/\/centralmedia.rs\/index.php\/wp-json\/wp\/v2\/users\/2"}],"replies":[{"embeddable":true,"href":"https:\/\/centralmedia.rs\/index.php\/wp-json\/wp\/v2\/comments?post=29258"}],"version-history":[{"count":1,"href":"https:\/\/centralmedia.rs\/index.php\/wp-json\/wp\/v2\/posts\/29258\/revisions"}],"predecessor-version":[{"id":29263,"href":"https:\/\/centralmedia.rs\/index.php\/wp-json\/wp\/v2\/posts\/29258\/revisions\/29263"}],"wp:featuredmedia":[{"embeddable":true,"href":"https:\/\/centralmedia.rs\/index.php\/wp-json\/wp\/v2\/media\/29259"}],"wp:attachment":[{"href":"https:\/\/centralmedia.rs\/index.php\/wp-json\/wp\/v2\/media?parent=29258"}],"wp:term":[{"taxonomy":"category","embeddable":true,"href":"https:\/\/centralmedia.rs\/index.php\/wp-json\/wp\/v2\/categories?post=29258"},{"taxonomy":"post_tag","embeddable":true,"href":"https:\/\/centralmedia.rs\/index.php\/wp-json\/wp\/v2\/tags?post=29258"}],"curies":[{"name":"wp","href":"https:\/\/api.w.org\/{rel}","templated":true}]}}