{"id":29264,"date":"2021-12-06T16:09:31","date_gmt":"2021-12-06T15:09:31","guid":{"rendered":"http:\/\/centralmedia.rs\/?p=29264"},"modified":"2021-12-20T08:54:45","modified_gmt":"2021-12-20T07:54:45","slug":"besplatni-novogodisnji-paketici-za-decu","status":"publish","type":"post","link":"https:\/\/centralmedia.rs\/index.php\/2021\/12\/06\/besplatni-novogodisnji-paketici-za-decu\/","title":{"rendered":"BESPLATNI NOVOGODI\u0160NJI PAKETI\u0106I ZA DECU"},"content":{"rendered":"<p>SVILAJNAC- Op\u0161tina Svilajnac odlu\u010dila je da ove godine obraduje svu decu uzrasta do 10 godina besplatnim novogodi\u0161njim paketi\u0107ima. Besplatni paketi\u0107i deli\u0107e se u okviru projekta \u201eSvilajn\u010dani na prvom mestu\u201c preko Korisni\u010dkog centra op\u0161tine Svilajnac. Prijava traje do 20. decembra i vr\u0161i se u Korisni\u010dkom centru, u ulici 27. marta 2, svakog radnog dana od 8.00 &#8211; 17.00 \u010dasova i u svim seoskim mesnim kancelarijama. Potrebno je da barem jedan roditelj poseduje Svilajna\u010dku karticu i do\u0111e li\u010dno sa detetom\/decom koju prijavljuje za paketi\u0107. Ko nema Svilajna\u010dku karticu mo\u017ee je besplatno izvaditi na mestu prijave. Na ovaj na\u010din op\u0161tina \u017eeli da obraduje svoje najmla\u0111e sugra\u0111ane.<\/p>\n<p><img loading=\"lazy\" decoding=\"async\" class=\"alignnone wp-image-29265 size-large\" src=\"http:\/\/centralmedia.rs\/wp-content\/uploads\/2021\/12\/paketi\u0107i-723x1024.jpg\" alt=\"\" width=\"640\" height=\"906\" srcset=\"https:\/\/centralmedia.rs\/wp-content\/uploads\/2021\/12\/paketi\u0107i-723x1024.jpg 723w, https:\/\/centralmedia.rs\/wp-content\/uploads\/2021\/12\/paketi\u0107i-212x300.jpg 212w, https:\/\/centralmedia.rs\/wp-content\/uploads\/2021\/12\/paketi\u0107i-768x1087.jpg 768w, https:\/\/centralmedia.rs\/wp-content\/uploads\/2021\/12\/paketi\u0107i-297x420.jpg 297w, https:\/\/centralmedia.rs\/wp-content\/uploads\/2021\/12\/paketi\u0107i-640x906.jpg 640w, https:\/\/centralmedia.rs\/wp-content\/uploads\/2021\/12\/paketi\u0107i-681x964.jpg 681w, https:\/\/centralmedia.rs\/wp-content\/uploads\/2021\/12\/paketi\u0107i.jpg 1304w\" sizes=\"(max-width: 640px) 100vw, 640px\" \/><\/p>\n","protected":false},"excerpt":{"rendered":"<p>SVILAJNAC- Op\u0161tina Svilajnac odlu\u010dila je da ove godine obraduje svu decu uzrasta do 10 godina besplatnim novogodi\u0161njim paketi\u0107ima. Besplatni paketi\u0107i deli\u0107e se u okviru projekta &hellip; <\/p>\n","protected":false},"author":2,"featured_media":29265,"comment_status":"open","ping_status":"open","sticky":false,"template":"","format":"standard","meta":{"footnotes":""},"categories":[14,1524,2,887,12,1517],"tags":[1453,379,46,38],"_links":{"self":[{"href":"https:\/\/centralmedia.rs\/index.php\/wp-json\/wp\/v2\/posts\/29264"}],"collection":[{"href":"https:\/\/centralmedia.rs\/index.php\/wp-json\/wp\/v2\/posts"}],"about":[{"href":"https:\/\/centralmedia.rs\/index.php\/wp-json\/wp\/v2\/types\/post"}],"author":[{"embeddable":true,"href":"https:\/\/centralmedia.rs\/index.php\/wp-json\/wp\/v2\/users\/2"}],"replies":[{"embeddable":true,"href":"https:\/\/centralmedia.rs\/index.php\/wp-json\/wp\/v2\/comments?post=29264"}],"version-history":[{"count":1,"href":"https:\/\/centralmedia.rs\/index.php\/wp-json\/wp\/v2\/posts\/29264\/revisions"}],"predecessor-version":[{"id":29266,"href":"https:\/\/centralmedia.rs\/index.php\/wp-json\/wp\/v2\/posts\/29264\/revisions\/29266"}],"wp:featuredmedia":[{"embeddable":true,"href":"https:\/\/centralmedia.rs\/index.php\/wp-json\/wp\/v2\/media\/29265"}],"wp:attachment":[{"href":"https:\/\/centralmedia.rs\/index.php\/wp-json\/wp\/v2\/media?parent=29264"}],"wp:term":[{"taxonomy":"category","embeddable":true,"href":"https:\/\/centralmedia.rs\/index.php\/wp-json\/wp\/v2\/categories?post=29264"},{"taxonomy":"post_tag","embeddable":true,"href":"https:\/\/centralmedia.rs\/index.php\/wp-json\/wp\/v2\/tags?post=29264"}],"curies":[{"name":"wp","href":"https:\/\/api.w.org\/{rel}","templated":true}]}}