{"id":29267,"date":"2021-12-07T14:16:49","date_gmt":"2021-12-07T13:16:49","guid":{"rendered":"http:\/\/centralmedia.rs\/?p=29267"},"modified":"2022-01-03T15:28:05","modified_gmt":"2022-01-03T14:28:05","slug":"eksplodirao-automobil-u-majuru-kod-jagodine-dvoje-povredenih-ostecene-i-okolne-kuce","status":"publish","type":"post","link":"https:\/\/centralmedia.rs\/index.php\/2021\/12\/07\/eksplodirao-automobil-u-majuru-kod-jagodine-dvoje-povredenih-ostecene-i-okolne-kuce\/","title":{"rendered":"EKSPLODIRAO AUTOMOBIL U MAJURU KOD JAGODINE: Dvoje povre\u0111enih, o\u0161te\u0107ene i okolne ku\u0107e"},"content":{"rendered":"<p>Dve osobe su povre\u0111ene u eksploziji automobila koja se dogodila oko 10 \u010dasova u Majuru kod Jagodine. O\u0161te\u0107ene su i ku\u0107e u blizini, kao i elektri\u010dna mre\u017ea.<\/p>\n<p>RTS saznaje u Jagodinskoj bolnici da je mu\u0161karac sa povredama glave i lica hitno upu\u0107en u kragujeva\u010dki Urgentni centar, ali da nije \u017eivotno ugro\u017een. \u017denska osoba je zadr\u017eana na le\u010denju u Jagodinskoj bolnici.<\/p>\n<p>Prema svedo\u010denju o\u010devidaca koji su prvi do\u0161li na mesto eksplozije u gepeku automobila videli su boce za varenje, tako da je eventualno curenje sadr\u017eaja boca mogu\u0107i uzrok eksplozije.<\/p>\n<p>O\u0161te\u0107ene su i ku\u0107e u blizini kao i elektri\u010dna mre\u017ea.<\/p>\n<p>RTS<\/p>\n","protected":false},"excerpt":{"rendered":"<p>Dve osobe su povre\u0111ene u eksploziji automobila koja se dogodila oko 10 \u010dasova u Majuru kod Jagodine. O\u0161te\u0107ene su i ku\u0107e u blizini, kao i &hellip; <\/p>\n","protected":false},"author":2,"featured_media":29268,"comment_status":"open","ping_status":"open","sticky":false,"template":"","format":"standard","meta":{"footnotes":""},"categories":[1524,20,2,1514,5643,887,12],"tags":[1332,58,1671],"_links":{"self":[{"href":"https:\/\/centralmedia.rs\/index.php\/wp-json\/wp\/v2\/posts\/29267"}],"collection":[{"href":"https:\/\/centralmedia.rs\/index.php\/wp-json\/wp\/v2\/posts"}],"about":[{"href":"https:\/\/centralmedia.rs\/index.php\/wp-json\/wp\/v2\/types\/post"}],"author":[{"embeddable":true,"href":"https:\/\/centralmedia.rs\/index.php\/wp-json\/wp\/v2\/users\/2"}],"replies":[{"embeddable":true,"href":"https:\/\/centralmedia.rs\/index.php\/wp-json\/wp\/v2\/comments?post=29267"}],"version-history":[{"count":1,"href":"https:\/\/centralmedia.rs\/index.php\/wp-json\/wp\/v2\/posts\/29267\/revisions"}],"predecessor-version":[{"id":29269,"href":"https:\/\/centralmedia.rs\/index.php\/wp-json\/wp\/v2\/posts\/29267\/revisions\/29269"}],"wp:featuredmedia":[{"embeddable":true,"href":"https:\/\/centralmedia.rs\/index.php\/wp-json\/wp\/v2\/media\/29268"}],"wp:attachment":[{"href":"https:\/\/centralmedia.rs\/index.php\/wp-json\/wp\/v2\/media?parent=29267"}],"wp:term":[{"taxonomy":"category","embeddable":true,"href":"https:\/\/centralmedia.rs\/index.php\/wp-json\/wp\/v2\/categories?post=29267"},{"taxonomy":"post_tag","embeddable":true,"href":"https:\/\/centralmedia.rs\/index.php\/wp-json\/wp\/v2\/tags?post=29267"}],"curies":[{"name":"wp","href":"https:\/\/api.w.org\/{rel}","templated":true}]}}