{"id":29270,"date":"2021-12-08T13:14:11","date_gmt":"2021-12-08T12:14:11","guid":{"rendered":"http:\/\/centralmedia.rs\/?p=29270"},"modified":"2022-01-03T15:27:57","modified_gmt":"2022-01-03T14:27:57","slug":"palma-dilasa-i-njemu-slicne-ne-interesuje-zastita-zivotne-sredine-nego-budzet-da-dopune-dzepove","status":"publish","type":"post","link":"https:\/\/centralmedia.rs\/index.php\/2021\/12\/08\/palma-dilasa-i-njemu-slicne-ne-interesuje-zastita-zivotne-sredine-nego-budzet-da-dopune-dzepove\/","title":{"rendered":"PALMA : \u0110ILASA I NJEMU SLI\u010cNE NE INTERESUJE ZA\u0160TITA \u017dIVOTNE SREDINE, NEGO BUD\u017dET DA DOPUNE D\u017dEPOVE"},"content":{"rendered":"<p>\u201eKao \u0161to je la\u017e koju su plasirali Dragan \u0110ilas i Marinika Tepi\u0107 o tome da je gospo\u0111a Milojka Dirakovi\u0107 iz Jagodine Vu\u010di\u0107ev bot i da je odglumila na demonstracijama u subotu da ne mo\u017ee po terapiju zbog blokada, a \u017eena od kada je korona nije iza\u0161la iz stana u Jagodini gde samo \u017eivi, a ima 80 godina, tako su sve la\u017ei \u0161to su oni do sada plasirali. To je dokaz da njima nije stalo do za\u0161tite \u017eivotne sredine, do zdravog vazduha i vode. Draganu \u0110ilasu je samo stalo do bud\u017eeta pa da ponovo dopuni d\u017eepove, ali narod je to video\u201c, izjavio je gostuju\u0107i na televiziji Pink predsednik Jedinstvene Srbije Dragan Markovi\u0107 Palma.<\/p>\n<p><img loading=\"lazy\" decoding=\"async\" class=\"alignnone wp-image-29272 size-large\" src=\"http:\/\/centralmedia.rs\/wp-content\/uploads\/2021\/12\/palma-pink-1-1024x575.jpg\" alt=\"\" width=\"640\" height=\"359\" srcset=\"https:\/\/centralmedia.rs\/wp-content\/uploads\/2021\/12\/palma-pink-1-1024x575.jpg 1024w, https:\/\/centralmedia.rs\/wp-content\/uploads\/2021\/12\/palma-pink-1-300x168.jpg 300w, https:\/\/centralmedia.rs\/wp-content\/uploads\/2021\/12\/palma-pink-1-768x431.jpg 768w, https:\/\/centralmedia.rs\/wp-content\/uploads\/2021\/12\/palma-pink-1-748x420.jpg 748w, https:\/\/centralmedia.rs\/wp-content\/uploads\/2021\/12\/palma-pink-1-640x359.jpg 640w, https:\/\/centralmedia.rs\/wp-content\/uploads\/2021\/12\/palma-pink-1-681x382.jpg 681w, https:\/\/centralmedia.rs\/wp-content\/uploads\/2021\/12\/palma-pink-1.jpg 1600w\" sizes=\"(max-width: 640px) 100vw, 640px\" \/><\/p>\n<p>\u201e Dragan \u0110ilas se bori za \u017eivotnu sredinu isto kao \u0161to se bori za alimentaciju, a upravo zbog alimentacije je tukao vlastitu \u017eenu i tasta. Sve \u0161to rade je \u010disto politikanstvo i la\u017e. \u0110ilasov zaposleni radnik Marko Blagojevi\u0107 je prodao zemlju Rio Tintu za 717,174 hiljada evra i to 84 ari \u0161ume i 2,62 hektara njive, a kupovao je od 50 do 70 evra po aru i taj \u0110ilasov direktor sada predvodi ekolo\u0161ke proteste. On nije prodao dedovinu, ve\u0107 je on tu zemlju pre kupovao, pa kasnije prodao, jer je znao da \u0107e to Rio Tinto kupiti\u201c, ka\u017ee Markovi\u0107. \u201eI ono \u0161to ne sme da se radi to je da se blokira me\u0111unarodni autoput, gde je ogroman tranzitni saobra\u0107aj. Ako se to nastavi mi \u0107emo da izgubimo sve Bugare, Turke i ostale koji prolaze kroz na\u0161u zemlju, a koji rade na zapadu i idu u svoje dr\u017eave. Tako mo\u017eemo da izgubimo stotine miliona evra i ne samo to, oni \u0107e da pri\u010daju svima da ne idu kroz Srbiju gde su demonstracije i blokade\u201c, rekao jer Markovi\u0107. \u201e Tako su bili i protesti za Savamalu. Gde je sada pokret 1 od 5 miliona ? Ostala jedna studentkinja, a danas je Beograd na vodi jedan od najlep\u0161ih delova Evrope. Ko su danas ljudi koji \u0161etaju &#8211; to su ljudi iz propalih politi\u010dkih partija, koji \u017eele da se dokopaju dr\u017eavnog bud\u017eeta. A \u0161ta je njihov program ? Ho\u0107e da ih ulica uvede u parlament. Njihov program je \u201euka i buka\u201c. Njihovi zahtevi nisu ekolo\u0161ki ve\u0107 politi\u010dki. Kakve veze ima Olivera Zeki\u0107 sa za\u0161titom \u017eivotne sredine\u201c kazao je predsednik Jedinstvene Srbije.<\/p>\n<p>&nbsp;<\/p>\n","protected":false},"excerpt":{"rendered":"<p>\u201eKao \u0161to je la\u017e koju su plasirali Dragan \u0110ilas i Marinika Tepi\u0107 o tome da je gospo\u0111a Milojka Dirakovi\u0107 iz Jagodine Vu\u010di\u0107ev bot i da &hellip; <\/p>\n","protected":false},"author":2,"featured_media":29271,"comment_status":"open","ping_status":"open","sticky":false,"template":"","format":"standard","meta":{"footnotes":""},"categories":[1524,2,1514,5643,13,887,12],"tags":[5076,120,47,1507,5578],"_links":{"self":[{"href":"https:\/\/centralmedia.rs\/index.php\/wp-json\/wp\/v2\/posts\/29270"}],"collection":[{"href":"https:\/\/centralmedia.rs\/index.php\/wp-json\/wp\/v2\/posts"}],"about":[{"href":"https:\/\/centralmedia.rs\/index.php\/wp-json\/wp\/v2\/types\/post"}],"author":[{"embeddable":true,"href":"https:\/\/centralmedia.rs\/index.php\/wp-json\/wp\/v2\/users\/2"}],"replies":[{"embeddable":true,"href":"https:\/\/centralmedia.rs\/index.php\/wp-json\/wp\/v2\/comments?post=29270"}],"version-history":[{"count":1,"href":"https:\/\/centralmedia.rs\/index.php\/wp-json\/wp\/v2\/posts\/29270\/revisions"}],"predecessor-version":[{"id":29273,"href":"https:\/\/centralmedia.rs\/index.php\/wp-json\/wp\/v2\/posts\/29270\/revisions\/29273"}],"wp:featuredmedia":[{"embeddable":true,"href":"https:\/\/centralmedia.rs\/index.php\/wp-json\/wp\/v2\/media\/29271"}],"wp:attachment":[{"href":"https:\/\/centralmedia.rs\/index.php\/wp-json\/wp\/v2\/media?parent=29270"}],"wp:term":[{"taxonomy":"category","embeddable":true,"href":"https:\/\/centralmedia.rs\/index.php\/wp-json\/wp\/v2\/categories?post=29270"},{"taxonomy":"post_tag","embeddable":true,"href":"https:\/\/centralmedia.rs\/index.php\/wp-json\/wp\/v2\/tags?post=29270"}],"curies":[{"name":"wp","href":"https:\/\/api.w.org\/{rel}","templated":true}]}}