{"id":29274,"date":"2021-12-08T17:26:46","date_gmt":"2021-12-08T16:26:46","guid":{"rendered":"http:\/\/centralmedia.rs\/?p=29274"},"modified":"2021-12-20T08:50:47","modified_gmt":"2021-12-20T07:50:47","slug":"vucic-vratio-u-skupstinu-zakon-o-eksproprijaciji-vlada-ga-povukla-iz-procedure-menja-se-i-zakon-o-referendumu","status":"publish","type":"post","link":"https:\/\/centralmedia.rs\/index.php\/2021\/12\/08\/vucic-vratio-u-skupstinu-zakon-o-eksproprijaciji-vlada-ga-povukla-iz-procedure-menja-se-i-zakon-o-referendumu\/","title":{"rendered":"Vu\u010di\u0107 vratio u Skup\u0161tinu Zakon o eksproprijaciji, Vlada ga povukla iz procedure, menja se i Zakon o referendumu"},"content":{"rendered":"<p>Vlada Republike Srbije je na ve\u010dera\u0161njoj sednici donela odluku da iz skup\u0161tinske procedure povu\u010de Zakon o eksproprijaciji, koji je Skup\u0161tini Srbije na ponovno odlu\u010divanje vratio predsednik Republike Aleksandar Vu\u010di\u0107.<\/p>\n<p>Vlada Republike Srbije napravi\u0107e analizu da li su neophodne izmene i dopune Zakona o eksproprijaciji i, ukoliko se konstatuje da je Zakon nu\u017eno promeniti, u\u010dini\u0107e to uz \u0161iroku javnu debatu u koju \u0107e biti uklju\u010dena stru\u010dna javnost, strukovna udru\u017eenja, predstavnici privrede i civilno dru\u0161tvo.<\/p>\n<p>Na istoj sednici, vlada je predlo\u017eila Narodnoj skup\u0161tini izmene i dopune Zakona o referendumu i narodnoj inicijativi, u \u010dlanovima 7, 20, 43 i 44. Pomenuti \u010dlanovi odnose se na overu potpisa, predstavnike ovla\u0161\u0107enog predlaga\u010da u organu za sprovo\u0111enje referenduma i na rok za ponovno raspisivanje referenduma.<\/p>\n<p>U predlogu vlade ukida se taksa za overu potpisa, omogu\u0107ava se da predstavnici ovla\u0161\u0107enih predlaga\u010da bude deo organa za sprovo\u0111enje referenduma. Tako\u0111e, prema predlogu ne\u0107e biti mogu\u0107e raspisati referendum o istom pitanju u roku kra\u0107em od \u010detiri godine kao i da Skup\u0161tina Srbije u roku od \u010detiri godine ne\u0107e mo\u0107i da donese odluku druga\u010diju od one koja je potvr\u0111ena na referendumu.<\/p>\n<p>foto AV<\/p>\n","protected":false},"excerpt":{"rendered":"<p>Vlada Republike Srbije je na ve\u010dera\u0161njoj sednici donela odluku da iz skup\u0161tinske procedure povu\u010de Zakon o eksproprijaciji, koji je Skup\u0161tini Srbije na ponovno odlu\u010divanje vratio &hellip; <\/p>\n","protected":false},"author":2,"featured_media":29275,"comment_status":"open","ping_status":"open","sticky":false,"template":"","format":"standard","meta":{"footnotes":""},"categories":[2,13,12],"tags":[1293,5579,63,5580],"_links":{"self":[{"href":"https:\/\/centralmedia.rs\/index.php\/wp-json\/wp\/v2\/posts\/29274"}],"collection":[{"href":"https:\/\/centralmedia.rs\/index.php\/wp-json\/wp\/v2\/posts"}],"about":[{"href":"https:\/\/centralmedia.rs\/index.php\/wp-json\/wp\/v2\/types\/post"}],"author":[{"embeddable":true,"href":"https:\/\/centralmedia.rs\/index.php\/wp-json\/wp\/v2\/users\/2"}],"replies":[{"embeddable":true,"href":"https:\/\/centralmedia.rs\/index.php\/wp-json\/wp\/v2\/comments?post=29274"}],"version-history":[{"count":1,"href":"https:\/\/centralmedia.rs\/index.php\/wp-json\/wp\/v2\/posts\/29274\/revisions"}],"predecessor-version":[{"id":29276,"href":"https:\/\/centralmedia.rs\/index.php\/wp-json\/wp\/v2\/posts\/29274\/revisions\/29276"}],"wp:featuredmedia":[{"embeddable":true,"href":"https:\/\/centralmedia.rs\/index.php\/wp-json\/wp\/v2\/media\/29275"}],"wp:attachment":[{"href":"https:\/\/centralmedia.rs\/index.php\/wp-json\/wp\/v2\/media?parent=29274"}],"wp:term":[{"taxonomy":"category","embeddable":true,"href":"https:\/\/centralmedia.rs\/index.php\/wp-json\/wp\/v2\/categories?post=29274"},{"taxonomy":"post_tag","embeddable":true,"href":"https:\/\/centralmedia.rs\/index.php\/wp-json\/wp\/v2\/tags?post=29274"}],"curies":[{"name":"wp","href":"https:\/\/api.w.org\/{rel}","templated":true}]}}