{"id":29302,"date":"2021-12-13T14:50:56","date_gmt":"2021-12-13T13:50:56","guid":{"rendered":"http:\/\/centralmedia.rs\/?p=29302"},"modified":"2022-01-03T15:26:49","modified_gmt":"2022-01-03T14:26:49","slug":"dan-fakulteta-pedagoskih-nauka-u-jagodini-urucene-pocasne-diplome-i-nagrade","status":"publish","type":"post","link":"https:\/\/centralmedia.rs\/index.php\/2021\/12\/13\/dan-fakulteta-pedagoskih-nauka-u-jagodini-urucene-pocasne-diplome-i-nagrade\/","title":{"rendered":"DAN FAKULTETA PEDAGO\u0160KIH NAUKA U JAGODINI &#8211; URU\u010cENE PO\u010cASNE DIPLOME I NAGRADE"},"content":{"rendered":"<p>JAGODINA-Povodom Dana Fakulteta pedago\u0161kih nauka u Jagodini po\u010dasne\u00a0 diplome ,,Narodni u\u010ditelj\u201d danas su dodeljenje knji\u017eevniku i de\u010dijem piscu Pe\u0111i Trajkovi\u0107u i ,,Magister humanitas\u201d \u017denskom omladinskom rukometnom klubu Jagodina.<\/p>\n<div id='gallery-1' class='gallery galleryid-29302 gallery-columns-5 gallery-size-thumbnail'><figure class='gallery-item'>\n\t\t\t<div class='gallery-icon landscape'>\n\t\t\t\t<a href='https:\/\/centralmedia.rs\/index.php\/2021\/12\/13\/dan-fakulteta-pedagoskih-nauka-u-jagodini-urucene-pocasne-diplome-i-nagrade\/dobitnici-diploma1\/'><img loading=\"lazy\" decoding=\"async\" width=\"150\" height=\"150\" src=\"https:\/\/centralmedia.rs\/wp-content\/uploads\/2021\/12\/dobitnici-diploma1-150x150.jpg\" class=\"attachment-thumbnail size-thumbnail\" alt=\"\" \/><\/a>\n\t\t\t<\/div><\/figure><figure class='gallery-item'>\n\t\t\t<div class='gallery-icon landscape'>\n\t\t\t\t<a href='https:\/\/centralmedia.rs\/index.php\/2021\/12\/13\/dan-fakulteta-pedagoskih-nauka-u-jagodini-urucene-pocasne-diplome-i-nagrade\/dobitnici-diploma2\/'><img loading=\"lazy\" decoding=\"async\" width=\"150\" height=\"150\" src=\"https:\/\/centralmedia.rs\/wp-content\/uploads\/2021\/12\/dobitnici-diploma2-150x150.jpg\" class=\"attachment-thumbnail size-thumbnail\" alt=\"\" \/><\/a>\n\t\t\t<\/div><\/figure><figure class='gallery-item'>\n\t\t\t<div class='gallery-icon landscape'>\n\t\t\t\t<a href='https:\/\/centralmedia.rs\/index.php\/2021\/12\/13\/dan-fakulteta-pedagoskih-nauka-u-jagodini-urucene-pocasne-diplome-i-nagrade\/zork\/'><img loading=\"lazy\" decoding=\"async\" width=\"150\" height=\"150\" src=\"https:\/\/centralmedia.rs\/wp-content\/uploads\/2021\/12\/zork-150x150.jpg\" class=\"attachment-thumbnail size-thumbnail\" alt=\"\" \/><\/a>\n\t\t\t<\/div><\/figure><figure class='gallery-item'>\n\t\t\t<div class='gallery-icon landscape'>\n\t\t\t\t<a href='https:\/\/centralmedia.rs\/index.php\/2021\/12\/13\/dan-fakulteta-pedagoskih-nauka-u-jagodini-urucene-pocasne-diplome-i-nagrade\/zork1\/'><img loading=\"lazy\" decoding=\"async\" width=\"150\" height=\"150\" src=\"https:\/\/centralmedia.rs\/wp-content\/uploads\/2021\/12\/zork1-150x150.jpg\" class=\"attachment-thumbnail size-thumbnail\" alt=\"\" \/><\/a>\n\t\t\t<\/div><\/figure><figure class='gallery-item'>\n\t\t\t<div class='gallery-icon landscape'>\n\t\t\t\t<a href='https:\/\/centralmedia.rs\/index.php\/2021\/12\/13\/dan-fakulteta-pedagoskih-nauka-u-jagodini-urucene-pocasne-diplome-i-nagrade\/zork2-2\/'><img loading=\"lazy\" decoding=\"async\" width=\"150\" height=\"150\" src=\"https:\/\/centralmedia.rs\/wp-content\/uploads\/2021\/12\/zork2-150x150.jpg\" class=\"attachment-thumbnail size-thumbnail\" alt=\"\" \/><\/a>\n\t\t\t<\/div><\/figure>\n\t\t<\/div>\n\n<p>-Po\u010dasna diploma ,,Narodni u\u010ditelj\u201d pripala je poznatom de\u010dijem piscu Pe\u0111i Trajkovi\u0107u, koji je nagra\u0111en svim najpresti\u017enijim nagradama u oblasti knji\u017eevnosti za decu, a vrlo \u010dest je i drag gost fakuleta. Po\u010dasna diploma ,,Magister humanitas\u201d za mlade ljude koji su primer supeha pripala je rukometa\u0161icama \u017dORK Jagodina, koje su osvojile sve \u0161to se mo\u017ee osvojiti, istakla je dekan fakulteta prof dr Violeta Jovanovi\u0107.<\/p>\n<p>Sa osvojenih osam trofeja u peotekle \u010detiri godine i svim trofejima u ovoj godini \u017dORK Jagodina je najuspe\u0161niji sportski kolektiv u Srbiji. \u010cak osam sada\u0161njih i biv\u0161ih igra\u010dica Jagodine su sa reprezentacijom Srbije na Prevenstvu sveta u \u0160paniji.<\/p>\n<p>-Svaka nagrada je lepa. Zahvaljum se FPNJ \u0161to su nas prepoznali kao uspe\u0161an primer mladima. Velika nam je \u010dast, prija nam pa\u017enja i jednako va\u017ena kao titule koje osvajamo. Da bi ostvarili ovakve rezultate, da bi bili dobitnici nagrada, potrebna je velika podr\u0161ka, a iza nas stoji lokalna samouprava na \u010delu sa Draganom Markovi\u0107em Palmom. Mi se na ovaj na\u010din odu\u017eujemo na toj podr\u0161ci, kazala je kapiten Jelena Gojkovi\u0107.<\/p>\n<p>Trajkovi\u0107 je ovogodiu\u0161nji dobitnik knji\u017eevne nagrade ,,Neven\u201d de\u010dije za pisce.<\/p>\n<p>&#8211; Stao sam u red velikana srpske kulture, zanemim pred takvim dru\u0161tvom. Ose\u0107am se kao prepla\u0161eni \u0111ak, jer sam kao ,,Narodni u\u010ditelj\u201d govorio pred profesorima. Ova nagrada vrlo smisleno zaokru\u017eujem moje stvarala\u0161tvo, karijeru i \u017eivot, rekao je laureat Pe\u0111a Trajkovi\u0107<\/p>\n<p>Sve\u010dani program povodom obele\u017eavanja 123 godine od osnivanja Srpske kraljevske mu\u0161ke u\u010diteljske \u0161kole i 28 godina Fakulteta pedago\u0161kih nauka u Jagodini, koji nastavlja tradiciju \u0160kole, nastavljen je dodelom nagrad najboljim studnetima i multimedijalnom Izlo\u017ebom ostvarenih rezultata.<\/p>\n<p>Prethodnih godina priznanje ,,Narovni u\u010ditelj\u201d dodeljeno knji\u017eevnicima Dobrici Eri\u0107u i Slobodanu Rakiti\u0107u, slikaru i dugogodi\u0161njem dekanu Fakulteta Sretku Divljanu, novinarima Nenadu Risti\u0107u i \u017divoradu \u017diki Nikoli\u0107u, piscu Milisavu Savi\u0107u, akademiku prof. Vladeti Jeroti\u0107u, prof. dr Milanu Nedeljkovi\u0107u (dekanu Fakulteta u periodu od 1994. do 2001. godine) i knji\u017eevniku i akademiku Dragoslavu Mihailovi\u0107u.<\/p>\n<p>Priznanje \u201eMagister Humanitas\u201d ustanovljeno je 2015. godine i tada dodeljeno pesniku i romanopiscu Marku \u0160eli\u0107u Mar\u010delu, a nosioci ove diplome su i \u201eambasador srpske trube\u201d, Dejan Petrovi\u0107, poznati pijanista Vasil Had\u017eimanov, mladi reditelj Kosta Risti\u0107 i glumac Nikola Rako\u010devi\u0107.<\/p>\n","protected":false},"excerpt":{"rendered":"<p>JAGODINA-Povodom Dana Fakulteta pedago\u0161kih nauka u Jagodini po\u010dasne\u00a0 diplome ,,Narodni u\u010ditelj\u201d danas su dodeljenje knji\u017eevniku i de\u010dijem piscu Pe\u0111i Trajkovi\u0107u i ,,Magister humanitas\u201d \u017denskom omladinskom &hellip; <\/p>\n","protected":false},"author":2,"featured_media":29303,"comment_status":"open","ping_status":"open","sticky":false,"template":"","format":"standard","meta":{"footnotes":""},"categories":[14,1524,2,1514,5643,887,12],"tags":[2073,58,1333,220,5586],"_links":{"self":[{"href":"https:\/\/centralmedia.rs\/index.php\/wp-json\/wp\/v2\/posts\/29302"}],"collection":[{"href":"https:\/\/centralmedia.rs\/index.php\/wp-json\/wp\/v2\/posts"}],"about":[{"href":"https:\/\/centralmedia.rs\/index.php\/wp-json\/wp\/v2\/types\/post"}],"author":[{"embeddable":true,"href":"https:\/\/centralmedia.rs\/index.php\/wp-json\/wp\/v2\/users\/2"}],"replies":[{"embeddable":true,"href":"https:\/\/centralmedia.rs\/index.php\/wp-json\/wp\/v2\/comments?post=29302"}],"version-history":[{"count":1,"href":"https:\/\/centralmedia.rs\/index.php\/wp-json\/wp\/v2\/posts\/29302\/revisions"}],"predecessor-version":[{"id":29309,"href":"https:\/\/centralmedia.rs\/index.php\/wp-json\/wp\/v2\/posts\/29302\/revisions\/29309"}],"wp:featuredmedia":[{"embeddable":true,"href":"https:\/\/centralmedia.rs\/index.php\/wp-json\/wp\/v2\/media\/29303"}],"wp:attachment":[{"href":"https:\/\/centralmedia.rs\/index.php\/wp-json\/wp\/v2\/media?parent=29302"}],"wp:term":[{"taxonomy":"category","embeddable":true,"href":"https:\/\/centralmedia.rs\/index.php\/wp-json\/wp\/v2\/categories?post=29302"},{"taxonomy":"post_tag","embeddable":true,"href":"https:\/\/centralmedia.rs\/index.php\/wp-json\/wp\/v2\/tags?post=29302"}],"curies":[{"name":"wp","href":"https:\/\/api.w.org\/{rel}","templated":true}]}}