{"id":2931,"date":"2016-04-26T09:15:10","date_gmt":"2016-04-26T09:15:10","guid":{"rendered":"http:\/\/centralmedia.rs\/?p=2931"},"modified":"2016-04-26T09:15:10","modified_gmt":"2016-04-26T09:15:10","slug":"jagodincima-pevali-studenti-profesori-vaskrsnji-koncert","status":"publish","type":"post","link":"https:\/\/centralmedia.rs\/index.php\/2016\/04\/26\/jagodincima-pevali-studenti-profesori-vaskrsnji-koncert\/","title":{"rendered":"JAGODINCIMA PEVALI STUDENTI I PROFESORI-VASKR\u0160NJI KONCERT"},"content":{"rendered":"<p>JAGODINA-Povodom 40 godina osnivanja Univerziteta u Kragujevcu, Fakultet pedago\u0161kih nauka u Jagodini, hor i orekestar, priredio je Vaskr\u0161nji koncert u tom gradu u ponedeljak uve\u010de. Posebnost hora tog fakulteta je u tome da u njemu pevaju studenti i profesori. Me\u0111u \u010dlanovima hora ima studenata koji su svoje prvo peva\u010dko iskustvo stekli na ovom fakultetu. Od pro\u0161le godne hor radi u me\u0161ovitom sastavu i izvodi kompozicije doma\u0107ih i stranih autora do duhovne muzike, dpreko narodnih do starogradskih pesama. Gosti koncerta bili su \u010dlanovi me\u0161ovitog hora \u0160umatovac iz Aleksinca. Publika u\u017eivala uz numere Mokranjca, Karaka\u0161evi\u0107a, Kedrova, Hristova, Veli\u010dkovi\u0107a, Greneta, Babi\u0107a, te narodnih i starogradskih  pesama iz Srbije, Gr\u010dke,Rusije i Ukrajine.       <a href=\"https:\/\/centralmedia.rs\/wp-content\/uploads\/2016\/04\/vaskrsnji-koncert-3-jagodina-g.j..jpg\"><img loading=\"lazy\" decoding=\"async\" src=\"https:\/\/centralmedia.rs\/wp-content\/uploads\/2016\/04\/vaskrsnji-koncert-3-jagodina-g.j.-300x221.jpg\" alt=\"vaskrsnji koncert 3-jagodina-g.j.\" width=\"300\" height=\"221\" class=\"alignnone size-medium wp-image-2933\" srcset=\"https:\/\/centralmedia.rs\/wp-content\/uploads\/2016\/04\/vaskrsnji-koncert-3-jagodina-g.j.-300x221.jpg 300w, https:\/\/centralmedia.rs\/wp-content\/uploads\/2016\/04\/vaskrsnji-koncert-3-jagodina-g.j.-768x565.jpg 768w, https:\/\/centralmedia.rs\/wp-content\/uploads\/2016\/04\/vaskrsnji-koncert-3-jagodina-g.j.-80x60.jpg 80w, https:\/\/centralmedia.rs\/wp-content\/uploads\/2016\/04\/vaskrsnji-koncert-3-jagodina-g.j..jpg 900w\" sizes=\"(max-width: 300px) 100vw, 300px\" \/><\/a><br \/>\n-Fakultet Pedago\u0161kih nauka u Jagodine jedan je od dvanaest akreditovanih fakulteta u okviru Univerziteta u Kragujevcu, koji je osnovan 21. maja 1976 godine. On je zapravo nastao na temeljima Liceja srpskog, prve visoko\u0161kolske ustanove u modernoj Srbiji. Hor i  orkestar su predstavili rezultate rada u ovoj akademoskoj godini. Time se najavljuje novi upisni ciklus, a budu\u0107im studentima  pokazan jedan segment aktivnosti tog fakulteta, gde do posebnog izra\u017eaja dolaze  studentski kreativni potencijali, ali i briga o talentima i ve\u0161tinama budu\u0107ih studenata i vaspita\u010da. Sportske sekcije u\u010destvovale su na Kupu rektora i pirpremaju se za U\u010diteljijadu, a dramska, literarna I folklorna grupa predstavi\u0107e se na  kulturnim doga\u0111ajima, re\u010deno je u najavi koncerta.<a href=\"https:\/\/centralmedia.rs\/wp-content\/uploads\/2016\/04\/vaskrsnji-koncert-2-jagodina-g.j..jpg\"><img loading=\"lazy\" decoding=\"async\" src=\"https:\/\/centralmedia.rs\/wp-content\/uploads\/2016\/04\/vaskrsnji-koncert-2-jagodina-g.j.-300x216.jpg\" alt=\"vaskrsnji koncert 2-jagodina-g.j.\" width=\"300\" height=\"216\" class=\"alignnone size-medium wp-image-2934\" srcset=\"https:\/\/centralmedia.rs\/wp-content\/uploads\/2016\/04\/vaskrsnji-koncert-2-jagodina-g.j.-300x216.jpg 300w, https:\/\/centralmedia.rs\/wp-content\/uploads\/2016\/04\/vaskrsnji-koncert-2-jagodina-g.j.-768x553.jpg 768w, https:\/\/centralmedia.rs\/wp-content\/uploads\/2016\/04\/vaskrsnji-koncert-2-jagodina-g.j..jpg 900w\" sizes=\"(max-width: 300px) 100vw, 300px\" \/><\/a><br \/>\nKoncertu su pristvovale kolege sa U\u010diteljskog fakulteta u U\u017eicu, dikretori \u0161kola, predstvanici sve\u0161tenstva i drugih javnih institucija.<br \/>\n<a href=\"https:\/\/centralmedia.rs\/wp-content\/uploads\/2016\/04\/vaskrsnji-koncert-1-jagodina-g.j..jpg\"><img loading=\"lazy\" decoding=\"async\" src=\"https:\/\/centralmedia.rs\/wp-content\/uploads\/2016\/04\/vaskrsnji-koncert-1-jagodina-g.j.-300x218.jpg\" alt=\"vaskrsnji koncert 1-jagodina-g.j.\" width=\"300\" height=\"218\" class=\"alignnone size-medium wp-image-2935\" srcset=\"https:\/\/centralmedia.rs\/wp-content\/uploads\/2016\/04\/vaskrsnji-koncert-1-jagodina-g.j.-300x218.jpg 300w, https:\/\/centralmedia.rs\/wp-content\/uploads\/2016\/04\/vaskrsnji-koncert-1-jagodina-g.j.-768x559.jpg 768w, https:\/\/centralmedia.rs\/wp-content\/uploads\/2016\/04\/vaskrsnji-koncert-1-jagodina-g.j.-324x235.jpg 324w, https:\/\/centralmedia.rs\/wp-content\/uploads\/2016\/04\/vaskrsnji-koncert-1-jagodina-g.j..jpg 900w\" sizes=\"(max-width: 300px) 100vw, 300px\" \/><\/a><\/p>\n","protected":false},"excerpt":{"rendered":"<p>JAGODINA-Povodom 40 godina osnivanja Univerziteta u Kragujevcu, Fakultet pedago\u0161kih nauka u Jagodini, hor i orekestar, priredio je Vaskr\u0161nji koncert u tom gradu u ponedeljak uve\u010de. &hellip; <\/p>\n","protected":false},"author":4,"featured_media":2932,"comment_status":"open","ping_status":"open","sticky":false,"template":"","format":"standard","meta":{"footnotes":""},"categories":[2,15,12],"tags":[269,58,751],"_links":{"self":[{"href":"https:\/\/centralmedia.rs\/index.php\/wp-json\/wp\/v2\/posts\/2931"}],"collection":[{"href":"https:\/\/centralmedia.rs\/index.php\/wp-json\/wp\/v2\/posts"}],"about":[{"href":"https:\/\/centralmedia.rs\/index.php\/wp-json\/wp\/v2\/types\/post"}],"author":[{"embeddable":true,"href":"https:\/\/centralmedia.rs\/index.php\/wp-json\/wp\/v2\/users\/4"}],"replies":[{"embeddable":true,"href":"https:\/\/centralmedia.rs\/index.php\/wp-json\/wp\/v2\/comments?post=2931"}],"version-history":[{"count":0,"href":"https:\/\/centralmedia.rs\/index.php\/wp-json\/wp\/v2\/posts\/2931\/revisions"}],"wp:featuredmedia":[{"embeddable":true,"href":"https:\/\/centralmedia.rs\/index.php\/wp-json\/wp\/v2\/media\/2932"}],"wp:attachment":[{"href":"https:\/\/centralmedia.rs\/index.php\/wp-json\/wp\/v2\/media?parent=2931"}],"wp:term":[{"taxonomy":"category","embeddable":true,"href":"https:\/\/centralmedia.rs\/index.php\/wp-json\/wp\/v2\/categories?post=2931"},{"taxonomy":"post_tag","embeddable":true,"href":"https:\/\/centralmedia.rs\/index.php\/wp-json\/wp\/v2\/tags?post=2931"}],"curies":[{"name":"wp","href":"https:\/\/api.w.org\/{rel}","templated":true}]}}