{"id":29317,"date":"2021-12-15T13:26:29","date_gmt":"2021-12-15T12:26:29","guid":{"rendered":"http:\/\/centralmedia.rs\/?p=29317"},"modified":"2021-12-20T08:53:55","modified_gmt":"2021-12-20T07:53:55","slug":"palma-srbija-navikla-na-pritiske-ali-danas-srbija-vise-nije-ekonomski-zavisna-kao-nekada-pa-da-mora-da-slusa-sve-sto-se-kaze","status":"publish","type":"post","link":"https:\/\/centralmedia.rs\/index.php\/2021\/12\/15\/palma-srbija-navikla-na-pritiske-ali-danas-srbija-vise-nije-ekonomski-zavisna-kao-nekada-pa-da-mora-da-slusa-sve-sto-se-kaze\/","title":{"rendered":"PALMA : SRBIJA NAVIKLA NA PRITISKE, ALI DANAS SRBIJA VI\u0160E NIJE EKONOMSKI ZAVISNA KAO NEKADA, PA DA MORA DA SLU\u0160A SVE \u0160TO SE KA\u017dE"},"content":{"rendered":"<p>\u201cPoznato je da je Srbija non stop pod nekim ogromnim pritiskom i mi smo navikli i na gore. Nije slu\u010dajno da u isto vreme dolazi do pritisaka zbog Republike Srpske, Kosova i Metohije i da se de\u0161avaju blokade i demonstracije. Izdr\u017ea\u0107emo i ovo. Srbija danas vi\u0161e nije ekonomski zavisna kao nekada, kada je Srbija slu\u0161ala sve \u0161to joj se ka\u017ee, \u010dak i ono \u0161to je bilo \u0161tetno za Srbiju i na\u0161e gra\u0111ane. Danas je Srbija u samom vrhu po Bruto dru\u0161tvenom proizvodu, po bonitetu, po prilivu investicija, danas je Srbija prestigla neke dr\u017eave koje su bile ispred nas. Srbiju su danas ekonomski priznale i evropske ekonomske sile\u201d, izjavio je, gostuju\u0107i na TV Hepi, predsednik Jedinstvene Srbije Dragan Markovi\u0107 Palma.<\/p>\n<p>KADA BI BIG BROTHER (DRAGAN \u0110ILAS) BIO ZA\u0160TITNIK EKOLOGIJE NAMA BI TREBALE ZA\u0160TITNE MASKE SA DVA FILTERA<\/p>\n<p>Na pitanje o ulozi opozicije u Srbiji predvo\u0111ene Draganom \u0110ilasom, Markovi\u0107 je rekao : \u201cNe \u017eelim ni da pominjem ime tom Big brotheru ili Big biznismenu, jer \u010dim \u010dujem njegovo ime di\u017ee mi se kosa na glavi koju nemam. Taj \u010dovek, koji je bio na vlasti, danas zatvara me\u0111unarodni autoput, on to organizuje, pla\u0107a i hteo je da bude na \u010delu kolone, ali je jedva sa\u010duvao glavu od obi\u010dnih ljudi koji su izvi\u017edali i njega i onu njegovu radnicu (Marinika Tepi\u0107). Taj Big brother ho\u0107e da bude za\u0161titnik ekologije. Kada bi on bio za\u0161titinik ekologije nama bi trebale za\u0161titne maske sa dva filtera, ne samo sa jednim filterom. Big brother ili big biznismen je pokazao \u0161ta zna dok je bio na vlasti. Ali sada je njegov problem \u0161to su te ekolo\u0161ke organizacije politi\u010dki ja\u010de od njegove stranke i tog dela opozicije. Setimo se samo kada je taj Big brother hteo da preuzme pokret \u201cJedan od pet miliona\u201d \u0161ta je od njega ostalo. Samo jedna studentkinja. Oni ka\u017eu \u201czaga\u0111en je Beograd\u201d. A pre 10 godina nisu merili zaga\u0111enost vazduha u Beogradu, nisu radili ti instrumenti. I to onda kada se 80 posto gra\u0111ana Beograda grejalo na ugalj, a danas na gas. I to onda kada su se vozili mnogo stariji automobili nego danas. Vi\u0161e ne postoji ta njegova stranka kao politi\u010dka organizacija sa programom. Za njega postoje samo sekunde i kako do\u0107i do parlamenta i u\u0107i u parlament. Do parlamenta se mo\u017ee do\u0107i svaki dan, ali u parlament te mogu poslati samo gra\u0111ani na izborima. Ali pre toga mora\u0161 da da\u0161 izve\u0161taj o radu i da ka\u017ee\u0161 \u0161ta \u0107e\u0161 da radi\u0161, ako ti gra\u0111ani daju poverenje, a tek onda da ka\u017ee\u0161 \u201covi su napravili stotine kilometara autoputa, ja \u0107u million kilometara, ovi su napravili 5 klini\u010dkih centara, ja \u0107u 10\u201d. Taj deo opozicije je kao kada otac ima sedmoro dece i svako od te dece ho\u0107e da kod njega bude kasa. Tako je iz Demokratske stranke nastalo sedam stranaka. Gde je danas Demokratska stranka ? Uni\u0161tena, blokirana, zadu\u017eena, uzimali kredite sa velikim kamatama, a gde su te pare ? To je pravi primer rada tog Big brothera. Kada se govori o 619 000 000 evra, u narodu se obi\u010dno ka\u017ee \u201ctoliko su mu na\u0161li, a gde je ono \u0161to mu nisu na\u0161li\u201d. Postoje crne i bele pare. Crne su one koje su u jastuku, a bele su one premazane svim bojama. I on ka\u017ee \u201csve sam radio po zakonu\u201d, a taj zakon je \u201cja sam gradona\u010delnik Beograda i desna ruka tada\u0161njeg predsednika Srbije Borisa Tadi\u0107a i svi \u0107e da me slu\u0161aju\u201d. I videli ste kako je pro\u0161ao Boris Tadi\u0107 na izborima, ba\u0161 zbog Big brothera i njegovih saradnika\u201d, rekao je Dragan Markovi\u0107 Palma<\/p>\n","protected":false},"excerpt":{"rendered":"<p>\u201cPoznato je da je Srbija non stop pod nekim ogromnim pritiskom i mi smo navikli i na gore. Nije slu\u010dajno da u isto vreme dolazi &hellip; <\/p>\n","protected":false},"author":2,"featured_media":29318,"comment_status":"open","ping_status":"open","sticky":false,"template":"","format":"standard","meta":{"footnotes":""},"categories":[1524,2,1514,13,887,12],"tags":[5076,120,1112],"_links":{"self":[{"href":"https:\/\/centralmedia.rs\/index.php\/wp-json\/wp\/v2\/posts\/29317"}],"collection":[{"href":"https:\/\/centralmedia.rs\/index.php\/wp-json\/wp\/v2\/posts"}],"about":[{"href":"https:\/\/centralmedia.rs\/index.php\/wp-json\/wp\/v2\/types\/post"}],"author":[{"embeddable":true,"href":"https:\/\/centralmedia.rs\/index.php\/wp-json\/wp\/v2\/users\/2"}],"replies":[{"embeddable":true,"href":"https:\/\/centralmedia.rs\/index.php\/wp-json\/wp\/v2\/comments?post=29317"}],"version-history":[{"count":1,"href":"https:\/\/centralmedia.rs\/index.php\/wp-json\/wp\/v2\/posts\/29317\/revisions"}],"predecessor-version":[{"id":29319,"href":"https:\/\/centralmedia.rs\/index.php\/wp-json\/wp\/v2\/posts\/29317\/revisions\/29319"}],"wp:featuredmedia":[{"embeddable":true,"href":"https:\/\/centralmedia.rs\/index.php\/wp-json\/wp\/v2\/media\/29318"}],"wp:attachment":[{"href":"https:\/\/centralmedia.rs\/index.php\/wp-json\/wp\/v2\/media?parent=29317"}],"wp:term":[{"taxonomy":"category","embeddable":true,"href":"https:\/\/centralmedia.rs\/index.php\/wp-json\/wp\/v2\/categories?post=29317"},{"taxonomy":"post_tag","embeddable":true,"href":"https:\/\/centralmedia.rs\/index.php\/wp-json\/wp\/v2\/tags?post=29317"}],"curies":[{"name":"wp","href":"https:\/\/api.w.org\/{rel}","templated":true}]}}