{"id":29331,"date":"2021-12-16T21:26:10","date_gmt":"2021-12-16T20:26:10","guid":{"rendered":"http:\/\/centralmedia.rs\/?p=29331"},"modified":"2022-01-03T15:25:41","modified_gmt":"2022-01-03T14:25:41","slug":"protest-u-jagodini-ekolozi-protiv-rudnika-litijuma-u-srbiji","status":"publish","type":"post","link":"https:\/\/centralmedia.rs\/index.php\/2021\/12\/16\/protest-u-jagodini-ekolozi-protiv-rudnika-litijuma-u-srbiji\/","title":{"rendered":"PROTEST U JAGODINI: EKOLOZI PROTIV RUDNIKA LITIJUMA U SRBIJI"},"content":{"rendered":"<p>JAGODINA-Eko Brigada sa \u010dlanicama iz Saveza \u0435kolo\u0161kih \u043erganizacija Srbije &#8211; Znamo da ne damo (SEOS) organizovala je ve\u010deras u Jagodini protest sa koga upu\u0107ena poruka da se protive istra\u017eivanjima i otvaranju rudnika litijuma u Srbiji. Sa protesta su upu\u0107ene ekolo\u0161ke poruke, a govorili su ekolozi iz Gornjih Nedeljica, Rekovca, Dobrinje, Pranjana, odnosno svih mesta gde se vr\u0161e istra\u017eivanja i planiraju rudnici litijuma. Ispred Eko brigade Ilijana \u010cutura je istakla da je jedini cilj tog udru\u017eenja da je ,,da ne nikne rudnik litijuma\u201d u Pomoravlju i Lev\u010du.<\/p>\n<p>-Ovde ni\u010de ne\u0161to drugo i na\u0161 cilj je da ne \u017eelimo rudnike u Srbiji. Kada pri\u010damo o bilo kojoj stranoj kompaniji koja do\u0111e da otkupi 600 hektara zemlje, to vi\u0161e nije na\u0161a zemlja. Bi\u0107e ogra\u0111ena bodljikavom \u017eicom. Sme\u0107emo da do\u0111emo do Vinora\u010de i tu \u0107e da bude rudni\u010dka kapija. Re\u010d je o 27 hiljada hektara u Pomoravlju i Lev\u010du. Ako ste spremni da sva ta zemlja pre\u0111e u tu\u0111e ruke, ruke stranih kompanija, onda je sve u redu. Ako ste spremni da se narednih decenija ta ruda prera\u0111uje supornom kiselinom onda nema problema, kazala je ona.<\/p>\n<div id='gallery-1' class='gallery galleryid-29331 gallery-columns-3 gallery-size-full'><figure class='gallery-item'>\n\t\t\t<div class='gallery-icon landscape'>\n\t\t\t\t<a href='https:\/\/centralmedia.rs\/index.php\/2021\/12\/16\/protest-u-jagodini-ekolozi-protiv-rudnika-litijuma-u-srbiji\/eko-brigada-jagodina\/'><img loading=\"lazy\" decoding=\"async\" width=\"1800\" height=\"1013\" src=\"https:\/\/centralmedia.rs\/wp-content\/uploads\/2021\/12\/eko-brigada-jagodina.jpg\" class=\"attachment-full size-full\" alt=\"\" srcset=\"https:\/\/centralmedia.rs\/wp-content\/uploads\/2021\/12\/eko-brigada-jagodina.jpg 1800w, https:\/\/centralmedia.rs\/wp-content\/uploads\/2021\/12\/eko-brigada-jagodina-300x169.jpg 300w, https:\/\/centralmedia.rs\/wp-content\/uploads\/2021\/12\/eko-brigada-jagodina-768x432.jpg 768w, https:\/\/centralmedia.rs\/wp-content\/uploads\/2021\/12\/eko-brigada-jagodina-1024x576.jpg 1024w, https:\/\/centralmedia.rs\/wp-content\/uploads\/2021\/12\/eko-brigada-jagodina-746x420.jpg 746w, https:\/\/centralmedia.rs\/wp-content\/uploads\/2021\/12\/eko-brigada-jagodina-640x360.jpg 640w, https:\/\/centralmedia.rs\/wp-content\/uploads\/2021\/12\/eko-brigada-jagodina-681x383.jpg 681w\" sizes=\"(max-width: 1800px) 100vw, 1800px\" \/><\/a>\n\t\t\t<\/div><\/figure><figure class='gallery-item'>\n\t\t\t<div class='gallery-icon landscape'>\n\t\t\t\t<a href='https:\/\/centralmedia.rs\/index.php\/2021\/12\/16\/protest-u-jagodini-ekolozi-protiv-rudnika-litijuma-u-srbiji\/eko-brigada-jagodina2\/'><img loading=\"lazy\" decoding=\"async\" width=\"1800\" height=\"1013\" src=\"https:\/\/centralmedia.rs\/wp-content\/uploads\/2021\/12\/eko-brigada-jagodina2.jpg\" class=\"attachment-full size-full\" alt=\"\" srcset=\"https:\/\/centralmedia.rs\/wp-content\/uploads\/2021\/12\/eko-brigada-jagodina2.jpg 1800w, https:\/\/centralmedia.rs\/wp-content\/uploads\/2021\/12\/eko-brigada-jagodina2-300x169.jpg 300w, https:\/\/centralmedia.rs\/wp-content\/uploads\/2021\/12\/eko-brigada-jagodina2-768x432.jpg 768w, https:\/\/centralmedia.rs\/wp-content\/uploads\/2021\/12\/eko-brigada-jagodina2-1024x576.jpg 1024w, https:\/\/centralmedia.rs\/wp-content\/uploads\/2021\/12\/eko-brigada-jagodina2-746x420.jpg 746w, https:\/\/centralmedia.rs\/wp-content\/uploads\/2021\/12\/eko-brigada-jagodina2-640x360.jpg 640w, https:\/\/centralmedia.rs\/wp-content\/uploads\/2021\/12\/eko-brigada-jagodina2-681x383.jpg 681w\" sizes=\"(max-width: 1800px) 100vw, 1800px\" \/><\/a>\n\t\t\t<\/div><\/figure><figure class='gallery-item'>\n\t\t\t<div class='gallery-icon landscape'>\n\t\t\t\t<a href='https:\/\/centralmedia.rs\/index.php\/2021\/12\/16\/protest-u-jagodini-ekolozi-protiv-rudnika-litijuma-u-srbiji\/eko-brigada-jagodina1\/'><img loading=\"lazy\" decoding=\"async\" width=\"1800\" height=\"1013\" src=\"https:\/\/centralmedia.rs\/wp-content\/uploads\/2021\/12\/eko-brigada-jagodina1.jpg\" class=\"attachment-full size-full\" alt=\"\" srcset=\"https:\/\/centralmedia.rs\/wp-content\/uploads\/2021\/12\/eko-brigada-jagodina1.jpg 1800w, https:\/\/centralmedia.rs\/wp-content\/uploads\/2021\/12\/eko-brigada-jagodina1-300x169.jpg 300w, https:\/\/centralmedia.rs\/wp-content\/uploads\/2021\/12\/eko-brigada-jagodina1-768x432.jpg 768w, https:\/\/centralmedia.rs\/wp-content\/uploads\/2021\/12\/eko-brigada-jagodina1-1024x576.jpg 1024w, https:\/\/centralmedia.rs\/wp-content\/uploads\/2021\/12\/eko-brigada-jagodina1-746x420.jpg 746w, https:\/\/centralmedia.rs\/wp-content\/uploads\/2021\/12\/eko-brigada-jagodina1-640x360.jpg 640w, https:\/\/centralmedia.rs\/wp-content\/uploads\/2021\/12\/eko-brigada-jagodina1-681x383.jpg 681w\" sizes=\"(max-width: 1800px) 100vw, 1800px\" \/><\/a>\n\t\t\t<\/div><\/figure>\n\t\t<\/div>\n\n","protected":false},"excerpt":{"rendered":"<p>JAGODINA-Eko Brigada sa \u010dlanicama iz Saveza \u0435kolo\u0161kih \u043erganizacija Srbije &#8211; Znamo da ne damo (SEOS) organizovala je ve\u010deras u Jagodini protest sa koga upu\u0107ena poruka &hellip; <\/p>\n","protected":false},"author":2,"featured_media":29332,"comment_status":"open","ping_status":"open","sticky":false,"template":"","format":"standard","meta":{"footnotes":""},"categories":[14,1524,2,1514,5643,887,12],"tags":[58,5218,5590],"_links":{"self":[{"href":"https:\/\/centralmedia.rs\/index.php\/wp-json\/wp\/v2\/posts\/29331"}],"collection":[{"href":"https:\/\/centralmedia.rs\/index.php\/wp-json\/wp\/v2\/posts"}],"about":[{"href":"https:\/\/centralmedia.rs\/index.php\/wp-json\/wp\/v2\/types\/post"}],"author":[{"embeddable":true,"href":"https:\/\/centralmedia.rs\/index.php\/wp-json\/wp\/v2\/users\/2"}],"replies":[{"embeddable":true,"href":"https:\/\/centralmedia.rs\/index.php\/wp-json\/wp\/v2\/comments?post=29331"}],"version-history":[{"count":2,"href":"https:\/\/centralmedia.rs\/index.php\/wp-json\/wp\/v2\/posts\/29331\/revisions"}],"predecessor-version":[{"id":29336,"href":"https:\/\/centralmedia.rs\/index.php\/wp-json\/wp\/v2\/posts\/29331\/revisions\/29336"}],"wp:featuredmedia":[{"embeddable":true,"href":"https:\/\/centralmedia.rs\/index.php\/wp-json\/wp\/v2\/media\/29332"}],"wp:attachment":[{"href":"https:\/\/centralmedia.rs\/index.php\/wp-json\/wp\/v2\/media?parent=29331"}],"wp:term":[{"taxonomy":"category","embeddable":true,"href":"https:\/\/centralmedia.rs\/index.php\/wp-json\/wp\/v2\/categories?post=29331"},{"taxonomy":"post_tag","embeddable":true,"href":"https:\/\/centralmedia.rs\/index.php\/wp-json\/wp\/v2\/tags?post=29331"}],"curies":[{"name":"wp","href":"https:\/\/api.w.org\/{rel}","templated":true}]}}