{"id":29395,"date":"2021-12-21T15:03:16","date_gmt":"2021-12-21T14:03:16","guid":{"rendered":"http:\/\/centralmedia.rs\/?p=29395"},"modified":"2021-12-26T15:34:17","modified_gmt":"2021-12-26T14:34:17","slug":"nagrada-i-sertifikat-zlatiborskom-krugu","status":"publish","type":"post","link":"https:\/\/centralmedia.rs\/index.php\/2021\/12\/21\/nagrada-i-sertifikat-zlatiborskom-krugu\/","title":{"rendered":"Nagrada i sertifikat Zlatiborskom krugu"},"content":{"rendered":"<p>\u010cAJETINA-Udru\u017eenje Zlatiborski krug ovu godinu zavr\u0161ava sa jo\u0161 jednim lepim priznanjem i nagradom za u\u010de\u0161\u0107e u Nedelji globalnog obrazovanja 2021. Za pokazanu kreativnost i posve\u0107enost u obrazovnim aktivnostima za\u00a0 unapre\u0111ivanje rodne ravnopravnosti\u00a0 u lokalnoj zajednici, Zlatiborski krug je prepoznat kao primer dobre prakse.<\/p>\n<div id='gallery-1' class='gallery galleryid-29395 gallery-columns-5 gallery-size-thumbnail'><figure class='gallery-item'>\n\t\t\t<div class='gallery-icon landscape'>\n\t\t\t\t<a href='https:\/\/centralmedia.rs\/index.php\/2021\/12\/21\/nagrada-i-sertifikat-zlatiborskom-krugu\/sert1-2\/'><img loading=\"lazy\" decoding=\"async\" width=\"150\" height=\"150\" src=\"https:\/\/centralmedia.rs\/wp-content\/uploads\/2021\/12\/sert1-1-150x150.jpg\" class=\"attachment-thumbnail size-thumbnail\" alt=\"\" \/><\/a>\n\t\t\t<\/div><\/figure><figure class='gallery-item'>\n\t\t\t<div class='gallery-icon landscape'>\n\t\t\t\t<a href='https:\/\/centralmedia.rs\/index.php\/2021\/12\/21\/nagrada-i-sertifikat-zlatiborskom-krugu\/sert2-2\/'><img loading=\"lazy\" decoding=\"async\" width=\"150\" height=\"150\" src=\"https:\/\/centralmedia.rs\/wp-content\/uploads\/2021\/12\/sert2-1-150x150.jpg\" class=\"attachment-thumbnail size-thumbnail\" alt=\"\" \/><\/a>\n\t\t\t<\/div><\/figure><figure class='gallery-item'>\n\t\t\t<div class='gallery-icon landscape'>\n\t\t\t\t<a href='https:\/\/centralmedia.rs\/index.php\/2021\/12\/21\/nagrada-i-sertifikat-zlatiborskom-krugu\/sert3-2\/'><img loading=\"lazy\" decoding=\"async\" width=\"150\" height=\"150\" src=\"https:\/\/centralmedia.rs\/wp-content\/uploads\/2021\/12\/sert3-1-150x150.jpg\" class=\"attachment-thumbnail size-thumbnail\" alt=\"\" \/><\/a>\n\t\t\t<\/div><\/figure><figure class='gallery-item'>\n\t\t\t<div class='gallery-icon landscape'>\n\t\t\t\t<a href='https:\/\/centralmedia.rs\/index.php\/2021\/12\/21\/nagrada-i-sertifikat-zlatiborskom-krugu\/sert4-2\/'><img loading=\"lazy\" decoding=\"async\" width=\"150\" height=\"150\" src=\"https:\/\/centralmedia.rs\/wp-content\/uploads\/2021\/12\/sert4-1-150x150.jpg\" class=\"attachment-thumbnail size-thumbnail\" alt=\"\" \/><\/a>\n\t\t\t<\/div><\/figure><figure class='gallery-item'>\n\t\t\t<div class='gallery-icon portrait'>\n\t\t\t\t<a href='https:\/\/centralmedia.rs\/index.php\/2021\/12\/21\/nagrada-i-sertifikat-zlatiborskom-krugu\/sert\/'><img loading=\"lazy\" decoding=\"async\" width=\"150\" height=\"150\" src=\"https:\/\/centralmedia.rs\/wp-content\/uploads\/2021\/12\/sert-150x150.jpg\" class=\"attachment-thumbnail size-thumbnail\" alt=\"\" \/><\/a>\n\t\t\t<\/div><\/figure>\n\t\t<\/div>\n\n<p>Nacionalna tema ovogodi\u0161nje Nedelje globalnog obrazovanja, koja je trajala od 15-21. novembra, je bila rodna ravnopravnost.\u00a0 Ministarstvo omladine i sporta i Centar za omladinski rad su od\u00a0 25. oktobra do 12. novembra otvorili poziv za prijavu aktivnosti koje \u0107e se sprovoditi tokom Nedelje globalnog obrazovanja, za \u0161kole, javne institucije i organizacije civilnog dru\u0161tva.<\/p>\n<p>Zlatiborski krug se prijavio za u\u010de\u0161\u0107e sa nizom\u00a0 aktivnosti koje su planirane da se realizuju u Dnevnom boravku za decu sa smetnjama u razvoju \u201eZra\u010dak\u201c, pod zajedni\u010dkim nazivom \u201eIako svi nismo isti- svi imamo ista prava\u201c.<\/p>\n<p>\u010citave nedelje, u \u201eZra\u010dku\u201c su organizovane radionice za korisnike i u\u010denike-volontere iz osnovne \u0161kole \u201eDimitrije Tucovi\u0107\u201c u \u010cajetini, na temu rodne ravnopravnosti. Deca su prezentovala rodne uloge, tako \u0161to su de\u010daci na kulinarskim radionicama mesili i pravili kola\u010de, a devoj\u010dice se su \u201emajstorisale\u201c i \u201epopravljale\u201c igra\u010dke i aparate koji nisu funkcionisali.<\/p>\n<p>Sredinom nedelje, Zorica Milosavljevi\u0107, predsednica Zlatiborskog kruga i \u010dlanica Saveta za rodnu ravnopravnost op\u0161tine \u010cajetina je korisnicima i \u010dlanovima Ekolo\u0161ke sekcije osnovne \u0161kole, koji su bili gosti u \u201eZra\u010dku\u201c govorila o osnivanju i radu Saveta, realizovanim aktivnostima i daljim planovima.<\/p>\n<p>Zaposlene u \u201eZra\u010dku\u201c, Marina i Nata\u0161a su napravile prezentaciju sa tekstom o rodnoj ravnopravnosti i fotografijama snimljenim na radionicama\u00a0 tokom nedelje, kada su se korisnici sa svojim drugarima iz osnovne \u0161kole zabavljali u\u010de\u0107i i primenjuju\u0107i rodnu ravnopravnost u svakodnevnoj igri. Prezentacija je postavljena na nalog Zlatiborskog kruga na portalu za deljenje obrazovnih sadr\u017eaja\u00a0 https:\/\/www.slideshare.net\/ZlatiborskiKrug\/zraak-nedelja-globalnog-obrazovanja?qid=8f4c66d1-cceb-45d8-b57c-539136263b42&amp;v=&amp;b=&amp;from_search=1&amp;fbclid=IwAR0fxycchjh1Er9CNppfCFIwCdI__1PbFjDHCO-aZA6XyksrmEZieIKVgtY<\/p>\n<p>Zlatiborski krug je vesti i fotografije o aktivnostima koje su se sprovodile tokom ove nedelje postavljao na dru\u0161tvene mre\u017ee, a nakon zavr\u0161etka kampanje je poslat detaljan izve\u0161taj nacionalnim organizatorima o realizovanim aktivnostima.<\/p>\n<p>Tokom sprovo\u0111enja svih aktivnosti su po\u0161tovane mere zdravstvene za\u0161tite, a ograni\u010denja vezana za pandemiju su dovela do toga da generalno bio\u00a0 manji broj u\u010desnika u ovoj kampanji.<\/p>\n<p>Ministarstvo omladine i sporta i Centar za omladinski rad, kao nacionalni organizatori Nedelje globalnog obrazovanja su Zlatiborskom krugu, za u\u010de\u0161\u0107e i primer dobre prakse uru\u010dili Sertifikat i nagradu \u2013 vau\u010der za kupovinu u Laguna i Delfi knji\u017earama.<\/p>\n<p>Zlatiborski krug, kao pru\u017ealac usluge socijalne za\u0161tite Dnevni boravak za decu sa smetnjama u razvoju, koristi svaku priliku da u lokalnoj zajednici, a i \u0161ire, promovi\u0161e osnovne\u00a0 \u017eivotne vrednosti, da \u0161iri humanost, solidarnost, volonterizam, jednakost i aktivizam za izgradnju dru\u0161tva zasnovanog na ljudskim vrednostima\u00a0 u kojem svi imaju ista prava.<\/p>\n<p>&nbsp;<\/p>\n","protected":false},"excerpt":{"rendered":"<p>\u010cAJETINA-Udru\u017eenje Zlatiborski krug ovu godinu zavr\u0161ava sa jo\u0161 jednim lepim priznanjem i nagradom za u\u010de\u0161\u0107e u Nedelji globalnog obrazovanja 2021. Za pokazanu kreativnost i posve\u0107enost &hellip; <\/p>\n","protected":false},"author":2,"featured_media":29396,"comment_status":"open","ping_status":"open","sticky":false,"template":"","format":"standard","meta":{"footnotes":""},"categories":[2875,14,1524,2,887,12],"tags":[4154,5606],"_links":{"self":[{"href":"https:\/\/centralmedia.rs\/index.php\/wp-json\/wp\/v2\/posts\/29395"}],"collection":[{"href":"https:\/\/centralmedia.rs\/index.php\/wp-json\/wp\/v2\/posts"}],"about":[{"href":"https:\/\/centralmedia.rs\/index.php\/wp-json\/wp\/v2\/types\/post"}],"author":[{"embeddable":true,"href":"https:\/\/centralmedia.rs\/index.php\/wp-json\/wp\/v2\/users\/2"}],"replies":[{"embeddable":true,"href":"https:\/\/centralmedia.rs\/index.php\/wp-json\/wp\/v2\/comments?post=29395"}],"version-history":[{"count":1,"href":"https:\/\/centralmedia.rs\/index.php\/wp-json\/wp\/v2\/posts\/29395\/revisions"}],"predecessor-version":[{"id":29405,"href":"https:\/\/centralmedia.rs\/index.php\/wp-json\/wp\/v2\/posts\/29395\/revisions\/29405"}],"wp:featuredmedia":[{"embeddable":true,"href":"https:\/\/centralmedia.rs\/index.php\/wp-json\/wp\/v2\/media\/29396"}],"wp:attachment":[{"href":"https:\/\/centralmedia.rs\/index.php\/wp-json\/wp\/v2\/media?parent=29395"}],"wp:term":[{"taxonomy":"category","embeddable":true,"href":"https:\/\/centralmedia.rs\/index.php\/wp-json\/wp\/v2\/categories?post=29395"},{"taxonomy":"post_tag","embeddable":true,"href":"https:\/\/centralmedia.rs\/index.php\/wp-json\/wp\/v2\/tags?post=29395"}],"curies":[{"name":"wp","href":"https:\/\/api.w.org\/{rel}","templated":true}]}}