{"id":29433,"date":"2021-12-10T15:25:26","date_gmt":"2021-12-10T14:25:26","guid":{"rendered":"http:\/\/centralmedia.rs\/?p=29433"},"modified":"2021-12-26T15:26:13","modified_gmt":"2021-12-26T14:26:13","slug":"zlatibor-prilagoden-osobama-sa-invaliditetom","status":"publish","type":"post","link":"https:\/\/centralmedia.rs\/index.php\/2021\/12\/10\/zlatibor-prilagoden-osobama-sa-invaliditetom\/","title":{"rendered":"Zlatibor prilago\u0111en osobama sa invaliditetom"},"content":{"rendered":"<p>\u010cAJETINA- Op\u0161tina \u010cajetina velika sredstva ula\u017ee u aktivnosti osoba sa invaliditetom, a i investitore na Zlatiboru savetujemo da grade objekte prilago\u0111ene va\u0161im potrebama. Kao lokalna samouprava nastojimo da i svi na\u0161i objekti budu bez barijera, jer turisti\u010dko mesto kakvo je Zlatibor sa okolnim naseljima i prirodnim lepotama pripada svima. I moral i etika nas obavezuju da Vam budemo na usluzi i uveravam Vas da \u0107ete kod nas uvek imati otvorena vrata za bilo koju vrstu aktivnosti &#8211; rekao je Milan Stamatovi\u0107, predsednik op\u0161tine \u010cajetina, polaznicima Zimske \u0161kole Nacionalne organizacije za osobe sa invaliditetom Srbije koja se od 9. do 12. decembra odr\u017eava na Zlatiboru.<\/p>\n<div id='gallery-1' class='gallery galleryid-29433 gallery-columns-4 gallery-size-thumbnail'><figure class='gallery-item'>\n\t\t\t<div class='gallery-icon landscape'>\n\t\t\t\t<a href='https:\/\/centralmedia.rs\/index.php\/2021\/12\/10\/zlatibor-prilagoden-osobama-sa-invaliditetom\/invalidi1\/'><img loading=\"lazy\" decoding=\"async\" width=\"150\" height=\"150\" src=\"https:\/\/centralmedia.rs\/wp-content\/uploads\/2021\/12\/invalidi1-150x150.jpg\" class=\"attachment-thumbnail size-thumbnail\" alt=\"\" \/><\/a>\n\t\t\t<\/div><\/figure><figure class='gallery-item'>\n\t\t\t<div class='gallery-icon landscape'>\n\t\t\t\t<a href='https:\/\/centralmedia.rs\/index.php\/2021\/12\/10\/zlatibor-prilagoden-osobama-sa-invaliditetom\/invalidi2\/'><img loading=\"lazy\" decoding=\"async\" width=\"150\" height=\"150\" src=\"https:\/\/centralmedia.rs\/wp-content\/uploads\/2021\/12\/invalidi2-150x150.jpg\" class=\"attachment-thumbnail size-thumbnail\" alt=\"\" \/><\/a>\n\t\t\t<\/div><\/figure><figure class='gallery-item'>\n\t\t\t<div class='gallery-icon landscape'>\n\t\t\t\t<a href='https:\/\/centralmedia.rs\/index.php\/2021\/12\/10\/zlatibor-prilagoden-osobama-sa-invaliditetom\/invalidi3\/'><img loading=\"lazy\" decoding=\"async\" width=\"150\" height=\"150\" src=\"https:\/\/centralmedia.rs\/wp-content\/uploads\/2021\/12\/invalidi3-150x150.jpg\" class=\"attachment-thumbnail size-thumbnail\" alt=\"\" \/><\/a>\n\t\t\t<\/div><\/figure><figure class='gallery-item'>\n\t\t\t<div class='gallery-icon landscape'>\n\t\t\t\t<a href='https:\/\/centralmedia.rs\/index.php\/2021\/12\/10\/zlatibor-prilagoden-osobama-sa-invaliditetom\/invalidi\/'><img loading=\"lazy\" decoding=\"async\" width=\"150\" height=\"150\" src=\"https:\/\/centralmedia.rs\/wp-content\/uploads\/2021\/12\/invalidi-150x150.jpg\" class=\"attachment-thumbnail size-thumbnail\" alt=\"\" \/><\/a>\n\t\t\t<\/div><\/figure>\n\t\t<\/div>\n\n<p>Gradimo novi sportski kompleks na Zlatiboru, nastavio je Stamatovi\u0107, i jedan od glavni zadatak projektanata sportskih terena i prate\u0107ih objekata jeste da ih prilagode kori\u0161\u0107enju i za osobe sa invaliditetom. Pozivam Vas da i Vi date predloge koje \u0107emo preneti projektantima kako biste se ovde lepo ose\u0107ali.<\/p>\n<p>Ministarka Darija Kisi\u0107 Tepav\u010devi\u0107 je ispred Ministarstva za rad, zapo\u0161ljavanje, bora\u010dka i socijalna pitanja, koje je podr\u017ealo ovaj doga\u0111aj, rekla da je energija i snaga osoba sa invaliditetom uvek njen li\u010dni podstrek. &#8220;Na\u010din na koji se borite sa svojim izazovima i kako prevazilazite sve prepreke je ne\u0161to odakle svako od nas mo\u017ee dosta toga da nau\u010di. I ja \u017eelim da u\u010dim od Vas. Znam da je potrebno da budete makar duplo bolji da bi Vam se dala prilika. I Vi i jeste duplo bolji. I, hvala Vam na \u017eelji i volji da zajedno gradimo Srbiju bez barijera&#8221; zaklju\u010dila je ministarka Kisi\u0107 Tepav\u010devi\u0107.<\/p>\n<p>Nagrada na konkursu &#8220;J=ednaki&#8221; u kategoriji &#8220;J=ednaki u spre\u010davanju diskriminacije&#8221; ove godine pripala je Jelena Mari\u0107 iz U\u017eica koja je zahvaljuju\u0107i se rekla da je to kruna njenog jedanaestogodi\u0161njeg rada i da veruje da \u0107e, u saradnji sa Ministarstvom, u narednom periodu biti unapre\u0111eni uslovi za \u017eivot i rad osoba sa invaliditetom.<\/p>\n<p>&nbsp;<\/p>\n<p>&nbsp;<\/p>\n<p>&nbsp;<\/p>\n<p>&nbsp;<\/p>\n<p>&nbsp;<\/p>\n<p>&nbsp;<\/p>\n<p>&nbsp;<\/p>\n<p>&nbsp;<\/p>\n<p>&nbsp;<\/p>\n<p>&nbsp;<\/p>\n","protected":false},"excerpt":{"rendered":"<p>\u010cAJETINA- Op\u0161tina \u010cajetina velika sredstva ula\u017ee u aktivnosti osoba sa invaliditetom, a i investitore na Zlatiboru savetujemo da grade objekte prilago\u0111ene va\u0161im potrebama. Kao lokalna &hellip; <\/p>\n","protected":false},"author":2,"featured_media":29434,"comment_status":"open","ping_status":"open","sticky":false,"template":"","format":"standard","meta":{"footnotes":""},"categories":[2875,14,1524,2,887,12],"tags":[5608,5609,2876],"_links":{"self":[{"href":"https:\/\/centralmedia.rs\/index.php\/wp-json\/wp\/v2\/posts\/29433"}],"collection":[{"href":"https:\/\/centralmedia.rs\/index.php\/wp-json\/wp\/v2\/posts"}],"about":[{"href":"https:\/\/centralmedia.rs\/index.php\/wp-json\/wp\/v2\/types\/post"}],"author":[{"embeddable":true,"href":"https:\/\/centralmedia.rs\/index.php\/wp-json\/wp\/v2\/users\/2"}],"replies":[{"embeddable":true,"href":"https:\/\/centralmedia.rs\/index.php\/wp-json\/wp\/v2\/comments?post=29433"}],"version-history":[{"count":2,"href":"https:\/\/centralmedia.rs\/index.php\/wp-json\/wp\/v2\/posts\/29433\/revisions"}],"predecessor-version":[{"id":29439,"href":"https:\/\/centralmedia.rs\/index.php\/wp-json\/wp\/v2\/posts\/29433\/revisions\/29439"}],"wp:featuredmedia":[{"embeddable":true,"href":"https:\/\/centralmedia.rs\/index.php\/wp-json\/wp\/v2\/media\/29434"}],"wp:attachment":[{"href":"https:\/\/centralmedia.rs\/index.php\/wp-json\/wp\/v2\/media?parent=29433"}],"wp:term":[{"taxonomy":"category","embeddable":true,"href":"https:\/\/centralmedia.rs\/index.php\/wp-json\/wp\/v2\/categories?post=29433"},{"taxonomy":"post_tag","embeddable":true,"href":"https:\/\/centralmedia.rs\/index.php\/wp-json\/wp\/v2\/tags?post=29433"}],"curies":[{"name":"wp","href":"https:\/\/api.w.org\/{rel}","templated":true}]}}