{"id":29440,"date":"2021-12-07T15:32:19","date_gmt":"2021-12-07T14:32:19","guid":{"rendered":"http:\/\/centralmedia.rs\/?p=29440"},"modified":"2021-12-26T15:32:53","modified_gmt":"2021-12-26T14:32:53","slug":"izlozba-slika-tok-u-kulturnom-centru","status":"publish","type":"post","link":"https:\/\/centralmedia.rs\/index.php\/2021\/12\/07\/izlozba-slika-tok-u-kulturnom-centru\/","title":{"rendered":"Izlo\u017eba slika \u201eTok\u201c u Kulturnom centru"},"content":{"rendered":"<p>\u010cAJETINA-U Galeriji Kulturnog centra Zlatibor sve\u010dano je otvorena izlo\u017eba slika Ivane Kne\u017eevi\u0107 &#8220;Tok&#8221;. Izlo\u017eba je prodajna.<\/p>\n<div id='gallery-1' class='gallery galleryid-29440 gallery-columns-3 gallery-size-thumbnail'><figure class='gallery-item'>\n\t\t\t<div class='gallery-icon landscape'>\n\t\t\t\t<a href='https:\/\/centralmedia.rs\/index.php\/2021\/12\/07\/izlozba-slika-tok-u-kulturnom-centru\/izlozba-tok\/'><img loading=\"lazy\" decoding=\"async\" width=\"150\" height=\"150\" src=\"https:\/\/centralmedia.rs\/wp-content\/uploads\/2021\/12\/izlozba-tok-150x150.jpg\" class=\"attachment-thumbnail size-thumbnail\" alt=\"\" \/><\/a>\n\t\t\t<\/div><\/figure><figure class='gallery-item'>\n\t\t\t<div class='gallery-icon landscape'>\n\t\t\t\t<a href='https:\/\/centralmedia.rs\/index.php\/2021\/12\/07\/izlozba-slika-tok-u-kulturnom-centru\/izlozba-tok1\/'><img loading=\"lazy\" decoding=\"async\" width=\"150\" height=\"150\" src=\"https:\/\/centralmedia.rs\/wp-content\/uploads\/2021\/12\/izlozba-tok1-150x150.jpg\" class=\"attachment-thumbnail size-thumbnail\" alt=\"\" \/><\/a>\n\t\t\t<\/div><\/figure><figure class='gallery-item'>\n\t\t\t<div class='gallery-icon landscape'>\n\t\t\t\t<a href='https:\/\/centralmedia.rs\/index.php\/2021\/12\/07\/izlozba-slika-tok-u-kulturnom-centru\/izlozba-tok2\/'><img loading=\"lazy\" decoding=\"async\" width=\"150\" height=\"150\" src=\"https:\/\/centralmedia.rs\/wp-content\/uploads\/2021\/12\/izlozba-tok2-150x150.jpg\" class=\"attachment-thumbnail size-thumbnail\" alt=\"\" \/><\/a>\n\t\t\t<\/div><\/figure>\n\t\t<\/div>\n\n<p>Izuzetna je prilika za posetioce da do\u0111u i pogledaju ove radove modernog karaktera u na\u0161oj Galeriji i prona\u0111u novi detalj za svoj enterijer. Posete su mogu\u0107e svakog radnog dana, od 10 do 17 \u010dasova a izlo\u017eba \u0107e biti postavljena do 20.12.2021. godine.<\/p>\n<p>Na otvaranju, posetiocima su se obratile Andrijana Andrija\u0161evi\u0107, master primenjeni umetnik i autorka radova Ivana Kne\u017eevi\u0107, diplomirani dizajner enterijera, kreativni stvaralac i pedago\u0161ki radnik.<\/p>\n<p>Ivana je razgovarala sa posetiocima, bli\u017ee ih uputila u svoje stvarala\u0161tvo i rad a zatim i kolektivno po\u017eelela publici dobrodo\u0161licu u svoj svet.<\/p>\n<p>Ivana nam je svoje stvarala\u0161tvo pribli\u017eila rekav\u0161i: &#8220;Umetnost treba da baca na razmi\u0161ljanje, pesimizam i optimizam ali mora da donese \u017eivot i emocije u balans i ostvari pozitivnu vibraciju i u prostoru i u posmatra\u010du&#8230; Samo tako umetnost budi humanost i napredak u civilizaciji&#8230;&#8221;<\/p>\n<p>Otvaranje je propra\u0107eno gromoglasnim aplauzom, kasnije uz razgovore, prijatan \u017eamor i nova poznanstva. Te ve\u010deri ostvarila se Ivanina \u017eelja &#8220;da svaka njena slika tera i pokre\u0107e hrabrost i misli da se nadaju i vesele&#8221;.<\/p>\n<p>Ivana Kne\u017eevi\u0107 ro\u0111ena je 23. septembra\u00a0 1983.\u00a0 godine\u00a0 u \u010ca\u010dku,\u00a0 zavr\u0161ila\u00a0 je\u00a0 Srednju umetni\u010dku \u0161kolu u Ni\u0161u &#8211; smer grafi\u010dki dizajn. Diplomirala je dizajn enterijera na Fakultetu humanisti\u010dkih nauka u Ni\u0161u. U toku studija je ostvarila dobru saradnju\u00a0 sa\u00a0 profesorima\u00a0 i kolegama na smeru tekstilnog dizajna pa je uporedo izu\u010davala i tehnike dizajna tekstila i oslikavanja tkanina. Trenutno \u017eivi i stvara u rodnom gradu \u010ca\u010dku,\u00a0 gde\u00a0 se\u00a0 bavi i pedago\u0161kim radom na polju likovne pedagogije za decu i odrasle. Iza sebe ima izvedene desetine murala od kojih se neki nalaze u eksterijerima a neki krase javne prostore.<\/p>\n<p>Poslednjih desetak godina Ivana aktivno u\u010destvuje\u00a0 u\u00a0 najrazli\u010ditijim projektima oslikavanja javnih prostora\u00a0 i\u00a0 edukaciji i popularizaciji umetnosti uop\u0161te. Aktivno stvara i izla\u017ee, iza sebe ima dvanaest samostalnih i veliki broj grupnih izlo\u017ebi. Aktivni je u\u010desnik doma\u0107ih i me\u0111unarodnih\u00a0 likovnih kolonija. Oslikava\u00a0 ve\u0107\u00a0 gotove upotrebne predmete od stakla, tekstila i metala. Sfere njenog interesovanja su jako \u0161iroke, od klasi\u010dnog\u00a0 slikarstva\u00a0 do modernog\u00a0 izraza. Bavi\u00a0 se\u00a0 raznim\u00a0 tehnikama\u00a0 zidnog slikarstva\u00a0\u00a0 i\u00a0 mozaikom. Radi na platnu, medijapanu,\u00a0 staklu,\u00a0 koristi materijale kao sto su klirit, \u017eica, metal, stiropor, drvo, kamen..<\/p>\n<p>Jedan je od osniva\u010da udru\u017eenja negovatelja nau\u010dnog\u00a0 kreativnog\u00a0 i stvarala\u010dkog\u00a0 mi\u0161ljenja &#8220;Klikera\u0161i&#8221;. Osniva\u010d\u00a0 je udru\u017eenja KREATIVNA JAZBINA i \u010dlan udru\u017eenja ULUPUDS.<\/p>\n","protected":false},"excerpt":{"rendered":"<p>\u010cAJETINA-U Galeriji Kulturnog centra Zlatibor sve\u010dano je otvorena izlo\u017eba slika Ivane Kne\u017eevi\u0107 &#8220;Tok&#8221;. Izlo\u017eba je prodajna. Izuzetna je prilika za posetioce da do\u0111u i pogledaju &hellip; <\/p>\n","protected":false},"author":2,"featured_media":29441,"comment_status":"open","ping_status":"open","sticky":false,"template":"","format":"standard","meta":{"footnotes":""},"categories":[2875,1524,2,15,887,12],"tags":[723,342,5610],"_links":{"self":[{"href":"https:\/\/centralmedia.rs\/index.php\/wp-json\/wp\/v2\/posts\/29440"}],"collection":[{"href":"https:\/\/centralmedia.rs\/index.php\/wp-json\/wp\/v2\/posts"}],"about":[{"href":"https:\/\/centralmedia.rs\/index.php\/wp-json\/wp\/v2\/types\/post"}],"author":[{"embeddable":true,"href":"https:\/\/centralmedia.rs\/index.php\/wp-json\/wp\/v2\/users\/2"}],"replies":[{"embeddable":true,"href":"https:\/\/centralmedia.rs\/index.php\/wp-json\/wp\/v2\/comments?post=29440"}],"version-history":[{"count":1,"href":"https:\/\/centralmedia.rs\/index.php\/wp-json\/wp\/v2\/posts\/29440\/revisions"}],"predecessor-version":[{"id":29444,"href":"https:\/\/centralmedia.rs\/index.php\/wp-json\/wp\/v2\/posts\/29440\/revisions\/29444"}],"wp:featuredmedia":[{"embeddable":true,"href":"https:\/\/centralmedia.rs\/index.php\/wp-json\/wp\/v2\/media\/29441"}],"wp:attachment":[{"href":"https:\/\/centralmedia.rs\/index.php\/wp-json\/wp\/v2\/media?parent=29440"}],"wp:term":[{"taxonomy":"category","embeddable":true,"href":"https:\/\/centralmedia.rs\/index.php\/wp-json\/wp\/v2\/categories?post=29440"},{"taxonomy":"post_tag","embeddable":true,"href":"https:\/\/centralmedia.rs\/index.php\/wp-json\/wp\/v2\/tags?post=29440"}],"curies":[{"name":"wp","href":"https:\/\/api.w.org\/{rel}","templated":true}]}}