{"id":29448,"date":"2021-12-06T15:41:32","date_gmt":"2021-12-06T14:41:32","guid":{"rendered":"http:\/\/centralmedia.rs\/?p=29448"},"modified":"2021-12-26T15:41:52","modified_gmt":"2021-12-26T14:41:52","slug":"10-medunarodni-festival-folklora-na-zlatiboru","status":"publish","type":"post","link":"https:\/\/centralmedia.rs\/index.php\/2021\/12\/06\/10-medunarodni-festival-folklora-na-zlatiboru\/","title":{"rendered":"10. Me\u0111unarodni festival folklora na Zlatiboru"},"content":{"rendered":"<p>\u010cAJETINA -Na Zlatiboru je odr\u017ean 10. Me\u0111unarodni festival folklora u organizaciji Udru\u017eenja za negovanje narodne tradicije &#8220;Zlatibor&#8221;, a pod pokroviteljstvom op\u0161tine \u010cajetina . Festival je otvorio predsednik Op\u0161tine, Milan Stamatovi\u0107.<\/p>\n<div id='gallery-1' class='gallery galleryid-29448 gallery-columns-4 gallery-size-thumbnail'><figure class='gallery-item'>\n\t\t\t<div class='gallery-icon landscape'>\n\t\t\t\t<a href='https:\/\/centralmedia.rs\/index.php\/2021\/12\/06\/10-medunarodni-festival-folklora-na-zlatiboru\/folklor-5\/'><img loading=\"lazy\" decoding=\"async\" width=\"150\" height=\"150\" src=\"https:\/\/centralmedia.rs\/wp-content\/uploads\/2021\/12\/folklor-150x150.jpg\" class=\"attachment-thumbnail size-thumbnail\" alt=\"\" \/><\/a>\n\t\t\t<\/div><\/figure><figure class='gallery-item'>\n\t\t\t<div class='gallery-icon landscape'>\n\t\t\t\t<a href='https:\/\/centralmedia.rs\/index.php\/2021\/12\/06\/10-medunarodni-festival-folklora-na-zlatiboru\/folklor1-3\/'><img loading=\"lazy\" decoding=\"async\" width=\"150\" height=\"150\" src=\"https:\/\/centralmedia.rs\/wp-content\/uploads\/2021\/12\/folklor1-150x150.jpg\" class=\"attachment-thumbnail size-thumbnail\" alt=\"\" \/><\/a>\n\t\t\t<\/div><\/figure><figure class='gallery-item'>\n\t\t\t<div class='gallery-icon landscape'>\n\t\t\t\t<a href='https:\/\/centralmedia.rs\/index.php\/2021\/12\/06\/10-medunarodni-festival-folklora-na-zlatiboru\/folklor2-3\/'><img loading=\"lazy\" decoding=\"async\" width=\"150\" height=\"150\" src=\"https:\/\/centralmedia.rs\/wp-content\/uploads\/2021\/12\/folklor2-150x150.jpg\" class=\"attachment-thumbnail size-thumbnail\" alt=\"\" \/><\/a>\n\t\t\t<\/div><\/figure><figure class='gallery-item'>\n\t\t\t<div class='gallery-icon landscape'>\n\t\t\t\t<a href='https:\/\/centralmedia.rs\/index.php\/2021\/12\/06\/10-medunarodni-festival-folklora-na-zlatiboru\/folklor3-2\/'><img loading=\"lazy\" decoding=\"async\" width=\"150\" height=\"150\" src=\"https:\/\/centralmedia.rs\/wp-content\/uploads\/2021\/12\/folklor3-150x150.jpg\" class=\"attachment-thumbnail size-thumbnail\" alt=\"\" \/><\/a>\n\t\t\t<\/div><\/figure>\n\t\t<\/div>\n\n<p>Na bini Kulturnog centra na Zlatiboru u subotu su zaigrala 34 izvo\u0111a\u010dka ansambla iz zemlje i inostranstva, a sve prisutne je pozdravio i zahvalio se na dugogodi\u0161njoj podr\u0161ci Festivalu, predsednik op\u0161tine \u010cajetina, Milan Stamatovi\u0107.<\/p>\n<p>&#8220;Vi ste ljudi koji bri\u0161u granice, koji bri\u0161u barijere i neizmerno smo vam za to zahvalni. \u0160irite ono \u0161to je najva\u017enije: taj dobar duh, i ja bih vas zamolio da taj duh i to dru\u017eenje koje nosite prenesete na mla\u0111e generacije&#8221;, rekao je predsednik Stamatovi\u0107.<\/p>\n<p>Mnoga kulturno-umetni\u010dka dru\u0161tva su vi\u0161e puta u\u010destvovala na ovom festivalu folklora u organizaciji Udru\u017eenja za negovanje narodne tradicije &#8220;Zlatibor&#8221;, ne kriju\u0107i zadovoljstvo organizacijom i gostoprimstvom doma\u0107ina, ali i lepotama planine Zlatibor.<\/p>\n<p>&#8220;Zadovoljstvo nam je u\u010destvovati na festivalima koje organizuje na\u0161e bratsko dru\u0161tvo sa Zlatibora. Ovo nam je tre\u0107i put da u\u010destvujemo na njihovoj smotri veterana i svaki put se sve vi\u0161e radujemo dolasku. Odu\u0161evljeni smo kako to rade i svim programima koje organizuju uz to&#8221;, ka\u017ee\u00a0 \u017deljko \u0106uji\u0107 iz KUD &#8220;Alat &#8221; iz Trebinja. &#8220;Na\u0161 KUD broji oko 350 \u010dlanova trenutno, a Igre iz Hercegovine predstavljamo u ve\u0107ini slu\u010dajeva jer su na\u0161e izvorne. Zlatibor, ina\u010de, obilazimo i mimo ovog de\u0161avanja, ali kad do\u0111emo na festival iskoristimo priliku i da malo u\u017eivamo u ovoj idili koju nam je priredio i sneg.&#8221;<\/p>\n<p>Mirko Borjanovi\u0107 iz KUD &#8220;Kolovit&#8221; iz Gradi\u0161ke potvrdio je da su oni u\u010desnici na festivalu od samog njegovog osnivanja. Ovaj KUD ima oko 350 aktivnih \u010dlanova raspore\u0111enih u jedanaest programskih jedinica, folklornih, muzi\u010dkih i peva\u010dkih grupa.<\/p>\n<p>&#8220;Ovog puta se predstavljamo koreografijom Igre sa Kosova i Metohije, tj. iz Gnjilana i to je nova koreografija koja je ura\u0111ena za veterane. Drago nam je \u0161to ponovo imamo priliku da posetimo Zlatibor i u\u017eivamo u svim \u010darima koje Zlatibor pru\u017ea, a drago nam je \u0161to nas je i ove godine do\u010dekao sneg.&#8221;<\/p>\n<p>Ivana Cvetkovi\u0107 iz UG &#8220;Era&#8221; U\u017eice ka\u017ee da njihovo udru\u017eenje ve\u0107 godinama u\u010destvuje na ovom de\u0161avanju i svaki put je to u\u017eivanje.<\/p>\n<p>&#8220;Ovoga puta mo\u017eemo da primetimo da su organizatori, na\u0161i divni prijatelji, iz godine u godinu dali sve od sebe da samu organizaciju podignu na najvi\u0161i mogu\u0107i nivo, ali ono \u0161to posebno raduje je ta\u00a0 dobra energija koju malo\u00a0 iskusniji folklorci dele me\u0111usobno, kako na samom nastupu, tako i na dru\u017eenju posle toga.&#8221;<\/p>\n<p>Doma\u0107ini, nisu krili zadovoljstvo odzivom u\u010desnika, a publici su se predstavili Igrama iz okoline Beograda.<\/p>\n<p>&nbsp;<\/p>\n<p>&nbsp;<\/p>\n<p>&nbsp;<\/p>\n<p>&nbsp;<\/p>\n","protected":false},"excerpt":{"rendered":"<p>\u010cAJETINA -Na Zlatiboru je odr\u017ean 10. Me\u0111unarodni festival folklora u organizaciji Udru\u017eenja za negovanje narodne tradicije &#8220;Zlatibor&#8221;, a pod pokroviteljstvom op\u0161tine \u010cajetina . Festival je &hellip; <\/p>\n","protected":false},"author":2,"featured_media":29449,"comment_status":"open","ping_status":"open","sticky":false,"template":"","format":"standard","meta":{"footnotes":""},"categories":[2875,1524,2,15,887,12],"tags":[2545,5612,2876],"_links":{"self":[{"href":"https:\/\/centralmedia.rs\/index.php\/wp-json\/wp\/v2\/posts\/29448"}],"collection":[{"href":"https:\/\/centralmedia.rs\/index.php\/wp-json\/wp\/v2\/posts"}],"about":[{"href":"https:\/\/centralmedia.rs\/index.php\/wp-json\/wp\/v2\/types\/post"}],"author":[{"embeddable":true,"href":"https:\/\/centralmedia.rs\/index.php\/wp-json\/wp\/v2\/users\/2"}],"replies":[{"embeddable":true,"href":"https:\/\/centralmedia.rs\/index.php\/wp-json\/wp\/v2\/comments?post=29448"}],"version-history":[{"count":1,"href":"https:\/\/centralmedia.rs\/index.php\/wp-json\/wp\/v2\/posts\/29448\/revisions"}],"predecessor-version":[{"id":29453,"href":"https:\/\/centralmedia.rs\/index.php\/wp-json\/wp\/v2\/posts\/29448\/revisions\/29453"}],"wp:featuredmedia":[{"embeddable":true,"href":"https:\/\/centralmedia.rs\/index.php\/wp-json\/wp\/v2\/media\/29449"}],"wp:attachment":[{"href":"https:\/\/centralmedia.rs\/index.php\/wp-json\/wp\/v2\/media?parent=29448"}],"wp:term":[{"taxonomy":"category","embeddable":true,"href":"https:\/\/centralmedia.rs\/index.php\/wp-json\/wp\/v2\/categories?post=29448"},{"taxonomy":"post_tag","embeddable":true,"href":"https:\/\/centralmedia.rs\/index.php\/wp-json\/wp\/v2\/tags?post=29448"}],"curies":[{"name":"wp","href":"https:\/\/api.w.org\/{rel}","templated":true}]}}