{"id":29454,"date":"2021-12-06T15:45:15","date_gmt":"2021-12-06T14:45:15","guid":{"rendered":"http:\/\/centralmedia.rs\/?p=29454"},"modified":"2021-12-26T15:45:29","modified_gmt":"2021-12-26T14:45:29","slug":"zlatibor-bez-barijera-jer-i-osobe-sa-invaliditetom-su-turisti","status":"publish","type":"post","link":"https:\/\/centralmedia.rs\/index.php\/2021\/12\/06\/zlatibor-bez-barijera-jer-i-osobe-sa-invaliditetom-su-turisti\/","title":{"rendered":"&#8220;Zlatibor bez barijera &#8211; jer i osobe sa invaliditetom su turisti&#8221;"},"content":{"rendered":"<p>\u010cAJETINA-U okviru projekta &#8220;Zlatibor bez barijera jer i osobe sa invaliditetom su turisti&#8221; koji finansira Ministarstvo za rad, zapo\u0161ljavanje, bora\u010dka i socijalna pitanja , danas je u KC na Zlatiboru otvorena izlo\u017eba ura\u0111ena za stalno otvoreni konkurs unapre\u0111enja osoba sa invaliditetom u Republici Srbiji. Ovom izlo\u017ebom skrenuta je pa\u017enja javnosti na brojne prepreke sa kojima se u svakodnevnom \u017eivotu susre\u0107u osobe sa invaliditetom.<\/p>\n<p>Na Me\u0111unarodni dan osoba sa invaliditetom\u00a0 po ko zna koji put postavljamo pitanje: koliko, u stvari, obra\u0107amo pa\u017enju na potrebe i mogu\u0107nosti svojih sugra\u0111ana, suseda, prijatelja, \u010dlanova porodice koji spadaju u kategoriju osoba sa invaliditetom? I koliko je ovaj osavremenjeni\u00a0 svet spreman da izdvoji sredstva i vreme da im u\u010dini pristupa\u010dnijim neke preko potrebne stvari koje osobe bez invalidnosti uzimaju zdravo za gotovo?<\/p>\n<p>Povodom projekta &#8220;Zlatibor bez barijera &#8211; jer i osobe sa invaliditetom su turisti&#8221; koji finansira Ministarstvo za rad, zapo\u0161ljavanje, bora\u010dka i socijalna pitanja, danas je u KC Zlatibor postavljena izlo\u017eba fotografija o kojoj Aleksandar Radi\u0161i\u0107 , paraolimpijac i predsednik Udru\u017eenje gra\u0111ana \u201eInkluzija osoba sa invaliditetom Zlatibor\u201c, ka\u017ee:<\/p>\n<p>&#8220;Kao \u0161to vidite, danas ovde predstavljamo galeriju slika kojom smo slikovito prikazali probleme sa kojima se susre\u0107u osobe sa invaliditetom. Tako\u0111e, prikazali smo pristupa\u010dnost kako u turizmu tako i u sportu, i na nekim primerima uradili najjednostavnija re\u0161enja univerzalnim dizajnom za sve. Tako\u0111e, u okviru ovog projekta ura\u0111en je kratak video spot koji je snimljen na Zlatiboru, gde je prikazan korisnik invalidskih kolica na nekim atraktivnim destinacijama. Tako\u0111e \u0107emo odr\u017eati tribinu na kojoj \u0107emo\u00a0 govoriti o proceni i va\u017enosti pristupa\u010dnosti osoba sa invaliditetom kako u turizmu tako i u sportu.&#8221;<\/p>\n<p>Pored ovog projekta, Udru\u017eenje realizuje jo\u0161 jedan projekat koji se zove &#8220;Pristupa\u010dnost Zlatibora za sve&#8221; , a koji je deo velikog projekta za aktivno gra\u0111ansko dru\u0161tvo koji finansira vlada \u0160vajcarske, sprovodi \u0161vajcarska Agencija za razvoj i saradnju &#8220;Helvetas&#8221; u saradnji sa Udru\u017eenjem gra\u0111anskih inicijativa. To podrazumeva, obja\u0161njava Radi\u0161i\u0107, da \u0107e volonteri Udru\u017eenja\u00a0 procenjivati prema odre\u0111enoj metodologiji one turisti\u010dke objekte koji se reklamiraju preko TO Zlatibor i na destinacijskom sistemu TO Zlatibor,\u00a0 a koje se deklari\u0161u kao pristupa\u010dne. Metodologiju je uradila grupa stru\u010dnjaka Saveza za pristupa\u010dnost Srbije, a na projektu u\u010destvuju op\u0161tina \u010cajetina i TO Zlatibor.<\/p>\n<p>&#8220;Pristupa\u010dnost nije ista za sve osobe sa invaliditetom. Ono \u0161to je meni pristupa\u010dno, nije nekom drugom. Zbog toga \u0107e i volonteri odraditi tu procenu pristupa\u010dnosti, koja se odnosi na tri dela : hotelski sme\u0161taj, kafi\u0107i i restorani kao i turisti\u010dke agencije. Sve te informacije na\u0107i \u0107e se na sajtu TO Zlatibor sa linkom Za pristupa\u010dnost Savez Srbije, i onda \u0107e potencijalni turisti sa sa odre\u0111enim stepenom invaliditeta sami da li mogu da borave u takvom sme\u0161taju, ili ne,&#8221; naglasio je Radi\u0161i\u0107.<\/p>\n","protected":false},"excerpt":{"rendered":"<p>\u010cAJETINA-U okviru projekta &#8220;Zlatibor bez barijera jer i osobe sa invaliditetom su turisti&#8221; koji finansira Ministarstvo za rad, zapo\u0161ljavanje, bora\u010dka i socijalna pitanja , danas &hellip; <\/p>\n","protected":false},"author":2,"featured_media":29455,"comment_status":"open","ping_status":"open","sticky":false,"template":"","format":"standard","meta":{"footnotes":""},"categories":[2875,14,1524,2,887,12],"tags":[2311,1541,5613],"_links":{"self":[{"href":"https:\/\/centralmedia.rs\/index.php\/wp-json\/wp\/v2\/posts\/29454"}],"collection":[{"href":"https:\/\/centralmedia.rs\/index.php\/wp-json\/wp\/v2\/posts"}],"about":[{"href":"https:\/\/centralmedia.rs\/index.php\/wp-json\/wp\/v2\/types\/post"}],"author":[{"embeddable":true,"href":"https:\/\/centralmedia.rs\/index.php\/wp-json\/wp\/v2\/users\/2"}],"replies":[{"embeddable":true,"href":"https:\/\/centralmedia.rs\/index.php\/wp-json\/wp\/v2\/comments?post=29454"}],"version-history":[{"count":1,"href":"https:\/\/centralmedia.rs\/index.php\/wp-json\/wp\/v2\/posts\/29454\/revisions"}],"predecessor-version":[{"id":29456,"href":"https:\/\/centralmedia.rs\/index.php\/wp-json\/wp\/v2\/posts\/29454\/revisions\/29456"}],"wp:featuredmedia":[{"embeddable":true,"href":"https:\/\/centralmedia.rs\/index.php\/wp-json\/wp\/v2\/media\/29455"}],"wp:attachment":[{"href":"https:\/\/centralmedia.rs\/index.php\/wp-json\/wp\/v2\/media?parent=29454"}],"wp:term":[{"taxonomy":"category","embeddable":true,"href":"https:\/\/centralmedia.rs\/index.php\/wp-json\/wp\/v2\/categories?post=29454"},{"taxonomy":"post_tag","embeddable":true,"href":"https:\/\/centralmedia.rs\/index.php\/wp-json\/wp\/v2\/tags?post=29454"}],"curies":[{"name":"wp","href":"https:\/\/api.w.org\/{rel}","templated":true}]}}