{"id":29457,"date":"2021-11-30T15:48:58","date_gmt":"2021-11-30T14:48:58","guid":{"rendered":"http:\/\/centralmedia.rs\/?p=29457"},"modified":"2021-12-26T15:49:15","modified_gmt":"2021-12-26T14:49:15","slug":"16-dana-zenskog-aktivizma-u-cajetini","status":"publish","type":"post","link":"https:\/\/centralmedia.rs\/index.php\/2021\/11\/30\/16-dana-zenskog-aktivizma-u-cajetini\/","title":{"rendered":"16 dana \u017eenskog aktivizma u \u010cajetini"},"content":{"rendered":"<p>\u010cAJETINA-U prostorijama Udru\u017eenje penzionera op\u0161tine \u010cajetina u nedelju, 28. novembra je u okviru obele\u017eavanja 16 DANA \u017dENSKOG AKTIVIZMA odr\u017ean skup \u017eena op\u0161tine \u010cajetina, u organizaciji udru\u017eenja Zlatiborski krug i Snaga prijateljstva &#8211; Amity.<\/p>\n<div id='gallery-1' class='gallery galleryid-29457 gallery-columns-4 gallery-size-thumbnail'><figure class='gallery-item'>\n\t\t\t<div class='gallery-icon landscape'>\n\t\t\t\t<a href='https:\/\/centralmedia.rs\/index.php\/2021\/11\/30\/16-dana-zenskog-aktivizma-u-cajetini\/aktivizam1\/'><img loading=\"lazy\" decoding=\"async\" width=\"150\" height=\"150\" src=\"https:\/\/centralmedia.rs\/wp-content\/uploads\/2021\/12\/aktivizam1-150x150.jpg\" class=\"attachment-thumbnail size-thumbnail\" alt=\"\" \/><\/a>\n\t\t\t<\/div><\/figure><figure class='gallery-item'>\n\t\t\t<div class='gallery-icon landscape'>\n\t\t\t\t<a href='https:\/\/centralmedia.rs\/index.php\/2021\/11\/30\/16-dana-zenskog-aktivizma-u-cajetini\/aktivizam2\/'><img loading=\"lazy\" decoding=\"async\" width=\"150\" height=\"150\" src=\"https:\/\/centralmedia.rs\/wp-content\/uploads\/2021\/12\/aktivizam2-150x150.jpg\" class=\"attachment-thumbnail size-thumbnail\" alt=\"\" \/><\/a>\n\t\t\t<\/div><\/figure><figure class='gallery-item'>\n\t\t\t<div class='gallery-icon portrait'>\n\t\t\t\t<a href='https:\/\/centralmedia.rs\/index.php\/2021\/11\/30\/16-dana-zenskog-aktivizma-u-cajetini\/aktivizam3\/'><img loading=\"lazy\" decoding=\"async\" width=\"150\" height=\"150\" src=\"https:\/\/centralmedia.rs\/wp-content\/uploads\/2021\/12\/aktivizam3-150x150.jpg\" class=\"attachment-thumbnail size-thumbnail\" alt=\"\" \/><\/a>\n\t\t\t<\/div><\/figure><figure class='gallery-item'>\n\t\t\t<div class='gallery-icon landscape'>\n\t\t\t\t<a href='https:\/\/centralmedia.rs\/index.php\/2021\/11\/30\/16-dana-zenskog-aktivizma-u-cajetini\/aktivizam\/'><img loading=\"lazy\" decoding=\"async\" width=\"150\" height=\"150\" src=\"https:\/\/centralmedia.rs\/wp-content\/uploads\/2021\/12\/aktivizam-150x150.jpg\" class=\"attachment-thumbnail size-thumbnail\" alt=\"\" \/><\/a>\n\t\t\t<\/div><\/figure>\n\t\t<\/div>\n\n<p>Ova dva udru\u017eenja ve\u0107 nekoliko meseci,\u00a0 u partnerstvu sa Udru\u017eenjem\u00a0 \u017denska inicijativa iz Trstenika, realizuju projekat \u201eZa \u017eivot starijih \u017eena iz seoskih sredina bez nasilja i diskriminacije\u201c,\u00a0 koji \u0107e trajati do kraja aprila 2022. godine, u okviru programa\u00a0 \u201eUnapre\u0111enje bezbednosti \u017eena u Srbiji&#8221;, koji sprovodi Agencija Ujedinjenih nacija za rodnu ravnopravnost i osna\u017eivanje \u017eena (UN Women), u saradnji sa Ministarstvom unutra\u0161njih poslova,\u00a0 uz podr\u0161ku Norve\u0161ke ambasade u Beogradu.<\/p>\n<p>Rodni aspekti starenja ukazuju da su starije \u017eene u odnosu na starije mu\u0161karce u ve\u0107em riziku od nasilja. Mnoge starije \u017eene godinama trpe nasilje u porodici od supru\u017enika, partnera ili drugih \u010dlanova porodice, ali o tome \u0107ute, jer smatraju to prihvatljivim modelom pona\u0161anja. Neke starije \u017eene ne prijavljuju nasilje zbog straha, sramote, neznanja kome i kako treba da se obrate ili iz uverenja da im niko ne\u0107e poverovati. Otuda je va\u017eno obu\u010davati i osna\u017eivati, kako same starije \u017eene, tako i sve one koji rade sa njima, da prepoznaju nasilje nad starijima, njegove specifi\u010dnosti, da se upoznaju sa strategijama prevencije i ohrabriti ih da budu efikasniji u preduzimanju mera za\u0161tite.<\/p>\n<p>Zlatiborski krug je\u00a0 6 godina bio pru\u017ealac usluge socijalne za\u0161tite \u201ePomo\u0107 u ku\u0107i za stara lica u op\u0161tini \u010cajetina\u201c i tokom tog perioda, uz mnoge druge obuke koje je organizovao za zaposlene, organizovana je i obuka za gerontodoma\u0107ice o prepoznavanju znakova nasilja\u00a0 u porodici i o prikladnom reagovanju u skladu sa zakonom i zakonskim propisima u toj oblasti.<\/p>\n<p>Predsednica Amity-ja, Nade\u017eda Satari\u0107 je za sve u\u010desnice donela poklone, zidne kalendare za 2022.\u00a0 na kojima su od\u0161tampani telefonski brojevi organizacija koje se bave prevencijom i re\u0161avanjem problema nasilja nad \u017eenama u na\u0161em kraju i u celoj Srbiji. U dogovoru predsednice Zlatiborskog kruga, Zorica Milosavljevi\u0107 sa koordinatorkom slu\u017ebe &#8220;Pomo\u0107 u ku\u0107i&#8221; Milene Mari\u0107 gerontodoma\u0107ice \u0107e\u00a0 kalendare dostaviti svim korisnicima ove usluge socijalne za\u0161tite &#8211; starijim \u017eenama u zlatiborskim selima.\u00a0 Kalendari su, uz edukativno-promotivni materijal o prevenciji nasilja nad \u017eenama i o na\u010dinima sistemske za\u0161tite i podr\u0161ke, podeljeni svim u\u010desnicima skupa.<\/p>\n<p>Obele\u017eavanju 16 DANA \u017dENSKOG AKTIVIZMA u \u010cajetini, pomoglo je i Udru\u017eenje penzionera op\u0161tine \u010cajetina, u \u010dijim je prostorijama i odr\u017ean ovaj doga\u0111aj, a sa<\/p>\n<p>kojim Zlatiborski krug ve\u0107 godinama uspe\u0161no sara\u0111uje u programima pomo\u0107i i podr\u0161ke starijim sugra\u0111anima.<\/p>\n<p>Kao i u ostalim aktivnostima koje Zlatiborski krug organizuje u lokalnoj zajednici, lokalni mediji, Zlatibor TV i TV \u010cajetina su napravili prilog o ovom doga\u0111aju kako bi se i \u0161ira javnost upoznala sa programom 16 DANA \u017dENSKOG AKTIVIZMA i na\u010dinima prevencije i za\u0161tite od nasilja.<\/p>\n<p>&nbsp;<\/p>\n","protected":false},"excerpt":{"rendered":"<p>\u010cAJETINA-U prostorijama Udru\u017eenje penzionera op\u0161tine \u010cajetina u nedelju, 28. novembra je u okviru obele\u017eavanja 16 DANA \u017dENSKOG AKTIVIZMA odr\u017ean skup \u017eena op\u0161tine \u010cajetina, u organizaciji &hellip; <\/p>\n","protected":false},"author":2,"featured_media":29458,"comment_status":"open","ping_status":"open","sticky":false,"template":"","format":"standard","meta":{"footnotes":""},"categories":[2875,14,1524,2,887,12],"tags":[5614,103,2876],"_links":{"self":[{"href":"https:\/\/centralmedia.rs\/index.php\/wp-json\/wp\/v2\/posts\/29457"}],"collection":[{"href":"https:\/\/centralmedia.rs\/index.php\/wp-json\/wp\/v2\/posts"}],"about":[{"href":"https:\/\/centralmedia.rs\/index.php\/wp-json\/wp\/v2\/types\/post"}],"author":[{"embeddable":true,"href":"https:\/\/centralmedia.rs\/index.php\/wp-json\/wp\/v2\/users\/2"}],"replies":[{"embeddable":true,"href":"https:\/\/centralmedia.rs\/index.php\/wp-json\/wp\/v2\/comments?post=29457"}],"version-history":[{"count":1,"href":"https:\/\/centralmedia.rs\/index.php\/wp-json\/wp\/v2\/posts\/29457\/revisions"}],"predecessor-version":[{"id":29462,"href":"https:\/\/centralmedia.rs\/index.php\/wp-json\/wp\/v2\/posts\/29457\/revisions\/29462"}],"wp:featuredmedia":[{"embeddable":true,"href":"https:\/\/centralmedia.rs\/index.php\/wp-json\/wp\/v2\/media\/29458"}],"wp:attachment":[{"href":"https:\/\/centralmedia.rs\/index.php\/wp-json\/wp\/v2\/media?parent=29457"}],"wp:term":[{"taxonomy":"category","embeddable":true,"href":"https:\/\/centralmedia.rs\/index.php\/wp-json\/wp\/v2\/categories?post=29457"},{"taxonomy":"post_tag","embeddable":true,"href":"https:\/\/centralmedia.rs\/index.php\/wp-json\/wp\/v2\/tags?post=29457"}],"curies":[{"name":"wp","href":"https:\/\/api.w.org\/{rel}","templated":true}]}}