{"id":29541,"date":"2021-12-17T18:50:05","date_gmt":"2021-12-17T17:50:05","guid":{"rendered":"http:\/\/centralmedia.rs\/?p=29541"},"modified":"2021-12-26T18:50:18","modified_gmt":"2021-12-26T17:50:18","slug":"zlatiborsko-kulturno-leto-2021","status":"publish","type":"post","link":"https:\/\/centralmedia.rs\/index.php\/2021\/12\/17\/zlatiborsko-kulturno-leto-2021\/","title":{"rendered":",,Zlatiborsko kulturno leto 2021.&#8221;"},"content":{"rendered":"<p>\u010cAJETINA- O turisti\u010dkom uspehu Zlatibora 2021. godine najbolje govori uspe\u0161no &#8221;Zlatiborsko kulturno leto&#8221;, ispunjeno brojnim koncertima, manifestacijama, programima, nastupima. Koncerti poznatih muzi\u010dkih imena, kao \u0161to su Vlado Georgiev, Marija \u0160erifovi\u0107, Dejan Petrovi\u0107 s &#8221;Big bendom&#8221; doneli su publici ovog leta u\u017eivanje sa letnje pozornice Kraljevog trga.<\/p>\n<div id='gallery-1' class='gallery galleryid-29541 gallery-columns-9 gallery-size-thumbnail'><figure class='gallery-item'>\n\t\t\t<div class='gallery-icon landscape'>\n\t\t\t\t<a href='https:\/\/centralmedia.rs\/index.php\/2021\/12\/17\/zlatiborsko-kulturno-leto-2021\/kl\/'><img loading=\"lazy\" decoding=\"async\" width=\"150\" height=\"150\" src=\"https:\/\/centralmedia.rs\/wp-content\/uploads\/2021\/12\/KL-150x150.jpg\" class=\"attachment-thumbnail size-thumbnail\" alt=\"\" srcset=\"https:\/\/centralmedia.rs\/wp-content\/uploads\/2021\/12\/KL-150x150.jpg 150w, https:\/\/centralmedia.rs\/wp-content\/uploads\/2021\/12\/KL-300x300.jpg 300w, https:\/\/centralmedia.rs\/wp-content\/uploads\/2021\/12\/KL-768x768.jpg 768w, https:\/\/centralmedia.rs\/wp-content\/uploads\/2021\/12\/KL-1024x1024.jpg 1024w, https:\/\/centralmedia.rs\/wp-content\/uploads\/2021\/12\/KL-420x420.jpg 420w, https:\/\/centralmedia.rs\/wp-content\/uploads\/2021\/12\/KL-640x640.jpg 640w, https:\/\/centralmedia.rs\/wp-content\/uploads\/2021\/12\/KL-681x681.jpg 681w, https:\/\/centralmedia.rs\/wp-content\/uploads\/2021\/12\/KL.jpg 1080w\" sizes=\"(max-width: 150px) 100vw, 150px\" \/><\/a>\n\t\t\t<\/div><\/figure><figure class='gallery-item'>\n\t\t\t<div class='gallery-icon portrait'>\n\t\t\t\t<a href='https:\/\/centralmedia.rs\/index.php\/2021\/12\/17\/zlatiborsko-kulturno-leto-2021\/kl1\/'><img loading=\"lazy\" decoding=\"async\" width=\"150\" height=\"150\" src=\"https:\/\/centralmedia.rs\/wp-content\/uploads\/2021\/12\/KL1-150x150.jpg\" class=\"attachment-thumbnail size-thumbnail\" alt=\"\" \/><\/a>\n\t\t\t<\/div><\/figure><figure class='gallery-item'>\n\t\t\t<div class='gallery-icon portrait'>\n\t\t\t\t<a href='https:\/\/centralmedia.rs\/index.php\/2021\/12\/17\/zlatiborsko-kulturno-leto-2021\/kl2\/'><img loading=\"lazy\" decoding=\"async\" width=\"150\" height=\"150\" src=\"https:\/\/centralmedia.rs\/wp-content\/uploads\/2021\/12\/KL2-150x150.jpg\" class=\"attachment-thumbnail size-thumbnail\" alt=\"\" \/><\/a>\n\t\t\t<\/div><\/figure><figure class='gallery-item'>\n\t\t\t<div class='gallery-icon portrait'>\n\t\t\t\t<a href='https:\/\/centralmedia.rs\/index.php\/2021\/12\/17\/zlatiborsko-kulturno-leto-2021\/kl3\/'><img loading=\"lazy\" decoding=\"async\" width=\"150\" height=\"150\" src=\"https:\/\/centralmedia.rs\/wp-content\/uploads\/2021\/12\/KL3-150x150.jpg\" class=\"attachment-thumbnail size-thumbnail\" alt=\"\" \/><\/a>\n\t\t\t<\/div><\/figure><figure class='gallery-item'>\n\t\t\t<div class='gallery-icon landscape'>\n\t\t\t\t<a href='https:\/\/centralmedia.rs\/index.php\/2021\/12\/17\/zlatiborsko-kulturno-leto-2021\/kl4\/'><img loading=\"lazy\" decoding=\"async\" width=\"150\" height=\"150\" src=\"https:\/\/centralmedia.rs\/wp-content\/uploads\/2021\/12\/KL4-150x150.jpg\" class=\"attachment-thumbnail size-thumbnail\" alt=\"\" srcset=\"https:\/\/centralmedia.rs\/wp-content\/uploads\/2021\/12\/KL4-150x150.jpg 150w, https:\/\/centralmedia.rs\/wp-content\/uploads\/2021\/12\/KL4-300x300.jpg 300w, https:\/\/centralmedia.rs\/wp-content\/uploads\/2021\/12\/KL4.jpg 399w\" sizes=\"(max-width: 150px) 100vw, 150px\" \/><\/a>\n\t\t\t<\/div><\/figure><figure class='gallery-item'>\n\t\t\t<div class='gallery-icon portrait'>\n\t\t\t\t<a href='https:\/\/centralmedia.rs\/index.php\/2021\/12\/17\/zlatiborsko-kulturno-leto-2021\/kl5\/'><img loading=\"lazy\" decoding=\"async\" width=\"150\" height=\"150\" src=\"https:\/\/centralmedia.rs\/wp-content\/uploads\/2021\/12\/KL5-150x150.jpg\" class=\"attachment-thumbnail size-thumbnail\" alt=\"\" \/><\/a>\n\t\t\t<\/div><\/figure><figure class='gallery-item'>\n\t\t\t<div class='gallery-icon portrait'>\n\t\t\t\t<a href='https:\/\/centralmedia.rs\/index.php\/2021\/12\/17\/zlatiborsko-kulturno-leto-2021\/kl6\/'><img loading=\"lazy\" decoding=\"async\" width=\"150\" height=\"150\" src=\"https:\/\/centralmedia.rs\/wp-content\/uploads\/2021\/12\/KL6-150x150.jpg\" class=\"attachment-thumbnail size-thumbnail\" alt=\"\" \/><\/a>\n\t\t\t<\/div><\/figure><figure class='gallery-item'>\n\t\t\t<div class='gallery-icon landscape'>\n\t\t\t\t<a href='https:\/\/centralmedia.rs\/index.php\/2021\/12\/17\/zlatiborsko-kulturno-leto-2021\/kl7\/'><img loading=\"lazy\" decoding=\"async\" width=\"150\" height=\"150\" src=\"https:\/\/centralmedia.rs\/wp-content\/uploads\/2021\/12\/KL7-150x150.jpg\" class=\"attachment-thumbnail size-thumbnail\" alt=\"\" \/><\/a>\n\t\t\t<\/div><\/figure><figure class='gallery-item'>\n\t\t\t<div class='gallery-icon landscape'>\n\t\t\t\t<a href='https:\/\/centralmedia.rs\/index.php\/2021\/12\/17\/zlatiborsko-kulturno-leto-2021\/kl8\/'><img loading=\"lazy\" decoding=\"async\" width=\"150\" height=\"150\" src=\"https:\/\/centralmedia.rs\/wp-content\/uploads\/2021\/12\/KL8-150x150.jpg\" class=\"attachment-thumbnail size-thumbnail\" alt=\"\" srcset=\"https:\/\/centralmedia.rs\/wp-content\/uploads\/2021\/12\/KL8-150x150.jpg 150w, https:\/\/centralmedia.rs\/wp-content\/uploads\/2021\/12\/KL8-300x300.jpg 300w, https:\/\/centralmedia.rs\/wp-content\/uploads\/2021\/12\/KL8-768x768.jpg 768w, https:\/\/centralmedia.rs\/wp-content\/uploads\/2021\/12\/KL8-1024x1024.jpg 1024w, https:\/\/centralmedia.rs\/wp-content\/uploads\/2021\/12\/KL8-420x420.jpg 420w, https:\/\/centralmedia.rs\/wp-content\/uploads\/2021\/12\/KL8-640x640.jpg 640w, https:\/\/centralmedia.rs\/wp-content\/uploads\/2021\/12\/KL8-681x681.jpg 681w, https:\/\/centralmedia.rs\/wp-content\/uploads\/2021\/12\/KL8.jpg 1440w\" sizes=\"(max-width: 150px) 100vw, 150px\" \/><\/a>\n\t\t\t<\/div><\/figure>\n\t\t<\/div>\n\n<p>To su, uz koncert Simfonijskog orkestra RTS-a, doga\u0111aji u kojima je u\u017eivao najve\u0107i broj posetilaca Zlatibora. Program na Kraljevom trgu bio je upotpunjen nastupima kulturno-umetni\u010dkih dru\u0161tava iz svih delova Srbije i regiona, koncertima peva\u010dkih grupa, de\u010djim predstavama.<\/p>\n<div id='gallery-2' class='gallery galleryid-29541 gallery-columns-9 gallery-size-thumbnail'><figure class='gallery-item'>\n\t\t\t<div class='gallery-icon landscape'>\n\t\t\t\t<a href='https:\/\/centralmedia.rs\/index.php\/2021\/12\/17\/zlatiborsko-kulturno-leto-2021\/kl9\/'><img loading=\"lazy\" decoding=\"async\" width=\"150\" height=\"150\" src=\"https:\/\/centralmedia.rs\/wp-content\/uploads\/2021\/12\/KL9-150x150.jpg\" class=\"attachment-thumbnail size-thumbnail\" alt=\"\" srcset=\"https:\/\/centralmedia.rs\/wp-content\/uploads\/2021\/12\/KL9-150x150.jpg 150w, https:\/\/centralmedia.rs\/wp-content\/uploads\/2021\/12\/KL9-300x300.jpg 300w, https:\/\/centralmedia.rs\/wp-content\/uploads\/2021\/12\/KL9-768x768.jpg 768w, https:\/\/centralmedia.rs\/wp-content\/uploads\/2021\/12\/KL9-1024x1024.jpg 1024w, https:\/\/centralmedia.rs\/wp-content\/uploads\/2021\/12\/KL9-420x420.jpg 420w, https:\/\/centralmedia.rs\/wp-content\/uploads\/2021\/12\/KL9-640x640.jpg 640w, https:\/\/centralmedia.rs\/wp-content\/uploads\/2021\/12\/KL9-681x681.jpg 681w, https:\/\/centralmedia.rs\/wp-content\/uploads\/2021\/12\/KL9.jpg 1080w\" sizes=\"(max-width: 150px) 100vw, 150px\" \/><\/a>\n\t\t\t<\/div><\/figure><figure class='gallery-item'>\n\t\t\t<div class='gallery-icon landscape'>\n\t\t\t\t<a href='https:\/\/centralmedia.rs\/index.php\/2021\/12\/17\/zlatiborsko-kulturno-leto-2021\/kl10\/'><img loading=\"lazy\" decoding=\"async\" width=\"150\" height=\"150\" src=\"https:\/\/centralmedia.rs\/wp-content\/uploads\/2021\/12\/KL10-150x150.jpg\" class=\"attachment-thumbnail size-thumbnail\" alt=\"\" srcset=\"https:\/\/centralmedia.rs\/wp-content\/uploads\/2021\/12\/KL10-150x150.jpg 150w, https:\/\/centralmedia.rs\/wp-content\/uploads\/2021\/12\/KL10-300x300.jpg 300w, https:\/\/centralmedia.rs\/wp-content\/uploads\/2021\/12\/KL10-768x768.jpg 768w, https:\/\/centralmedia.rs\/wp-content\/uploads\/2021\/12\/KL10-1024x1024.jpg 1024w, https:\/\/centralmedia.rs\/wp-content\/uploads\/2021\/12\/KL10-420x420.jpg 420w, https:\/\/centralmedia.rs\/wp-content\/uploads\/2021\/12\/KL10-640x640.jpg 640w, https:\/\/centralmedia.rs\/wp-content\/uploads\/2021\/12\/KL10-681x681.jpg 681w, https:\/\/centralmedia.rs\/wp-content\/uploads\/2021\/12\/KL10.jpg 1080w\" sizes=\"(max-width: 150px) 100vw, 150px\" \/><\/a>\n\t\t\t<\/div><\/figure><figure class='gallery-item'>\n\t\t\t<div class='gallery-icon landscape'>\n\t\t\t\t<a href='https:\/\/centralmedia.rs\/index.php\/2021\/12\/17\/zlatiborsko-kulturno-leto-2021\/kl11\/'><img loading=\"lazy\" decoding=\"async\" width=\"150\" height=\"150\" src=\"https:\/\/centralmedia.rs\/wp-content\/uploads\/2021\/12\/KL11-150x150.jpg\" class=\"attachment-thumbnail size-thumbnail\" alt=\"\" srcset=\"https:\/\/centralmedia.rs\/wp-content\/uploads\/2021\/12\/KL11-150x150.jpg 150w, https:\/\/centralmedia.rs\/wp-content\/uploads\/2021\/12\/KL11-300x300.jpg 300w, https:\/\/centralmedia.rs\/wp-content\/uploads\/2021\/12\/KL11-768x768.jpg 768w, https:\/\/centralmedia.rs\/wp-content\/uploads\/2021\/12\/KL11-1024x1024.jpg 1024w, https:\/\/centralmedia.rs\/wp-content\/uploads\/2021\/12\/KL11-420x420.jpg 420w, https:\/\/centralmedia.rs\/wp-content\/uploads\/2021\/12\/KL11-640x640.jpg 640w, https:\/\/centralmedia.rs\/wp-content\/uploads\/2021\/12\/KL11-681x681.jpg 681w, https:\/\/centralmedia.rs\/wp-content\/uploads\/2021\/12\/KL11.jpg 1080w\" sizes=\"(max-width: 150px) 100vw, 150px\" \/><\/a>\n\t\t\t<\/div><\/figure><figure class='gallery-item'>\n\t\t\t<div class='gallery-icon landscape'>\n\t\t\t\t<a href='https:\/\/centralmedia.rs\/index.php\/2021\/12\/17\/zlatiborsko-kulturno-leto-2021\/kl12\/'><img loading=\"lazy\" decoding=\"async\" width=\"150\" height=\"150\" src=\"https:\/\/centralmedia.rs\/wp-content\/uploads\/2021\/12\/KL12-150x150.jpg\" class=\"attachment-thumbnail size-thumbnail\" alt=\"\" srcset=\"https:\/\/centralmedia.rs\/wp-content\/uploads\/2021\/12\/KL12-150x150.jpg 150w, https:\/\/centralmedia.rs\/wp-content\/uploads\/2021\/12\/KL12-300x300.jpg 300w, https:\/\/centralmedia.rs\/wp-content\/uploads\/2021\/12\/KL12-768x768.jpg 768w, https:\/\/centralmedia.rs\/wp-content\/uploads\/2021\/12\/KL12-1024x1024.jpg 1024w, https:\/\/centralmedia.rs\/wp-content\/uploads\/2021\/12\/KL12-420x420.jpg 420w, https:\/\/centralmedia.rs\/wp-content\/uploads\/2021\/12\/KL12-640x640.jpg 640w, https:\/\/centralmedia.rs\/wp-content\/uploads\/2021\/12\/KL12-681x681.jpg 681w, https:\/\/centralmedia.rs\/wp-content\/uploads\/2021\/12\/KL12.jpg 1080w\" sizes=\"(max-width: 150px) 100vw, 150px\" \/><\/a>\n\t\t\t<\/div><\/figure><figure class='gallery-item'>\n\t\t\t<div class='gallery-icon portrait'>\n\t\t\t\t<a href='https:\/\/centralmedia.rs\/index.php\/2021\/12\/17\/zlatiborsko-kulturno-leto-2021\/kl13\/'><img loading=\"lazy\" decoding=\"async\" width=\"150\" height=\"150\" src=\"https:\/\/centralmedia.rs\/wp-content\/uploads\/2021\/12\/KL13-150x150.jpg\" class=\"attachment-thumbnail size-thumbnail\" alt=\"\" \/><\/a>\n\t\t\t<\/div><\/figure><figure class='gallery-item'>\n\t\t\t<div class='gallery-icon landscape'>\n\t\t\t\t<a href='https:\/\/centralmedia.rs\/index.php\/2021\/12\/17\/zlatiborsko-kulturno-leto-2021\/kl14\/'><img loading=\"lazy\" decoding=\"async\" width=\"150\" height=\"150\" src=\"https:\/\/centralmedia.rs\/wp-content\/uploads\/2021\/12\/KL14-150x150.jpg\" class=\"attachment-thumbnail size-thumbnail\" alt=\"\" srcset=\"https:\/\/centralmedia.rs\/wp-content\/uploads\/2021\/12\/KL14-150x150.jpg 150w, https:\/\/centralmedia.rs\/wp-content\/uploads\/2021\/12\/KL14-300x300.jpg 300w, https:\/\/centralmedia.rs\/wp-content\/uploads\/2021\/12\/KL14-768x768.jpg 768w, https:\/\/centralmedia.rs\/wp-content\/uploads\/2021\/12\/KL14-1024x1024.jpg 1024w, https:\/\/centralmedia.rs\/wp-content\/uploads\/2021\/12\/KL14-420x420.jpg 420w, https:\/\/centralmedia.rs\/wp-content\/uploads\/2021\/12\/KL14-640x640.jpg 640w, https:\/\/centralmedia.rs\/wp-content\/uploads\/2021\/12\/KL14-681x681.jpg 681w, https:\/\/centralmedia.rs\/wp-content\/uploads\/2021\/12\/KL14.jpg 1080w\" sizes=\"(max-width: 150px) 100vw, 150px\" \/><\/a>\n\t\t\t<\/div><\/figure><figure class='gallery-item'>\n\t\t\t<div class='gallery-icon landscape'>\n\t\t\t\t<a href='https:\/\/centralmedia.rs\/index.php\/2021\/12\/17\/zlatiborsko-kulturno-leto-2021\/kl15\/'><img loading=\"lazy\" decoding=\"async\" width=\"150\" height=\"150\" src=\"https:\/\/centralmedia.rs\/wp-content\/uploads\/2021\/12\/KL15-150x150.jpg\" class=\"attachment-thumbnail size-thumbnail\" alt=\"\" \/><\/a>\n\t\t\t<\/div><\/figure><figure class='gallery-item'>\n\t\t\t<div class='gallery-icon landscape'>\n\t\t\t\t<a href='https:\/\/centralmedia.rs\/index.php\/2021\/12\/17\/zlatiborsko-kulturno-leto-2021\/kl16\/'><img loading=\"lazy\" decoding=\"async\" width=\"150\" height=\"150\" src=\"https:\/\/centralmedia.rs\/wp-content\/uploads\/2021\/12\/KL16-150x150.jpg\" class=\"attachment-thumbnail size-thumbnail\" alt=\"\" srcset=\"https:\/\/centralmedia.rs\/wp-content\/uploads\/2021\/12\/KL16-150x150.jpg 150w, https:\/\/centralmedia.rs\/wp-content\/uploads\/2021\/12\/KL16-300x300.jpg 300w, https:\/\/centralmedia.rs\/wp-content\/uploads\/2021\/12\/KL16-768x768.jpg 768w, https:\/\/centralmedia.rs\/wp-content\/uploads\/2021\/12\/KL16-1024x1024.jpg 1024w, https:\/\/centralmedia.rs\/wp-content\/uploads\/2021\/12\/KL16-420x420.jpg 420w, https:\/\/centralmedia.rs\/wp-content\/uploads\/2021\/12\/KL16-640x640.jpg 640w, https:\/\/centralmedia.rs\/wp-content\/uploads\/2021\/12\/KL16-681x681.jpg 681w, https:\/\/centralmedia.rs\/wp-content\/uploads\/2021\/12\/KL16.jpg 1080w\" sizes=\"(max-width: 150px) 100vw, 150px\" \/><\/a>\n\t\t\t<\/div><\/figure><figure class='gallery-item'>\n\t\t\t<div class='gallery-icon portrait'>\n\t\t\t\t<a href='https:\/\/centralmedia.rs\/index.php\/2021\/12\/17\/zlatiborsko-kulturno-leto-2021\/kl17\/'><img loading=\"lazy\" decoding=\"async\" width=\"150\" height=\"150\" src=\"https:\/\/centralmedia.rs\/wp-content\/uploads\/2021\/12\/KL17-150x150.jpg\" class=\"attachment-thumbnail size-thumbnail\" alt=\"\" \/><\/a>\n\t\t\t<\/div><\/figure>\n\t\t<\/div>\n\n<p>Posebno osve\u017eenje ovog leta bio je d\u017eez festival, a ponudu su obogatile i knji\u017eevne ve\u010deri, monodrame i pozori\u0161ne predstave u Kulturnom centru i na platou ispred Hrama Preobra\u017eenja Gospodnjeg. \u2013 Posebno bih \u017eeleo da istaknem uspe\u0161nu organizaciju jubilarnog desetog Me\u0111unarodnog festivala sportskog filma i kulturne manifestacije &#8221;Pesni\u010dke vatre zlatiborske&#8221;. Zahvaljuju\u0107i njima imali smo priliku da ugostimo zna\u010dajne sportske, gluma\u010dke i knji\u017eevne li\u010dnosti sa prostora biv\u0161e Jugoslavije \u2013 sumira utiske o &#8221;Zlatiborskom kulturnom letu&#8221; direktor Turisti\u010dke organizacije Vladimir \u017divanovi\u0107.<\/p>\n<div id='gallery-3' class='gallery galleryid-29541 gallery-columns-3 gallery-size-thumbnail'><figure class='gallery-item'>\n\t\t\t<div class='gallery-icon landscape'>\n\t\t\t\t<a href='https:\/\/centralmedia.rs\/index.php\/2021\/12\/17\/zlatiborsko-kulturno-leto-2021\/kl18\/'><img loading=\"lazy\" decoding=\"async\" width=\"150\" height=\"150\" src=\"https:\/\/centralmedia.rs\/wp-content\/uploads\/2021\/12\/KL18-150x150.jpg\" class=\"attachment-thumbnail size-thumbnail\" alt=\"\" srcset=\"https:\/\/centralmedia.rs\/wp-content\/uploads\/2021\/12\/KL18-150x150.jpg 150w, https:\/\/centralmedia.rs\/wp-content\/uploads\/2021\/12\/KL18-300x300.jpg 300w, https:\/\/centralmedia.rs\/wp-content\/uploads\/2021\/12\/KL18-768x768.jpg 768w, https:\/\/centralmedia.rs\/wp-content\/uploads\/2021\/12\/KL18-1024x1024.jpg 1024w, https:\/\/centralmedia.rs\/wp-content\/uploads\/2021\/12\/KL18-420x420.jpg 420w, https:\/\/centralmedia.rs\/wp-content\/uploads\/2021\/12\/KL18-640x640.jpg 640w, https:\/\/centralmedia.rs\/wp-content\/uploads\/2021\/12\/KL18-681x681.jpg 681w, https:\/\/centralmedia.rs\/wp-content\/uploads\/2021\/12\/KL18.jpg 1080w\" sizes=\"(max-width: 150px) 100vw, 150px\" \/><\/a>\n\t\t\t<\/div><\/figure><figure class='gallery-item'>\n\t\t\t<div class='gallery-icon landscape'>\n\t\t\t\t<a href='https:\/\/centralmedia.rs\/index.php\/2021\/12\/17\/zlatiborsko-kulturno-leto-2021\/kl19\/'><img loading=\"lazy\" decoding=\"async\" width=\"150\" height=\"150\" src=\"https:\/\/centralmedia.rs\/wp-content\/uploads\/2021\/12\/KL19-150x150.jpg\" class=\"attachment-thumbnail size-thumbnail\" alt=\"\" srcset=\"https:\/\/centralmedia.rs\/wp-content\/uploads\/2021\/12\/KL19-150x150.jpg 150w, https:\/\/centralmedia.rs\/wp-content\/uploads\/2021\/12\/KL19-300x300.jpg 300w, https:\/\/centralmedia.rs\/wp-content\/uploads\/2021\/12\/KL19-768x768.jpg 768w, https:\/\/centralmedia.rs\/wp-content\/uploads\/2021\/12\/KL19-1024x1024.jpg 1024w, https:\/\/centralmedia.rs\/wp-content\/uploads\/2021\/12\/KL19-420x420.jpg 420w, https:\/\/centralmedia.rs\/wp-content\/uploads\/2021\/12\/KL19-640x640.jpg 640w, https:\/\/centralmedia.rs\/wp-content\/uploads\/2021\/12\/KL19-681x681.jpg 681w, https:\/\/centralmedia.rs\/wp-content\/uploads\/2021\/12\/KL19.jpg 1080w\" sizes=\"(max-width: 150px) 100vw, 150px\" \/><\/a>\n\t\t\t<\/div><\/figure><figure class='gallery-item'>\n\t\t\t<div class='gallery-icon landscape'>\n\t\t\t\t<a href='https:\/\/centralmedia.rs\/index.php\/2021\/12\/17\/zlatiborsko-kulturno-leto-2021\/kl20\/'><img loading=\"lazy\" decoding=\"async\" width=\"150\" height=\"150\" src=\"https:\/\/centralmedia.rs\/wp-content\/uploads\/2021\/12\/KL20-150x150.jpg\" class=\"attachment-thumbnail size-thumbnail\" alt=\"\" srcset=\"https:\/\/centralmedia.rs\/wp-content\/uploads\/2021\/12\/KL20-150x150.jpg 150w, https:\/\/centralmedia.rs\/wp-content\/uploads\/2021\/12\/KL20-300x300.jpg 300w, https:\/\/centralmedia.rs\/wp-content\/uploads\/2021\/12\/KL20-768x768.jpg 768w, https:\/\/centralmedia.rs\/wp-content\/uploads\/2021\/12\/KL20-1024x1024.jpg 1024w, https:\/\/centralmedia.rs\/wp-content\/uploads\/2021\/12\/KL20-420x420.jpg 420w, https:\/\/centralmedia.rs\/wp-content\/uploads\/2021\/12\/KL20-640x640.jpg 640w, https:\/\/centralmedia.rs\/wp-content\/uploads\/2021\/12\/KL20-681x681.jpg 681w, https:\/\/centralmedia.rs\/wp-content\/uploads\/2021\/12\/KL20.jpg 1080w\" sizes=\"(max-width: 150px) 100vw, 150px\" \/><\/a>\n\t\t\t<\/div><\/figure>\n\t\t<\/div>\n\n","protected":false},"excerpt":{"rendered":"<p>\u010cAJETINA- O turisti\u010dkom uspehu Zlatibora 2021. godine najbolje govori uspe\u0161no &#8221;Zlatiborsko kulturno leto&#8221;, ispunjeno brojnim koncertima, manifestacijama, programima, nastupima. Koncerti poznatih muzi\u010dkih imena, kao \u0161to &hellip; <\/p>\n","protected":false},"author":2,"featured_media":29542,"comment_status":"open","ping_status":"open","sticky":false,"template":"","format":"standard","meta":{"footnotes":""},"categories":[2875,1524,2,23,887,3054],"tags":[1001,5620],"_links":{"self":[{"href":"https:\/\/centralmedia.rs\/index.php\/wp-json\/wp\/v2\/posts\/29541"}],"collection":[{"href":"https:\/\/centralmedia.rs\/index.php\/wp-json\/wp\/v2\/posts"}],"about":[{"href":"https:\/\/centralmedia.rs\/index.php\/wp-json\/wp\/v2\/types\/post"}],"author":[{"embeddable":true,"href":"https:\/\/centralmedia.rs\/index.php\/wp-json\/wp\/v2\/users\/2"}],"replies":[{"embeddable":true,"href":"https:\/\/centralmedia.rs\/index.php\/wp-json\/wp\/v2\/comments?post=29541"}],"version-history":[{"count":1,"href":"https:\/\/centralmedia.rs\/index.php\/wp-json\/wp\/v2\/posts\/29541\/revisions"}],"predecessor-version":[{"id":29564,"href":"https:\/\/centralmedia.rs\/index.php\/wp-json\/wp\/v2\/posts\/29541\/revisions\/29564"}],"wp:featuredmedia":[{"embeddable":true,"href":"https:\/\/centralmedia.rs\/index.php\/wp-json\/wp\/v2\/media\/29542"}],"wp:attachment":[{"href":"https:\/\/centralmedia.rs\/index.php\/wp-json\/wp\/v2\/media?parent=29541"}],"wp:term":[{"taxonomy":"category","embeddable":true,"href":"https:\/\/centralmedia.rs\/index.php\/wp-json\/wp\/v2\/categories?post=29541"},{"taxonomy":"post_tag","embeddable":true,"href":"https:\/\/centralmedia.rs\/index.php\/wp-json\/wp\/v2\/tags?post=29541"}],"curies":[{"name":"wp","href":"https:\/\/api.w.org\/{rel}","templated":true}]}}