{"id":29599,"date":"2021-12-26T20:10:53","date_gmt":"2021-12-26T19:10:53","guid":{"rendered":"http:\/\/centralmedia.rs\/?p=29599"},"modified":"2021-12-26T20:10:53","modified_gmt":"2021-12-26T19:10:53","slug":"milan-stamatovic-predsednik-opstine-cajetina-nasi-podvizi-u-nepovoljnoj-godini","status":"publish","type":"post","link":"https:\/\/centralmedia.rs\/index.php\/2021\/12\/26\/milan-stamatovic-predsednik-opstine-cajetina-nasi-podvizi-u-nepovoljnoj-godini\/","title":{"rendered":"Milan Stamatovi\u0107 predsednik op\u0161tine \u010cajetina: Na\u0161i podvizi u nepovoljnoj godini"},"content":{"rendered":"<p>\u010cAJETINA-Zlatiborski turizam, osnova na\u0161eg razvoja i jedan od pokazatelja uspe\u0161nosti rada op\u0161tine \u010cajetina, do\u017eiveo je preporod u 2021. godini. Niz projekata turizmu u korist ostvarili smo ovde, s uspehom zavr\u0161ili ono \u0161to je zapo\u010deto, uz izuzetnu turisti\u010dku posetu. A sve to u nepovoljnoj godini korona virusa, u epidemiolo\u0161ki slo\u017eenoj situaciji kojoj odolevaju samo najja\u010di u svojoj delatnosti. Da se na muci poznaju junaci, ovim su Zlatibor i \u010cajetina jo\u0161 jednom potvrdili. Podse\u0107am da smo po\u010detkom godine na Zlatiboru pustili u rad najva\u017eniji projekat, u svetu najdu\u017eu &#8221;Gold gondolu&#8221;. Modernim prevozom povezali smo centar planine sa najvi\u0161im vrhom Tornikom. Do tog istorijskog podviga, finansiranog sredstvima op\u0161tine \u010cajetina za narodno dobro, presko\u010dili smo zahtevne prepreke i odoleli mnogim te\u0161ko\u0107ama. Odustajali nismo, jer smo verovali u uspeh, a ova panoramska \u017ei\u010dara, najva\u017eniji doprinos lokalne samouprave zlatiborskom turizmu, zauvek ostaje, prevazi\u0107i \u0107e nas i obele\u017eiti jedno vreme.<\/p>\n<div id='gallery-1' class='gallery galleryid-29599 gallery-columns-5 gallery-size-thumbnail'><figure class='gallery-item'>\n\t\t\t<div class='gallery-icon landscape'>\n\t\t\t\t<a href='https:\/\/centralmedia.rs\/index.php\/2021\/12\/26\/milan-stamatovic-predsednik-opstine-cajetina-nasi-podvizi-u-nepovoljnoj-godini\/milan20\/'><img loading=\"lazy\" decoding=\"async\" width=\"150\" height=\"150\" src=\"https:\/\/centralmedia.rs\/wp-content\/uploads\/2021\/12\/milan20-150x150.jpg\" class=\"attachment-thumbnail size-thumbnail\" alt=\"\" \/><\/a>\n\t\t\t<\/div><\/figure><figure class='gallery-item'>\n\t\t\t<div class='gallery-icon landscape'>\n\t\t\t\t<a href='https:\/\/centralmedia.rs\/index.php\/2021\/12\/26\/milan-stamatovic-predsednik-opstine-cajetina-nasi-podvizi-u-nepovoljnoj-godini\/milan21\/'><img loading=\"lazy\" decoding=\"async\" width=\"150\" height=\"150\" src=\"https:\/\/centralmedia.rs\/wp-content\/uploads\/2021\/12\/milan21-150x150.jpg\" class=\"attachment-thumbnail size-thumbnail\" alt=\"\" \/><\/a>\n\t\t\t<\/div><\/figure><figure class='gallery-item'>\n\t\t\t<div class='gallery-icon landscape'>\n\t\t\t\t<a href='https:\/\/centralmedia.rs\/index.php\/2021\/12\/26\/milan-stamatovic-predsednik-opstine-cajetina-nasi-podvizi-u-nepovoljnoj-godini\/milan22\/'><img loading=\"lazy\" decoding=\"async\" width=\"150\" height=\"150\" src=\"https:\/\/centralmedia.rs\/wp-content\/uploads\/2021\/12\/milan22-150x150.jpg\" class=\"attachment-thumbnail size-thumbnail\" alt=\"\" \/><\/a>\n\t\t\t<\/div><\/figure><figure class='gallery-item'>\n\t\t\t<div class='gallery-icon landscape'>\n\t\t\t\t<a href='https:\/\/centralmedia.rs\/index.php\/2021\/12\/26\/milan-stamatovic-predsednik-opstine-cajetina-nasi-podvizi-u-nepovoljnoj-godini\/milan23\/'><img loading=\"lazy\" decoding=\"async\" width=\"150\" height=\"150\" src=\"https:\/\/centralmedia.rs\/wp-content\/uploads\/2021\/12\/milan23-150x150.jpg\" class=\"attachment-thumbnail size-thumbnail\" alt=\"\" \/><\/a>\n\t\t\t<\/div><\/figure><figure class='gallery-item'>\n\t\t\t<div class='gallery-icon landscape'>\n\t\t\t\t<a href='https:\/\/centralmedia.rs\/index.php\/2021\/12\/26\/milan-stamatovic-predsednik-opstine-cajetina-nasi-podvizi-u-nepovoljnoj-godini\/milan24\/'><img loading=\"lazy\" decoding=\"async\" width=\"150\" height=\"150\" src=\"https:\/\/centralmedia.rs\/wp-content\/uploads\/2021\/12\/milan24-150x150.jpg\" class=\"attachment-thumbnail size-thumbnail\" alt=\"\" \/><\/a>\n\t\t\t<\/div><\/figure>\n\t\t<\/div>\n\n<p>O njenoj vrednosti sada govori izuzetno interesovanje posetilaca Zlatibora za vo\u017enje u kabinama &#8221;Gold gondole&#8221;, \u010dime se ulaganja u taj projekat ve\u0107 uveliko otpla\u0107uju. Zavr\u0161ili smo u ovoj godini i obnovu turisti\u010dkog centra &#8221;zlatne planine&#8221;. Rekonstruisan je Kraljev trg, jezero sija novim sjajem, a du\u017e \u0161etali\u0161ta je nastala nova Trgova\u010dka ulica sa nizom prodavnica i lokala. Vrlo pose\u0107eni prostor Kraljevog trga postao je jo\u0161 moderniji i lep\u0161i. Jezero, obnovljeno po nekada\u0161njim zamislima akademika Miladina Pe\u0107inara, sada je ure\u0111eno i napunjeno pija\u0107om vodom, modernizovano i osvetljeno. Trgova\u010dka ulica ne samo da je doprinela urednijem izgledu centra, ve\u0107 je donela pogodnosti na\u0161im preduzetnicima u isplativijem poslovanju na prometnom \u0161etali\u0161tu.<\/p>\n<div id='gallery-2' class='gallery galleryid-29599 gallery-columns-5 gallery-size-thumbnail'><figure class='gallery-item'>\n\t\t\t<div class='gallery-icon portrait'>\n\t\t\t\t<a href='https:\/\/centralmedia.rs\/index.php\/2021\/12\/26\/milan-stamatovic-predsednik-opstine-cajetina-nasi-podvizi-u-nepovoljnoj-godini\/milan14\/'><img loading=\"lazy\" decoding=\"async\" width=\"150\" height=\"150\" src=\"https:\/\/centralmedia.rs\/wp-content\/uploads\/2021\/12\/milan14-150x150.jpg\" class=\"attachment-thumbnail size-thumbnail\" alt=\"\" \/><\/a>\n\t\t\t<\/div><\/figure><figure class='gallery-item'>\n\t\t\t<div class='gallery-icon portrait'>\n\t\t\t\t<a href='https:\/\/centralmedia.rs\/index.php\/2021\/12\/26\/milan-stamatovic-predsednik-opstine-cajetina-nasi-podvizi-u-nepovoljnoj-godini\/milan16\/'><img loading=\"lazy\" decoding=\"async\" width=\"150\" height=\"150\" src=\"https:\/\/centralmedia.rs\/wp-content\/uploads\/2021\/12\/milan16-150x150.jpg\" class=\"attachment-thumbnail size-thumbnail\" alt=\"\" \/><\/a>\n\t\t\t<\/div><\/figure><figure class='gallery-item'>\n\t\t\t<div class='gallery-icon landscape'>\n\t\t\t\t<a href='https:\/\/centralmedia.rs\/index.php\/2021\/12\/26\/milan-stamatovic-predsednik-opstine-cajetina-nasi-podvizi-u-nepovoljnoj-godini\/milan17\/'><img loading=\"lazy\" decoding=\"async\" width=\"150\" height=\"150\" src=\"https:\/\/centralmedia.rs\/wp-content\/uploads\/2021\/12\/milan17-150x150.jpg\" class=\"attachment-thumbnail size-thumbnail\" alt=\"\" \/><\/a>\n\t\t\t<\/div><\/figure><figure class='gallery-item'>\n\t\t\t<div class='gallery-icon landscape'>\n\t\t\t\t<a href='https:\/\/centralmedia.rs\/index.php\/2021\/12\/26\/milan-stamatovic-predsednik-opstine-cajetina-nasi-podvizi-u-nepovoljnoj-godini\/milan18\/'><img loading=\"lazy\" decoding=\"async\" width=\"150\" height=\"150\" src=\"https:\/\/centralmedia.rs\/wp-content\/uploads\/2021\/12\/milan18-150x150.jpg\" class=\"attachment-thumbnail size-thumbnail\" alt=\"\" \/><\/a>\n\t\t\t<\/div><\/figure><figure class='gallery-item'>\n\t\t\t<div class='gallery-icon portrait'>\n\t\t\t\t<a href='https:\/\/centralmedia.rs\/index.php\/2021\/12\/26\/milan-stamatovic-predsednik-opstine-cajetina-nasi-podvizi-u-nepovoljnoj-godini\/milan19\/'><img loading=\"lazy\" decoding=\"async\" width=\"150\" height=\"150\" src=\"https:\/\/centralmedia.rs\/wp-content\/uploads\/2021\/12\/milan19-150x150.jpg\" class=\"attachment-thumbnail size-thumbnail\" alt=\"\" \/><\/a>\n\t\t\t<\/div><\/figure>\n\t\t<\/div>\n\n<p>Jo\u0161 niz drugih poduhvata zavr\u0161eno je u ovom periodu iza nas. Za ekologiju Zlatibora od posebnog zna\u010daja je po\u010detak rada Postrojenja za pre\u010di\u0161\u0107avanje otpadnih voda &#8221;Zlatibor&#8221;, zahvaljuju\u0107i kome \u010diste vode sa najpose\u0107enije planine teku ka drinskom slivu. Za sport i sportski turizam veoma zna\u010di \u0161to je op\u0161tina \u010cajetina kupila sportsku dvoranu na Zlatiboru i nizom ulaganja o\u017eivela je i modernizovala za najva\u017enija takmi\u010denja (kakvi su bili ovde odr\u017eani turniri regionalne ABA 2 ko\u0161arka\u0161ke lige), sme\u0161taj i dodatne sadr\u017eaje. Pripremamo se za gradnju novog sportskog centra sa 15 novih terena, kako bismo zadovoljili izra\u017eene potrebe doma\u0107ih i stranih klubova da na Zlatiboru obave svoje pripreme. Godinu na izmaku obele\u017eava i va\u017ean po\u010detak rada na vodosistemu &#8221;Su\u0161i\u010dko vrelo&#8221;, kojim op\u0161tina \u010cajetina, dakle i turisti\u010dki Zlatibor, dobija novi siguran izvor vodosnabdevanja. Time se posti\u017ee da Ribni\u010dko jezero bude prevedeno u komercijalne svrhe i poslu\u017ei daljem razvoju zlatiborskog turizma. Kod Ribni\u010dkog jezera nameravamo da stvaramo &#8221;Zlatni grad&#8221;, ceo kompleks sportskih terena, hotela visoke kategorije i zdravstvenih sadr\u017eaja, na vi\u0161e od 200 hektara. Ovo je, istovremeno, i idealna lokacija za proizvodnju elektri\u010dne energije solarnim panelima, \u010dije postavljanje omogu\u0107ava potez oko jezera i pogodna konfiguracija terena.<\/p>\n<div id='gallery-3' class='gallery galleryid-29599 gallery-columns-9 gallery-size-thumbnail'><figure class='gallery-item'>\n\t\t\t<div class='gallery-icon landscape'>\n\t\t\t\t<a href='https:\/\/centralmedia.rs\/index.php\/2021\/12\/26\/milan-stamatovic-predsednik-opstine-cajetina-nasi-podvizi-u-nepovoljnoj-godini\/milan13\/'><img loading=\"lazy\" decoding=\"async\" width=\"150\" height=\"150\" src=\"https:\/\/centralmedia.rs\/wp-content\/uploads\/2021\/12\/milan13-150x150.jpg\" class=\"attachment-thumbnail size-thumbnail\" alt=\"\" \/><\/a>\n\t\t\t<\/div><\/figure><figure class='gallery-item'>\n\t\t\t<div class='gallery-icon portrait'>\n\t\t\t\t<a href='https:\/\/centralmedia.rs\/index.php\/2021\/12\/26\/milan-stamatovic-predsednik-opstine-cajetina-nasi-podvizi-u-nepovoljnoj-godini\/milan12\/'><img loading=\"lazy\" decoding=\"async\" width=\"150\" height=\"150\" src=\"https:\/\/centralmedia.rs\/wp-content\/uploads\/2021\/12\/milan12-150x150.jpg\" class=\"attachment-thumbnail size-thumbnail\" alt=\"\" \/><\/a>\n\t\t\t<\/div><\/figure><figure class='gallery-item'>\n\t\t\t<div class='gallery-icon portrait'>\n\t\t\t\t<a href='https:\/\/centralmedia.rs\/index.php\/2021\/12\/26\/milan-stamatovic-predsednik-opstine-cajetina-nasi-podvizi-u-nepovoljnoj-godini\/milan11\/'><img loading=\"lazy\" decoding=\"async\" width=\"150\" height=\"150\" src=\"https:\/\/centralmedia.rs\/wp-content\/uploads\/2021\/12\/milan11-150x150.jpg\" class=\"attachment-thumbnail size-thumbnail\" alt=\"\" \/><\/a>\n\t\t\t<\/div><\/figure><figure class='gallery-item'>\n\t\t\t<div class='gallery-icon landscape'>\n\t\t\t\t<a href='https:\/\/centralmedia.rs\/index.php\/2021\/12\/26\/milan-stamatovic-predsednik-opstine-cajetina-nasi-podvizi-u-nepovoljnoj-godini\/milan10\/'><img loading=\"lazy\" decoding=\"async\" width=\"150\" height=\"150\" src=\"https:\/\/centralmedia.rs\/wp-content\/uploads\/2021\/12\/milan10-150x150.jpg\" class=\"attachment-thumbnail size-thumbnail\" alt=\"\" \/><\/a>\n\t\t\t<\/div><\/figure><figure class='gallery-item'>\n\t\t\t<div class='gallery-icon portrait'>\n\t\t\t\t<a href='https:\/\/centralmedia.rs\/index.php\/2021\/12\/26\/milan-stamatovic-predsednik-opstine-cajetina-nasi-podvizi-u-nepovoljnoj-godini\/milan9\/'><img loading=\"lazy\" decoding=\"async\" width=\"150\" height=\"150\" src=\"https:\/\/centralmedia.rs\/wp-content\/uploads\/2021\/12\/milan9-150x150.jpg\" class=\"attachment-thumbnail size-thumbnail\" alt=\"\" \/><\/a>\n\t\t\t<\/div><\/figure><figure class='gallery-item'>\n\t\t\t<div class='gallery-icon landscape'>\n\t\t\t\t<a href='https:\/\/centralmedia.rs\/index.php\/2021\/12\/26\/milan-stamatovic-predsednik-opstine-cajetina-nasi-podvizi-u-nepovoljnoj-godini\/milan7\/'><img loading=\"lazy\" decoding=\"async\" width=\"150\" height=\"150\" src=\"https:\/\/centralmedia.rs\/wp-content\/uploads\/2021\/12\/milan7-150x150.jpg\" class=\"attachment-thumbnail size-thumbnail\" alt=\"\" \/><\/a>\n\t\t\t<\/div><\/figure><figure class='gallery-item'>\n\t\t\t<div class='gallery-icon landscape'>\n\t\t\t\t<a href='https:\/\/centralmedia.rs\/index.php\/2021\/12\/26\/milan-stamatovic-predsednik-opstine-cajetina-nasi-podvizi-u-nepovoljnoj-godini\/milan6\/'><img loading=\"lazy\" decoding=\"async\" width=\"150\" height=\"150\" src=\"https:\/\/centralmedia.rs\/wp-content\/uploads\/2021\/12\/milan6-150x150.jpg\" class=\"attachment-thumbnail size-thumbnail\" alt=\"\" \/><\/a>\n\t\t\t<\/div><\/figure><figure class='gallery-item'>\n\t\t\t<div class='gallery-icon landscape'>\n\t\t\t\t<a href='https:\/\/centralmedia.rs\/index.php\/2021\/12\/26\/milan-stamatovic-predsednik-opstine-cajetina-nasi-podvizi-u-nepovoljnoj-godini\/milan5\/'><img loading=\"lazy\" decoding=\"async\" width=\"150\" height=\"150\" src=\"https:\/\/centralmedia.rs\/wp-content\/uploads\/2021\/12\/milan5-150x150.jpg\" class=\"attachment-thumbnail size-thumbnail\" alt=\"\" \/><\/a>\n\t\t\t<\/div><\/figure><figure class='gallery-item'>\n\t\t\t<div class='gallery-icon landscape'>\n\t\t\t\t<a href='https:\/\/centralmedia.rs\/index.php\/2021\/12\/26\/milan-stamatovic-predsednik-opstine-cajetina-nasi-podvizi-u-nepovoljnoj-godini\/milan4\/'><img loading=\"lazy\" decoding=\"async\" width=\"150\" height=\"150\" src=\"https:\/\/centralmedia.rs\/wp-content\/uploads\/2021\/12\/milan4-150x150.jpg\" class=\"attachment-thumbnail size-thumbnail\" alt=\"\" \/><\/a>\n\t\t\t<\/div><\/figure>\n\t\t<\/div>\n\n<p>Op\u0161tina stalno ula\u017ee u ure\u0111enje i osavremenjavanje Zlatibora: njegovih ulica, staza, \u0161etali\u0161ta, zdanja, infrastrukture, svih sadr\u017eaja. Za rastere\u0107enje saobra\u0107aja bi\u0107e, nema sumnje, veoma va\u017ena obilaznica kroz centar planine koja \u0107e se uskoro graditi, kao i tri javne gara\u017ee sa oko 1.000 parking mesta.<\/p>\n<div id='gallery-4' class='gallery galleryid-29599 gallery-columns-5 gallery-size-thumbnail'><figure class='gallery-item'>\n\t\t\t<div class='gallery-icon landscape'>\n\t\t\t\t<a href='https:\/\/centralmedia.rs\/index.php\/2021\/12\/26\/milan-stamatovic-predsednik-opstine-cajetina-nasi-podvizi-u-nepovoljnoj-godini\/milan-8\/'><img loading=\"lazy\" decoding=\"async\" width=\"150\" height=\"150\" src=\"https:\/\/centralmedia.rs\/wp-content\/uploads\/2021\/12\/milan-8-150x150.jpg\" class=\"attachment-thumbnail size-thumbnail\" alt=\"\" \/><\/a>\n\t\t\t<\/div><\/figure><figure class='gallery-item'>\n\t\t\t<div class='gallery-icon portrait'>\n\t\t\t\t<a href='https:\/\/centralmedia.rs\/index.php\/2021\/12\/26\/milan-stamatovic-predsednik-opstine-cajetina-nasi-podvizi-u-nepovoljnoj-godini\/milan-15\/'><img loading=\"lazy\" decoding=\"async\" width=\"150\" height=\"150\" src=\"https:\/\/centralmedia.rs\/wp-content\/uploads\/2021\/12\/milan-15-150x150.jpg\" class=\"attachment-thumbnail size-thumbnail\" alt=\"\" \/><\/a>\n\t\t\t<\/div><\/figure><figure class='gallery-item'>\n\t\t\t<div class='gallery-icon landscape'>\n\t\t\t\t<a href='https:\/\/centralmedia.rs\/index.php\/2021\/12\/26\/milan-stamatovic-predsednik-opstine-cajetina-nasi-podvizi-u-nepovoljnoj-godini\/milan-stamatovic1\/'><img loading=\"lazy\" decoding=\"async\" width=\"150\" height=\"150\" src=\"https:\/\/centralmedia.rs\/wp-content\/uploads\/2021\/12\/milan-stamatovic1-150x150.jpg\" class=\"attachment-thumbnail size-thumbnail\" alt=\"\" \/><\/a>\n\t\t\t<\/div><\/figure><figure class='gallery-item'>\n\t\t\t<div class='gallery-icon portrait'>\n\t\t\t\t<a href='https:\/\/centralmedia.rs\/index.php\/2021\/12\/26\/milan-stamatovic-predsednik-opstine-cajetina-nasi-podvizi-u-nepovoljnoj-godini\/milan2\/'><img loading=\"lazy\" decoding=\"async\" width=\"150\" height=\"150\" src=\"https:\/\/centralmedia.rs\/wp-content\/uploads\/2021\/12\/milan2-150x150.jpg\" class=\"attachment-thumbnail size-thumbnail\" alt=\"\" \/><\/a>\n\t\t\t<\/div><\/figure><figure class='gallery-item'>\n\t\t\t<div class='gallery-icon landscape'>\n\t\t\t\t<a href='https:\/\/centralmedia.rs\/index.php\/2021\/12\/26\/milan-stamatovic-predsednik-opstine-cajetina-nasi-podvizi-u-nepovoljnoj-godini\/milan3\/'><img loading=\"lazy\" decoding=\"async\" width=\"150\" height=\"150\" src=\"https:\/\/centralmedia.rs\/wp-content\/uploads\/2021\/12\/milan3-150x150.jpg\" class=\"attachment-thumbnail size-thumbnail\" alt=\"\" \/><\/a>\n\t\t\t<\/div><\/figure>\n\t\t<\/div>\n\n<p>Ne treba zaboraviti ni sve sadr\u017eajnije kulturne programe &#8221;zlatne planine&#8221;, gde je Kulturni centar Zlatibor postao mesto odr\u017eavanja mnogih manifestacija, festivala, predstava, izlo\u017ebi. Pamti\u0107e se i ovogodi\u0161nji festival sportskog filma, koji je, uz kvalitetan program, okupio najzna\u010dajnije li\u010dnosti filma i sporta iz dr\u017eava regiona. Turisti\u010dki Zlatibor se, dakle, sna\u017eno razvija i u nepovoljnom vremenu, a op\u0161tina \u010cajetina kontinuirano ula\u017ee i doprinosi da ovde bude ostvaren zacrtani plan \u2013 milion posetilaca godi\u0161nje, odnosno 10 miliona no\u0107enja \u2013 \u010dijem ostvarenju smo sve bli\u017ei.<\/p>\n","protected":false},"excerpt":{"rendered":"<p>\u010cAJETINA-Zlatiborski turizam, osnova na\u0161eg razvoja i jedan od pokazatelja uspe\u0161nosti rada op\u0161tine \u010cajetina, do\u017eiveo je preporod u 2021. godini. Niz projekata turizmu u korist ostvarili &hellip; <\/p>\n","protected":false},"author":2,"featured_media":29600,"comment_status":"open","ping_status":"open","sticky":false,"template":"","format":"standard","meta":{"footnotes":""},"categories":[2875,1524,2,13,887,12],"tags":[2762,1794,2628],"_links":{"self":[{"href":"https:\/\/centralmedia.rs\/index.php\/wp-json\/wp\/v2\/posts\/29599"}],"collection":[{"href":"https:\/\/centralmedia.rs\/index.php\/wp-json\/wp\/v2\/posts"}],"about":[{"href":"https:\/\/centralmedia.rs\/index.php\/wp-json\/wp\/v2\/types\/post"}],"author":[{"embeddable":true,"href":"https:\/\/centralmedia.rs\/index.php\/wp-json\/wp\/v2\/users\/2"}],"replies":[{"embeddable":true,"href":"https:\/\/centralmedia.rs\/index.php\/wp-json\/wp\/v2\/comments?post=29599"}],"version-history":[{"count":1,"href":"https:\/\/centralmedia.rs\/index.php\/wp-json\/wp\/v2\/posts\/29599\/revisions"}],"predecessor-version":[{"id":29625,"href":"https:\/\/centralmedia.rs\/index.php\/wp-json\/wp\/v2\/posts\/29599\/revisions\/29625"}],"wp:featuredmedia":[{"embeddable":true,"href":"https:\/\/centralmedia.rs\/index.php\/wp-json\/wp\/v2\/media\/29600"}],"wp:attachment":[{"href":"https:\/\/centralmedia.rs\/index.php\/wp-json\/wp\/v2\/media?parent=29599"}],"wp:term":[{"taxonomy":"category","embeddable":true,"href":"https:\/\/centralmedia.rs\/index.php\/wp-json\/wp\/v2\/categories?post=29599"},{"taxonomy":"post_tag","embeddable":true,"href":"https:\/\/centralmedia.rs\/index.php\/wp-json\/wp\/v2\/tags?post=29599"}],"curies":[{"name":"wp","href":"https:\/\/api.w.org\/{rel}","templated":true}]}}