{"id":2985,"date":"2016-04-29T06:37:06","date_gmt":"2016-04-29T06:37:06","guid":{"rendered":"http:\/\/centralmedia.rs\/?p=2985"},"modified":"2016-04-29T06:37:06","modified_gmt":"2016-04-29T06:37:06","slug":"veliki-petak","status":"publish","type":"post","link":"https:\/\/centralmedia.rs\/index.php\/2016\/04\/29\/veliki-petak\/","title":{"rendered":"VELIKI PETAK"},"content":{"rendered":"<p>Pravoslavni hri\u0161\u0107ani obele\u017eavaju Veliki petak, u znak se\u0107anja na dan kada je Isus Hristos raspet na krstu na Golgoti. Dan velike \u017ealosti za hri\u0161\u0107ane obele\u017eava strogim postom, uzdr\u017eavanjem od bilo kakvog veselja i proslava, a tako\u0111e u narodnoj tradiciji je da se tog dana ne rade poslovi u polju i u ku\u0107i. Veliki petak se smatra najtu\u017enijim danom hri\u0161\u0107anstva i na taj dan se ne slu\u017ei liturgija u crkvama.<br \/>\nOd velikog \u010detvrtka do Uskrsa ne ogla\u0161avaju se zvona na crkvama, jer su ona u pravoslavnoj crkvi znak radosti. Pravoslavni hri\u0161\u0107ani u nedelju, 1. maja, obele\u017eavaju Uskrs. Patrijarh Irinej \u010destitao je svim vernicima predstoje\u0107i Vaskrs poru\u010div\u0161i da na ovaj sveti praznik saose\u0107amo sa svim prognanim Srbima i posebno saose\u0107amo sa onima na Kosovu i Metohiji, te da se uprkos stradanjima, na\u0161 narod uvek obnavljao i dizao nastavljaju\u0107i da hoda putem Hristovim. Zato onome ko posrne treba pru\u017eiti ruku, a ne gurati ga u jo\u0161 dublju propast, a da bolesnog treba posetiti i negovati, a zalutalog uputiti na pravi put, rekao je patrijarh. On je istakao da vaskrsenjem svojim Hristos sjedinjuje ovaj svet i raj, a u raj pre svih drugih prima pokajanog razbojnika, daju\u0107i svima nama nadu da na\u0161e \u017eivljenje u pokajanju nije uzaludno.<br \/>\nNarodna verovanja i obi\u010daji<br \/>\nVeliki petak strogo se praznuje. Taj dan je crveno slovo pa se stoga ni\u0161ta ne radi ni od ku\u0107nih, ni od poljskih poslova. \u017dene tog dana ni po koju cenu ne smeju da uzmu iglu u ruke, jer se veruje da \u0107e im na rukama izbiti plikovi.<br \/>\nTog dana po\u0161tuje se strog post, u ku\u0107i se ne pali vatra, ne kuva se \u010dak se i hleb ne mesi tog jutra. Me\u0111utim, Srbi veruju da je najtu\u017eniji dan u hri\u0161\u0107anstvu najbolji za kalemljenje vo\u0107a jer se &#8220;primi sve \u0161to se tog dana nakalemi&#8221;.<br \/>\nTako\u0111e, na ovaj dan ne slu\u0161a se nikakva muzika, ne pu\u0161ta se muzika, a ni crkvena zvona se tog dana ne ogla\u0161avaju.<br \/>\nSrbi veruju i da na Veliki petak ne treba jesti koprive, a osim ovog ima i jo\u0161 \u010dudnijih nehri\u0161\u0107anskih obi\u010daja i verovanja poput onog da koga probada u stomaku treba na taj dan na bolno mesto da stavi odranu ko\u017ea tek ubijenog zeca, kao i da \u017eena nerotkinja koja \u017eeli decu treba da popije malo krvi (?!) zeca ubijenog na taj dan?!<br \/>\nDevojke \u0107e ve\u010deras usnuti budu\u0107eg mu\u017ea<br \/>\nU nekim delovima Srbije veruje se da \u0107e devojke koje na dana\u0161nji danukradu cve\u0107e iz crkvene porte i stave ga pod jastuk u no\u0107i uo\u010di Velike subote sanjati svog budu\u0107eg mu\u017ea. Veruje se i da onog ko danas opere kosu cele slede\u0107e godine ne\u0107e boleti glava kao i da ku\u0107u valja malo pomesti metlom, a onda tu metlu baciti, a sa njom i svo zlo iz ku\u0107e i doma\u0107instva.<br \/>\nCelivanje pla\u0161tanice<br \/>\nPla\u0161tanica se postavlja na posebno ukra\u0161en sto (grob Hristov), ispred oltara. U nekim na\u0161im krajevima, obi\u010daj je da se vernici posle celivanja pla\u0161tanice, provla\u010de ispod stola na koji je polo\u017eena pla\u0161tanica.<br \/>\nPo narodnom verovanju prilikom provla\u010denja, treba se pomoliti Bogu i pomisliti neku lepu \u017eelju, i ta \u017eelja \u0107e biti ispunjena. U ove dane crkva zapoveda najstro\u017ei post bez ribe i ulja. Na Veliki petak po\u017eeljno je ni\u0161ta ne jesti.<\/p>\n","protected":false},"excerpt":{"rendered":"<p>Pravoslavni hri\u0161\u0107ani obele\u017eavaju Veliki petak, u znak se\u0107anja na dan kada je Isus Hristos raspet na krstu na Golgoti. Dan velike \u017ealosti za hri\u0161\u0107ane obele\u017eava &hellip; <\/p>\n","protected":false},"author":4,"featured_media":2986,"comment_status":"open","ping_status":"open","sticky":false,"template":"","format":"standard","meta":{"footnotes":""},"categories":[14,2,12],"tags":[765,757,764],"_links":{"self":[{"href":"https:\/\/centralmedia.rs\/index.php\/wp-json\/wp\/v2\/posts\/2985"}],"collection":[{"href":"https:\/\/centralmedia.rs\/index.php\/wp-json\/wp\/v2\/posts"}],"about":[{"href":"https:\/\/centralmedia.rs\/index.php\/wp-json\/wp\/v2\/types\/post"}],"author":[{"embeddable":true,"href":"https:\/\/centralmedia.rs\/index.php\/wp-json\/wp\/v2\/users\/4"}],"replies":[{"embeddable":true,"href":"https:\/\/centralmedia.rs\/index.php\/wp-json\/wp\/v2\/comments?post=2985"}],"version-history":[{"count":0,"href":"https:\/\/centralmedia.rs\/index.php\/wp-json\/wp\/v2\/posts\/2985\/revisions"}],"wp:featuredmedia":[{"embeddable":true,"href":"https:\/\/centralmedia.rs\/index.php\/wp-json\/wp\/v2\/media\/2986"}],"wp:attachment":[{"href":"https:\/\/centralmedia.rs\/index.php\/wp-json\/wp\/v2\/media?parent=2985"}],"wp:term":[{"taxonomy":"category","embeddable":true,"href":"https:\/\/centralmedia.rs\/index.php\/wp-json\/wp\/v2\/categories?post=2985"},{"taxonomy":"post_tag","embeddable":true,"href":"https:\/\/centralmedia.rs\/index.php\/wp-json\/wp\/v2\/tags?post=2985"}],"curies":[{"name":"wp","href":"https:\/\/api.w.org\/{rel}","templated":true}]}}