{"id":29912,"date":"2021-11-15T23:25:07","date_gmt":"2021-11-15T22:25:07","guid":{"rendered":"http:\/\/centralmedia.rs\/?p=29912"},"modified":"2022-01-03T15:36:55","modified_gmt":"2022-01-03T14:36:55","slug":"hilandar-pod-turskom-vlascu","status":"publish","type":"post","link":"https:\/\/centralmedia.rs\/index.php\/2021\/11\/15\/hilandar-pod-turskom-vlascu\/","title":{"rendered":"HILANDAR POD TURSKOM VLA\u0160\u0106U"},"content":{"rendered":"<p>Turci su vladavinu nad Svetom Gorom zapo\u010deli 1430. godine, ostavili su autonomiju manastirima, ali su nametnuli visok godi\u0161nji hara\u010d. To se o\u010dituje kroz podatak da je dve veka kasnije hara\u010d bio 25 puta ve\u0107i od prvobitnog. Prihodi Hilandara iz mati\u010dne dr\u017eave su prestali, a Turci su nametnuli hra\u010d koji je predstavljao je 1\/10 onog \u0161to su pla\u0107ali ostali manastiri na Svetoj Gori.<\/p>\n<div id='gallery-1' class='gallery galleryid-29912 gallery-columns-7 gallery-size-thumbnail'><figure class='gallery-item'>\n\t\t\t<div class='gallery-icon landscape'>\n\t\t\t\t<a href='https:\/\/centralmedia.rs\/index.php\/2021\/11\/15\/hilandar-pod-turskom-vlascu\/ivan-grozni\/'><img loading=\"lazy\" decoding=\"async\" width=\"150\" height=\"150\" src=\"https:\/\/centralmedia.rs\/wp-content\/uploads\/2021\/12\/ivan-grozni-150x150.png\" class=\"attachment-thumbnail size-thumbnail\" alt=\"\" \/><\/a>\n\t\t\t<\/div><\/figure><figure class='gallery-item'>\n\t\t\t<div class='gallery-icon landscape'>\n\t\t\t\t<a href='https:\/\/centralmedia.rs\/index.php\/2021\/11\/15\/hilandar-pod-turskom-vlascu\/ivan-grozni1\/'><img loading=\"lazy\" decoding=\"async\" width=\"150\" height=\"150\" src=\"https:\/\/centralmedia.rs\/wp-content\/uploads\/2021\/12\/ivan-grozni1-150x150.jpg\" class=\"attachment-thumbnail size-thumbnail\" alt=\"\" \/><\/a>\n\t\t\t<\/div><\/figure><figure class='gallery-item'>\n\t\t\t<div class='gallery-icon portrait'>\n\t\t\t\t<a href='https:\/\/centralmedia.rs\/index.php\/2021\/11\/15\/hilandar-pod-turskom-vlascu\/ivan-grozni2\/'><img loading=\"lazy\" decoding=\"async\" width=\"150\" height=\"150\" src=\"https:\/\/centralmedia.rs\/wp-content\/uploads\/2021\/12\/ivan-grozni2-150x150.jpg\" class=\"attachment-thumbnail size-thumbnail\" alt=\"\" \/><\/a>\n\t\t\t<\/div><\/figure><figure class='gallery-item'>\n\t\t\t<div class='gallery-icon portrait'>\n\t\t\t\t<a href='https:\/\/centralmedia.rs\/index.php\/2021\/11\/15\/hilandar-pod-turskom-vlascu\/ivan-grozni3\/'><img loading=\"lazy\" decoding=\"async\" width=\"150\" height=\"150\" src=\"https:\/\/centralmedia.rs\/wp-content\/uploads\/2021\/12\/ivan-grozni3-150x150.jpg\" class=\"attachment-thumbnail size-thumbnail\" alt=\"\" \/><\/a>\n\t\t\t<\/div><\/figure><figure class='gallery-item'>\n\t\t\t<div class='gallery-icon landscape'>\n\t\t\t\t<a href='https:\/\/centralmedia.rs\/index.php\/2021\/11\/15\/hilandar-pod-turskom-vlascu\/obrenovic-u-hilandaru\/'><img loading=\"lazy\" decoding=\"async\" width=\"150\" height=\"150\" src=\"https:\/\/centralmedia.rs\/wp-content\/uploads\/2021\/12\/obrenovi\u0107-u-hilandaru-150x150.jpg\" class=\"attachment-thumbnail size-thumbnail\" alt=\"\" \/><\/a>\n\t\t\t<\/div><\/figure><figure class='gallery-item'>\n\t\t\t<div class='gallery-icon portrait'>\n\t\t\t\t<a href='https:\/\/centralmedia.rs\/index.php\/2021\/11\/15\/hilandar-pod-turskom-vlascu\/stefan-lll-moldavski\/'><img loading=\"lazy\" decoding=\"async\" width=\"150\" height=\"150\" src=\"https:\/\/centralmedia.rs\/wp-content\/uploads\/2021\/12\/stefan-lll-moldavski-150x150.jpg\" class=\"attachment-thumbnail size-thumbnail\" alt=\"\" \/><\/a>\n\t\t\t<\/div><\/figure><figure class='gallery-item'>\n\t\t\t<div class='gallery-icon landscape'>\n\t\t\t\t<a href='https:\/\/centralmedia.rs\/index.php\/2021\/11\/15\/hilandar-pod-turskom-vlascu\/vlad\/'><img loading=\"lazy\" decoding=\"async\" width=\"150\" height=\"150\" src=\"https:\/\/centralmedia.rs\/wp-content\/uploads\/2021\/12\/vlad-150x150.jpg\" class=\"attachment-thumbnail size-thumbnail\" alt=\"\" \/><\/a>\n\t\t\t<\/div><\/figure>\n\t\t<\/div>\n\n<p>U pomo\u0107 Hilandaru pritekli su vladari iz Rusije, Vla\u0161ke i Moldavije, jer je zapao u dugove. Hilandarski monasi su na pravoslavnim dvorovima prikupljali milostinju. Naziv drugog ktitora i obnovitelja\u00a0 dobio je ruski car Ivan Grozni koji je krajem 16. veka bogato darivao i kod turskog sultana se zalo\u017eio za Hilandar. Posle po\u017eara 1722. godine Hilandar je te\u0161ko o\u0161te\u0107en, a pomo\u0107 za obnovu su kontinuirano slali Srbi iz Hazbur\u0161ke monarhije. Od 18. veka bele\u017ei se sve ve\u0107i uticaj bugarskih monaha u Hilandaru, odnosi Srba i Bugara su na momente bili veoma napeti i lo\u0161i. To je dovelo do prelaska na osobeno\u017eiteljni re\u017eim , manastirom su upravljala dva epitropa sa Savetom staraca, a igumanom se smatrala Bogorodica Trojeru\u010dica \u010dija je ikona postavljena na mestu predvi\u0111enom za stare\u0161inu manastira, gde i danas stoji.<\/p>\n<div id='gallery-2' class='gallery galleryid-29912 gallery-columns-7 gallery-size-thumbnail'><figure class='gallery-item'>\n\t\t\t<div class='gallery-icon landscape'>\n\t\t\t\t<a href='https:\/\/centralmedia.rs\/index.php\/2021\/11\/15\/hilandar-pod-turskom-vlascu\/aleksandar-obrenovic\/'><img loading=\"lazy\" decoding=\"async\" width=\"150\" height=\"150\" src=\"https:\/\/centralmedia.rs\/wp-content\/uploads\/2021\/12\/aleksandar-obrenovi\u0107-150x150.jpg\" class=\"attachment-thumbnail size-thumbnail\" alt=\"\" \/><\/a>\n\t\t\t<\/div><\/figure><figure class='gallery-item'>\n\t\t\t<div class='gallery-icon landscape'>\n\t\t\t\t<a href='https:\/\/centralmedia.rs\/index.php\/2021\/11\/15\/hilandar-pod-turskom-vlascu\/aleksandar-obrenovic1\/'><img loading=\"lazy\" decoding=\"async\" width=\"150\" height=\"150\" src=\"https:\/\/centralmedia.rs\/wp-content\/uploads\/2021\/12\/aleksandar-obrenovi\u01071-150x150.jpg\" class=\"attachment-thumbnail size-thumbnail\" alt=\"\" \/><\/a>\n\t\t\t<\/div><\/figure><figure class='gallery-item'>\n\t\t\t<div class='gallery-icon landscape'>\n\t\t\t\t<a href='https:\/\/centralmedia.rs\/index.php\/2021\/11\/15\/hilandar-pod-turskom-vlascu\/aleksandar-obrenovic2\/'><img loading=\"lazy\" decoding=\"async\" width=\"150\" height=\"150\" src=\"https:\/\/centralmedia.rs\/wp-content\/uploads\/2021\/12\/aleksandar-obrenovi\u01072-150x150.jpg\" class=\"attachment-thumbnail size-thumbnail\" alt=\"\" \/><\/a>\n\t\t\t<\/div><\/figure><figure class='gallery-item'>\n\t\t\t<div class='gallery-icon landscape'>\n\t\t\t\t<a href='https:\/\/centralmedia.rs\/index.php\/2021\/11\/15\/hilandar-pod-turskom-vlascu\/dscn2792\/'><img loading=\"lazy\" decoding=\"async\" width=\"150\" height=\"150\" src=\"https:\/\/centralmedia.rs\/wp-content\/uploads\/2021\/12\/DSCN2792-150x150.jpg\" class=\"attachment-thumbnail size-thumbnail\" alt=\"\" \/><\/a>\n\t\t\t<\/div><\/figure><figure class='gallery-item'>\n\t\t\t<div class='gallery-icon landscape'>\n\t\t\t\t<a href='https:\/\/centralmedia.rs\/index.php\/2021\/11\/15\/hilandar-pod-turskom-vlascu\/dscn2797\/'><img loading=\"lazy\" decoding=\"async\" width=\"150\" height=\"150\" src=\"https:\/\/centralmedia.rs\/wp-content\/uploads\/2021\/12\/DSCN2797-150x150.jpg\" class=\"attachment-thumbnail size-thumbnail\" alt=\"\" \/><\/a>\n\t\t\t<\/div><\/figure><figure class='gallery-item'>\n\t\t\t<div class='gallery-icon landscape'>\n\t\t\t\t<a href='https:\/\/centralmedia.rs\/index.php\/2021\/11\/15\/hilandar-pod-turskom-vlascu\/dscn2813\/'><img loading=\"lazy\" decoding=\"async\" width=\"150\" height=\"150\" src=\"https:\/\/centralmedia.rs\/wp-content\/uploads\/2021\/12\/DSCN2813-150x150.jpg\" class=\"attachment-thumbnail size-thumbnail\" alt=\"\" \/><\/a>\n\t\t\t<\/div><\/figure><figure class='gallery-item'>\n\t\t\t<div class='gallery-icon landscape'>\n\t\t\t\t<a href='https:\/\/centralmedia.rs\/index.php\/2021\/11\/15\/hilandar-pod-turskom-vlascu\/dscn2814\/'><img loading=\"lazy\" decoding=\"async\" width=\"150\" height=\"150\" src=\"https:\/\/centralmedia.rs\/wp-content\/uploads\/2021\/12\/DSCN2814-150x150.jpg\" class=\"attachment-thumbnail size-thumbnail\" alt=\"\" \/><\/a>\n\t\t\t<\/div><\/figure>\n\t\t<\/div>\n\n<p>U situaciji kada je pretilo da Hilandar\u00a0 zbog dugova pre\u0111e u bugarske ruke, 1896. godine manastir je posetio kralj Aleksandar Obrenovi\u0107. Bogato je darivao manastir i otplatio sve dugove, \u010dime je ponovo vratio Hilandar srpskom mona\u0161tvu i uspostavljanju Svete carske srpske lavre u svetosavskom duhu. Hilandarci su darivali Aleksandra sa Mirosavljevim jevan\u0111eljem i najstarijom hilandarskom poveljom Stefana Nemanje, kojoj se gubi svaki trag u Prvom svetskom ratu.<\/p>\n<div id='gallery-3' class='gallery galleryid-29912 gallery-columns-7 gallery-size-thumbnail'><figure class='gallery-item'>\n\t\t\t<div class='gallery-icon landscape'>\n\t\t\t\t<a href='https:\/\/centralmedia.rs\/index.php\/2021\/11\/15\/hilandar-pod-turskom-vlascu\/dscn2815-2\/'><img loading=\"lazy\" decoding=\"async\" width=\"150\" height=\"150\" src=\"https:\/\/centralmedia.rs\/wp-content\/uploads\/2021\/12\/DSCN2815-1-150x150.jpg\" class=\"attachment-thumbnail size-thumbnail\" alt=\"\" \/><\/a>\n\t\t\t<\/div><\/figure><figure class='gallery-item'>\n\t\t\t<div class='gallery-icon landscape'>\n\t\t\t\t<a href='https:\/\/centralmedia.rs\/index.php\/2021\/11\/15\/hilandar-pod-turskom-vlascu\/dscn2826-2\/'><img loading=\"lazy\" decoding=\"async\" width=\"150\" height=\"150\" src=\"https:\/\/centralmedia.rs\/wp-content\/uploads\/2021\/12\/DSCN2826-150x150.jpg\" class=\"attachment-thumbnail size-thumbnail\" alt=\"\" \/><\/a>\n\t\t\t<\/div><\/figure><figure class='gallery-item'>\n\t\t\t<div class='gallery-icon landscape'>\n\t\t\t\t<a href='https:\/\/centralmedia.rs\/index.php\/2021\/11\/15\/hilandar-pod-turskom-vlascu\/dscn2827\/'><img loading=\"lazy\" decoding=\"async\" width=\"150\" height=\"150\" src=\"https:\/\/centralmedia.rs\/wp-content\/uploads\/2021\/12\/DSCN2827-150x150.jpg\" class=\"attachment-thumbnail size-thumbnail\" alt=\"\" \/><\/a>\n\t\t\t<\/div><\/figure><figure class='gallery-item'>\n\t\t\t<div class='gallery-icon landscape'>\n\t\t\t\t<a href='https:\/\/centralmedia.rs\/index.php\/2021\/11\/15\/hilandar-pod-turskom-vlascu\/dscn2828\/'><img loading=\"lazy\" decoding=\"async\" width=\"150\" height=\"150\" src=\"https:\/\/centralmedia.rs\/wp-content\/uploads\/2021\/12\/DSCN2828-150x150.jpg\" class=\"attachment-thumbnail size-thumbnail\" alt=\"\" \/><\/a>\n\t\t\t<\/div><\/figure><figure class='gallery-item'>\n\t\t\t<div class='gallery-icon landscape'>\n\t\t\t\t<a href='https:\/\/centralmedia.rs\/index.php\/2021\/11\/15\/hilandar-pod-turskom-vlascu\/dscn2829\/'><img loading=\"lazy\" decoding=\"async\" width=\"150\" height=\"150\" src=\"https:\/\/centralmedia.rs\/wp-content\/uploads\/2021\/12\/DSCN2829-150x150.jpg\" class=\"attachment-thumbnail size-thumbnail\" alt=\"\" \/><\/a>\n\t\t\t<\/div><\/figure><figure class='gallery-item'>\n\t\t\t<div class='gallery-icon landscape'>\n\t\t\t\t<a href='https:\/\/centralmedia.rs\/index.php\/2021\/10\/29\/zivot-hilandara-u-13-i-14-veku\/dscn2768\/'><img loading=\"lazy\" decoding=\"async\" width=\"150\" height=\"150\" src=\"https:\/\/centralmedia.rs\/wp-content\/uploads\/2021\/12\/DSCN2768-150x150.jpg\" class=\"attachment-thumbnail size-thumbnail\" alt=\"\" \/><\/a>\n\t\t\t<\/div><\/figure><figure class='gallery-item'>\n\t\t\t<div class='gallery-icon landscape'>\n\t\t\t\t<a href='https:\/\/centralmedia.rs\/index.php\/2021\/10\/29\/zivot-hilandara-u-13-i-14-veku\/dscn2766\/'><img loading=\"lazy\" decoding=\"async\" width=\"150\" height=\"150\" src=\"https:\/\/centralmedia.rs\/wp-content\/uploads\/2021\/12\/DSCN2766-150x150.jpg\" class=\"attachment-thumbnail size-thumbnail\" alt=\"\" \/><\/a>\n\t\t\t<\/div><\/figure>\n\t\t<\/div>\n\n<p>Sveta Gora je oslobo\u0111ena turske vlasti 1912. godine, a Balkanski ratovi su pitanje sporenja sa Bugarima oko Hilandaru su re\u0161ena u korist Srba.<\/p>\n<p>Medijski projekat finansira Ministarstvo kulture i informisanja<\/p>\n<p>,, Srpska carska lavra Hilandar &#8211; \u010duvar srpstva i pravoslavlja\u201c<\/p>\n","protected":false},"excerpt":{"rendered":"<p>Turci su vladavinu nad Svetom Gorom zapo\u010deli 1430. godine, ostavili su autonomiju manastirima, ali su nametnuli visok godi\u0161nji hara\u010d. To se o\u010dituje kroz podatak da &hellip; <\/p>\n","protected":false},"author":2,"featured_media":29920,"comment_status":"open","ping_status":"open","sticky":false,"template":"","format":"standard","meta":{"footnotes":""},"categories":[14,5644,2,887,12],"tags":[150,5641],"_links":{"self":[{"href":"https:\/\/centralmedia.rs\/index.php\/wp-json\/wp\/v2\/posts\/29912"}],"collection":[{"href":"https:\/\/centralmedia.rs\/index.php\/wp-json\/wp\/v2\/posts"}],"about":[{"href":"https:\/\/centralmedia.rs\/index.php\/wp-json\/wp\/v2\/types\/post"}],"author":[{"embeddable":true,"href":"https:\/\/centralmedia.rs\/index.php\/wp-json\/wp\/v2\/users\/2"}],"replies":[{"embeddable":true,"href":"https:\/\/centralmedia.rs\/index.php\/wp-json\/wp\/v2\/comments?post=29912"}],"version-history":[{"count":1,"href":"https:\/\/centralmedia.rs\/index.php\/wp-json\/wp\/v2\/posts\/29912\/revisions"}],"predecessor-version":[{"id":29934,"href":"https:\/\/centralmedia.rs\/index.php\/wp-json\/wp\/v2\/posts\/29912\/revisions\/29934"}],"wp:featuredmedia":[{"embeddable":true,"href":"https:\/\/centralmedia.rs\/index.php\/wp-json\/wp\/v2\/media\/29920"}],"wp:attachment":[{"href":"https:\/\/centralmedia.rs\/index.php\/wp-json\/wp\/v2\/media?parent=29912"}],"wp:term":[{"taxonomy":"category","embeddable":true,"href":"https:\/\/centralmedia.rs\/index.php\/wp-json\/wp\/v2\/categories?post=29912"},{"taxonomy":"post_tag","embeddable":true,"href":"https:\/\/centralmedia.rs\/index.php\/wp-json\/wp\/v2\/tags?post=29912"}],"curies":[{"name":"wp","href":"https:\/\/api.w.org\/{rel}","templated":true}]}}