{"id":29935,"date":"2021-11-29T23:51:28","date_gmt":"2021-11-29T22:51:28","guid":{"rendered":"http:\/\/centralmedia.rs\/?p=29935"},"modified":"2022-01-03T15:44:10","modified_gmt":"2022-01-03T14:44:10","slug":"20-i-21-vek-u-hilandaru","status":"publish","type":"post","link":"https:\/\/centralmedia.rs\/index.php\/2021\/11\/29\/20-i-21-vek-u-hilandaru\/","title":{"rendered":"20. I 21. VEK U HILANDARU"},"content":{"rendered":"<p>Hilandar po\u010dinje 20. vek kao srpski manastir, jer se vratilo srpsko mona\u0161tvo \u0161to je bio preduslov za uspostavljanje svetosavskog duha. Posle prevrata u Srbiji 1903. godine Srbijom vlada dinastija Kara\u0111or\u0111evi\u0107. Kralj Petar sa predsednik vlade Nikolom Pa\u0161i\u0107em 1910. godine dolazi u Hilandar. Proces nau\u010dnog izu\u010davanja manastira koji je zapo\u010det sredinom 19. veka, nastavljen je izme\u0111u dva svetska rata. Putnici, nau\u010dnici, istori\u010dari bili su gosti manastira. Njihov rad obezbedio je da srpska svetogorska tradicija bude spasena od zaborava i da se sve nedoumice re\u0161e.<\/p>\n<div id='gallery-1' class='gallery galleryid-29935 gallery-columns-7 gallery-size-thumbnail'><figure class='gallery-item'>\n\t\t\t<div class='gallery-icon landscape'>\n\t\t\t\t<a href='https:\/\/centralmedia.rs\/index.php\/2021\/11\/29\/20-i-21-vek-u-hilandaru\/final1\/'><img loading=\"lazy\" decoding=\"async\" width=\"150\" height=\"150\" src=\"https:\/\/centralmedia.rs\/wp-content\/uploads\/2021\/12\/final1-150x150.jpg\" class=\"attachment-thumbnail size-thumbnail\" alt=\"\" \/><\/a>\n\t\t\t<\/div><\/figure><figure class='gallery-item'>\n\t\t\t<div class='gallery-icon portrait'>\n\t\t\t\t<a href='https:\/\/centralmedia.rs\/index.php\/2021\/11\/29\/20-i-21-vek-u-hilandaru\/final2-2\/'><img loading=\"lazy\" decoding=\"async\" width=\"150\" height=\"150\" src=\"https:\/\/centralmedia.rs\/wp-content\/uploads\/2021\/12\/final2-1-150x150.jpg\" class=\"attachment-thumbnail size-thumbnail\" alt=\"\" \/><\/a>\n\t\t\t<\/div><\/figure><figure class='gallery-item'>\n\t\t\t<div class='gallery-icon landscape'>\n\t\t\t\t<a href='https:\/\/centralmedia.rs\/index.php\/2021\/11\/29\/20-i-21-vek-u-hilandaru\/final3\/'><img loading=\"lazy\" decoding=\"async\" width=\"150\" height=\"150\" src=\"https:\/\/centralmedia.rs\/wp-content\/uploads\/2021\/12\/final3-150x150.jpg\" class=\"attachment-thumbnail size-thumbnail\" alt=\"\" \/><\/a>\n\t\t\t<\/div><\/figure><figure class='gallery-item'>\n\t\t\t<div class='gallery-icon landscape'>\n\t\t\t\t<a href='https:\/\/centralmedia.rs\/index.php\/2021\/11\/29\/20-i-21-vek-u-hilandaru\/hilndar\/'><img loading=\"lazy\" decoding=\"async\" width=\"150\" height=\"150\" src=\"https:\/\/centralmedia.rs\/wp-content\/uploads\/2021\/12\/hilndar-150x150.jpg\" class=\"attachment-thumbnail size-thumbnail\" alt=\"\" \/><\/a>\n\t\t\t<\/div><\/figure><figure class='gallery-item'>\n\t\t\t<div class='gallery-icon landscape'>\n\t\t\t\t<a href='https:\/\/centralmedia.rs\/index.php\/2021\/11\/29\/20-i-21-vek-u-hilandaru\/kralj-petar\/'><img loading=\"lazy\" decoding=\"async\" width=\"150\" height=\"150\" src=\"https:\/\/centralmedia.rs\/wp-content\/uploads\/2021\/12\/kralj-petar-150x150.jpg\" class=\"attachment-thumbnail size-thumbnail\" alt=\"\" \/><\/a>\n\t\t\t<\/div><\/figure><figure class='gallery-item'>\n\t\t\t<div class='gallery-icon landscape'>\n\t\t\t\t<a href='https:\/\/centralmedia.rs\/index.php\/2021\/11\/29\/20-i-21-vek-u-hilandaru\/kralj-petar1\/'><img loading=\"lazy\" decoding=\"async\" width=\"150\" height=\"150\" src=\"https:\/\/centralmedia.rs\/wp-content\/uploads\/2021\/12\/kralj-petar1-150x150.jpg\" class=\"attachment-thumbnail size-thumbnail\" alt=\"\" \/><\/a>\n\t\t\t<\/div><\/figure><figure class='gallery-item'>\n\t\t\t<div class='gallery-icon landscape'>\n\t\t\t\t<a href='https:\/\/centralmedia.rs\/index.php\/2021\/11\/29\/20-i-21-vek-u-hilandaru\/final-4\/'><img loading=\"lazy\" decoding=\"async\" width=\"150\" height=\"150\" src=\"https:\/\/centralmedia.rs\/wp-content\/uploads\/2021\/12\/final-150x150.jpg\" class=\"attachment-thumbnail size-thumbnail\" alt=\"\" \/><\/a>\n\t\t\t<\/div><\/figure>\n\t\t<\/div>\n\n<p>Posle drugog svetskog rata vlast u Jugoslaviji je bila negativna prema SPC, pa u tom smislu i prema svakoj vrsti izu\u010davanja Hilandara. Tek posle dve decenije osnovan je Hilandarski odbor pri Akademiji nauka. Vreme raspada SFRJ o\u017eivelo je interesovanje politi\u010dara za Hilandar. Slobodan Milo\u0161evi\u0107 je helikopterom 1991. godine sleteo u manastirsku ba\u0161tu, koja je postala neplodna, danas je na tom mestu izgra\u0111ena spavaonica za posetioce. Bahatio se na svakom koraku u manastiru, bratstvo je negodovalo zbog njegove posete, iguman Pajsije se nedugo zatim povukao sa te du\u017enosti. Naredni srpski dr\u017eavnik u Hilandaru bio je predsednik SRJ Vojislav Ko\u0161tunica decembra 2000. godine na Vavedenje.<\/p>\n<div id='gallery-2' class='gallery galleryid-29935 gallery-columns-7 gallery-size-thumbnail'><figure class='gallery-item'>\n\t\t\t<div class='gallery-icon portrait'>\n\t\t\t\t<a href='https:\/\/centralmedia.rs\/index.php\/2021\/11\/29\/20-i-21-vek-u-hilandaru\/kostunica\/'><img loading=\"lazy\" decoding=\"async\" width=\"118\" height=\"150\" src=\"https:\/\/centralmedia.rs\/wp-content\/uploads\/2021\/12\/ko\u0161tunica-118x150.jpg\" class=\"attachment-thumbnail size-thumbnail\" alt=\"\" \/><\/a>\n\t\t\t<\/div><\/figure><figure class='gallery-item'>\n\t\t\t<div class='gallery-icon landscape'>\n\t\t\t\t<a href='https:\/\/centralmedia.rs\/index.php\/2021\/11\/29\/20-i-21-vek-u-hilandaru\/kostunica1\/'><img loading=\"lazy\" decoding=\"async\" width=\"150\" height=\"132\" src=\"https:\/\/centralmedia.rs\/wp-content\/uploads\/2021\/12\/ko\u0161tunica1-150x132.jpg\" class=\"attachment-thumbnail size-thumbnail\" alt=\"\" \/><\/a>\n\t\t\t<\/div><\/figure><figure class='gallery-item'>\n\t\t\t<div class='gallery-icon landscape'>\n\t\t\t\t<a href='https:\/\/centralmedia.rs\/index.php\/2021\/11\/29\/20-i-21-vek-u-hilandaru\/kostunica2\/'><img loading=\"lazy\" decoding=\"async\" width=\"150\" height=\"150\" src=\"https:\/\/centralmedia.rs\/wp-content\/uploads\/2021\/12\/ko\u0161tunica2-150x150.jpg\" class=\"attachment-thumbnail size-thumbnail\" alt=\"\" \/><\/a>\n\t\t\t<\/div><\/figure><figure class='gallery-item'>\n\t\t\t<div class='gallery-icon landscape'>\n\t\t\t\t<a href='https:\/\/centralmedia.rs\/index.php\/2021\/11\/29\/20-i-21-vek-u-hilandaru\/kostunica3\/'><img loading=\"lazy\" decoding=\"async\" width=\"150\" height=\"150\" src=\"https:\/\/centralmedia.rs\/wp-content\/uploads\/2021\/12\/ko\u0161tunica3-150x150.jpg\" class=\"attachment-thumbnail size-thumbnail\" alt=\"\" \/><\/a>\n\t\t\t<\/div><\/figure><figure class='gallery-item'>\n\t\t\t<div class='gallery-icon landscape'>\n\t\t\t\t<a href='https:\/\/centralmedia.rs\/index.php\/2021\/11\/29\/20-i-21-vek-u-hilandaru\/kostunica4\/'><img loading=\"lazy\" decoding=\"async\" width=\"150\" height=\"150\" src=\"https:\/\/centralmedia.rs\/wp-content\/uploads\/2021\/12\/ko\u0161tunica4-150x150.jpg\" class=\"attachment-thumbnail size-thumbnail\" alt=\"\" \/><\/a>\n\t\t\t<\/div><\/figure><figure class='gallery-item'>\n\t\t\t<div class='gallery-icon portrait'>\n\t\t\t\t<a href='https:\/\/centralmedia.rs\/index.php\/2021\/11\/29\/20-i-21-vek-u-hilandaru\/kostunica5\/'><img loading=\"lazy\" decoding=\"async\" width=\"150\" height=\"150\" src=\"https:\/\/centralmedia.rs\/wp-content\/uploads\/2021\/12\/ko\u0161tunica5-150x150.jpg\" class=\"attachment-thumbnail size-thumbnail\" alt=\"\" \/><\/a>\n\t\t\t<\/div><\/figure><figure class='gallery-item'>\n\t\t\t<div class='gallery-icon portrait'>\n\t\t\t\t<a href='https:\/\/centralmedia.rs\/index.php\/2021\/11\/29\/20-i-21-vek-u-hilandaru\/kostunica6\/'><img loading=\"lazy\" decoding=\"async\" width=\"150\" height=\"150\" src=\"https:\/\/centralmedia.rs\/wp-content\/uploads\/2021\/12\/ko\u0161tunica6-150x150.jpg\" class=\"attachment-thumbnail size-thumbnail\" alt=\"\" \/><\/a>\n\t\t\t<\/div><\/figure>\n\t\t<\/div>\n\n<p>Do\u010dekan je na Svetoj Gori u Kareji i Vatopedu uz ceremoniju predvi\u0111enu za vladare,a zatim u Hilandaru, prisustvovao je bdenju i liturgiji. Posle smrti proigumana Nikanora u Austriliji 1990. godine Hilandar se vratio na op\u0161te\u017ei\u0161\u0107e i izabrao igumana. Pred kraj turske vlasti manastir je pre\u0161ao na osobeno\u017ei\u0161\u0107e, a igumanija manastira bila Bogorodica Trojeru\u010dica. Od 1990. godine manastir su vodila trojica igumana Pajsije, Mojsije i od 2010. godine Metodije. Tako je Bogorodica preko svoje ikone Trojeru\u010dice \u00a0bila igumanija manastira,a monasi su i po obnovi o\u0161te\u017ei\u0161\u0107a nastavili na isti na\u010din da je po\u0161tuju. Kopija Trojeru\u010dice postavljena je za igumanskim stolom u manastirskoj trpezariji. Po povratku na op\u0161te\u017ei\u0161\u0107e nastupio je period napredka manastira u svakom smislu.<\/p>\n<p>Medijski projekat finansira Ministarstvo kulture i informisanja<\/p>\n<p>,, Srpska carska lavra Hilandar &#8211; \u010duvar srpstva i pravoslavlja\u201c<\/p>\n","protected":false},"excerpt":{"rendered":"<p>Hilandar po\u010dinje 20. vek kao srpski manastir, jer se vratilo srpsko mona\u0161tvo \u0161to je bio preduslov za uspostavljanje svetosavskog duha. Posle prevrata u Srbiji 1903. &hellip; <\/p>\n","protected":false},"author":2,"featured_media":29936,"comment_status":"open","ping_status":"open","sticky":false,"template":"","format":"standard","meta":{"footnotes":""},"categories":[14,5644,2,887,12],"tags":[5639,150],"_links":{"self":[{"href":"https:\/\/centralmedia.rs\/index.php\/wp-json\/wp\/v2\/posts\/29935"}],"collection":[{"href":"https:\/\/centralmedia.rs\/index.php\/wp-json\/wp\/v2\/posts"}],"about":[{"href":"https:\/\/centralmedia.rs\/index.php\/wp-json\/wp\/v2\/types\/post"}],"author":[{"embeddable":true,"href":"https:\/\/centralmedia.rs\/index.php\/wp-json\/wp\/v2\/users\/2"}],"replies":[{"embeddable":true,"href":"https:\/\/centralmedia.rs\/index.php\/wp-json\/wp\/v2\/comments?post=29935"}],"version-history":[{"count":1,"href":"https:\/\/centralmedia.rs\/index.php\/wp-json\/wp\/v2\/posts\/29935\/revisions"}],"predecessor-version":[{"id":29950,"href":"https:\/\/centralmedia.rs\/index.php\/wp-json\/wp\/v2\/posts\/29935\/revisions\/29950"}],"wp:featuredmedia":[{"embeddable":true,"href":"https:\/\/centralmedia.rs\/index.php\/wp-json\/wp\/v2\/media\/29936"}],"wp:attachment":[{"href":"https:\/\/centralmedia.rs\/index.php\/wp-json\/wp\/v2\/media?parent=29935"}],"wp:term":[{"taxonomy":"category","embeddable":true,"href":"https:\/\/centralmedia.rs\/index.php\/wp-json\/wp\/v2\/categories?post=29935"},{"taxonomy":"post_tag","embeddable":true,"href":"https:\/\/centralmedia.rs\/index.php\/wp-json\/wp\/v2\/tags?post=29935"}],"curies":[{"name":"wp","href":"https:\/\/api.w.org\/{rel}","templated":true}]}}