{"id":30015,"date":"2021-12-29T13:58:51","date_gmt":"2021-12-29T12:58:51","guid":{"rendered":"http:\/\/centralmedia.rs\/?p=30015"},"modified":"2022-01-03T15:34:02","modified_gmt":"2022-01-03T14:34:02","slug":"dodela-paketica-najmladima","status":"publish","type":"post","link":"https:\/\/centralmedia.rs\/index.php\/2021\/12\/29\/dodela-paketica-najmladima\/","title":{"rendered":"DODELA PAKETI\u0106A NAJMLA\u0110IMA"},"content":{"rendered":"<p>SVILAJNAC- Op\u0161tina Svilajnac donela je odluku da ne organizuje tradicionalni do\u010dek na trgu, ni prijeme, ve\u0107 da sav novac preusmeri u paketi\u0107e za decu do 10 godina. U sportskoj hali u nekoliko dana preko 1.500 mali\u0161ana dobilo je paketi\u0107e, a prisustvovali su prigodnom novogodi\u0161njem programu. Deda Mraz, njegov pomo\u0107nik i vile uveli\u010dali su mali\u0161anima sve\u010danost.<\/p>\n<div id='gallery-1' class='gallery galleryid-30015 gallery-columns-3 gallery-size-thumbnail'><figure class='gallery-item'>\n\t\t\t<div class='gallery-icon landscape'>\n\t\t\t\t<a href='https:\/\/centralmedia.rs\/index.php\/2021\/12\/29\/dodela-paketica-najmladima\/paketici1-jpg-crdownload\/'><img loading=\"lazy\" decoding=\"async\" width=\"150\" height=\"150\" src=\"https:\/\/centralmedia.rs\/wp-content\/uploads\/2022\/01\/paketi\u0107i1.jpg.crdownload-150x150.jpg\" class=\"attachment-thumbnail size-thumbnail\" alt=\"\" \/><\/a>\n\t\t\t<\/div><\/figure><figure class='gallery-item'>\n\t\t\t<div class='gallery-icon landscape'>\n\t\t\t\t<a href='https:\/\/centralmedia.rs\/index.php\/2021\/12\/29\/dodela-paketica-najmladima\/paketici2-jpg-crdownload\/'><img loading=\"lazy\" decoding=\"async\" width=\"150\" height=\"150\" src=\"https:\/\/centralmedia.rs\/wp-content\/uploads\/2022\/01\/paketi\u0107i2.jpg.crdownload-150x150.jpg\" class=\"attachment-thumbnail size-thumbnail\" alt=\"\" \/><\/a>\n\t\t\t<\/div><\/figure><figure class='gallery-item'>\n\t\t\t<div class='gallery-icon landscape'>\n\t\t\t\t<a href='https:\/\/centralmedia.rs\/index.php\/2021\/12\/29\/dodela-paketica-najmladima\/paketici4-jpg-crdownload\/'><img loading=\"lazy\" decoding=\"async\" width=\"150\" height=\"150\" src=\"https:\/\/centralmedia.rs\/wp-content\/uploads\/2022\/01\/paketi\u0107i4.jpg.crdownload-150x150.jpg\" class=\"attachment-thumbnail size-thumbnail\" alt=\"\" \/><\/a>\n\t\t\t<\/div><\/figure>\n\t\t<\/div>\n\n","protected":false},"excerpt":{"rendered":"<p>SVILAJNAC- Op\u0161tina Svilajnac donela je odluku da ne organizuje tradicionalni do\u010dek na trgu, ni prijeme, ve\u0107 da sav novac preusmeri u paketi\u0107e za decu do &hellip; <\/p>\n","protected":false},"author":2,"featured_media":30016,"comment_status":"open","ping_status":"open","sticky":false,"template":"","format":"standard","meta":{"footnotes":""},"categories":[14,1524,2,887,12,1517],"tags":[2365,355,383,38],"_links":{"self":[{"href":"https:\/\/centralmedia.rs\/index.php\/wp-json\/wp\/v2\/posts\/30015"}],"collection":[{"href":"https:\/\/centralmedia.rs\/index.php\/wp-json\/wp\/v2\/posts"}],"about":[{"href":"https:\/\/centralmedia.rs\/index.php\/wp-json\/wp\/v2\/types\/post"}],"author":[{"embeddable":true,"href":"https:\/\/centralmedia.rs\/index.php\/wp-json\/wp\/v2\/users\/2"}],"replies":[{"embeddable":true,"href":"https:\/\/centralmedia.rs\/index.php\/wp-json\/wp\/v2\/comments?post=30015"}],"version-history":[{"count":1,"href":"https:\/\/centralmedia.rs\/index.php\/wp-json\/wp\/v2\/posts\/30015\/revisions"}],"predecessor-version":[{"id":30020,"href":"https:\/\/centralmedia.rs\/index.php\/wp-json\/wp\/v2\/posts\/30015\/revisions\/30020"}],"wp:featuredmedia":[{"embeddable":true,"href":"https:\/\/centralmedia.rs\/index.php\/wp-json\/wp\/v2\/media\/30016"}],"wp:attachment":[{"href":"https:\/\/centralmedia.rs\/index.php\/wp-json\/wp\/v2\/media?parent=30015"}],"wp:term":[{"taxonomy":"category","embeddable":true,"href":"https:\/\/centralmedia.rs\/index.php\/wp-json\/wp\/v2\/categories?post=30015"},{"taxonomy":"post_tag","embeddable":true,"href":"https:\/\/centralmedia.rs\/index.php\/wp-json\/wp\/v2\/tags?post=30015"}],"curies":[{"name":"wp","href":"https:\/\/api.w.org\/{rel}","templated":true}]}}